{"id":127744,"date":"2025-12-28T09:35:09","date_gmt":"2025-12-28T09:35:09","guid":{"rendered":"https:\/\/www.europesays.com\/fi\/127744\/"},"modified":"2025-12-28T09:35:09","modified_gmt":"2025-12-28T09:35:09","slug":"raimo-helminen-kritisoi-itseaan-ja-kertoi-yhdella-sanalla-mita-pitaa-parantaa","status":"publish","type":"post","link":"https:\/\/www.europesays.com\/fi\/127744\/","title":{"rendered":"Raimo Helminen kritisoi itse\u00e4\u00e4n ja kertoi yhdell\u00e4 sanalla, mit\u00e4 pit\u00e4\u00e4 parantaa"},"content":{"rendered":"<p>Raimo Helminen aikoo katsoa peiliin.<\/p>\n<p class=\"article-body mb-nof-24 px-nof-16\">Kalevan Pallo p\u00e4ihitti kotikaukalossaan Saimaan Pallon miesten j\u00e4\u00e4kiekkoliigan lauantain pelikierroksella 4\u20132 (1\u20131, 0\u20131, 3\u20130).<\/p>\n<p class=\"article-body mb-nof-24 px-nof-16\">SaiPan p\u00e4\u00e4valmentaja <a class=\"article-personlink\" href=\"https:\/\/www.aamulehti.fi\/haku\/?query=Raimo%20Helminen\" rel=\"nofollow noopener\" target=\"_blank\">Raimo Helminen<\/a>, 61, onnitteli lehdist\u00f6tilaisuudessa rehdisti KalPaa voitosta ja syytteli armotta itse\u00e4\u00e4n.<\/p>\n<p class=\"article-body mb-nof-24 px-nof-16\">\u201dOlimme per\u00e4ss\u00e4 v\u00e4h\u00e4n koko ajan. Me olemme v\u00e4h\u00e4n kadottaneet identiteetti\u00e4mme. Se on tietenkin meik\u00e4l\u00e4isen syy. T\u00e4ytyy peiliin katsoa. Yritet\u00e4\u00e4n parantaa\u201d, Helminen sanoi.<\/p>\n<p class=\"article-body mb-nof-24 px-nof-16\">Helmiselt\u00e4 kysyttiin, ett\u00e4 miss\u00e4 asioissa h\u00e4n haluaisi erityisesti parannusta.<\/p>\n<p class=\"article-body mb-nof-24 px-nof-16\">\u201dKaikissa\u201d, kuului vastaus.<\/p>\n<p class=\"article-body mb-nof-24 px-nof-16\">SaiPa k\u00e4rsi kaksi tappiota lyhyen ajan sis\u00e4\u00e4n KalPalle. Tapaninp\u00e4iv\u00e4n\u00e4 KalPa kukisti Lappeenrannassa SaiPan 5\u20133 ja lauantaina KalPa oli siis parempi lukemin 4\u20132.<\/p>\n<p class=\"article-body mb-nof-24 px-nof-16\">KalPan p\u00e4\u00e4valmentaja <a class=\"article-personlink\" href=\"https:\/\/www.aamulehti.fi\/haku\/?query=Sami%20Tervonen\" rel=\"nofollow noopener\" target=\"_blank\">Sami Tervonen<\/a>, 34, antoi Helmisen synkist\u00e4 puheista huolimatta tunnustusta SaiPalle.<\/p>\n<p class=\"article-body mb-nof-24 px-nof-16\">\u201dSaiPa on \u00e4\u00e4rett\u00f6m\u00e4n laadukas joukkue t\u00e4ll\u00e4 hetkell\u00e4. Heill\u00e4 on luisteluvoima ihan mielet\u00f6n. Se vaatii joka \u201dsylinterin\u201d, ett\u00e4 siihen pystyy vastaamaan\u201d, Tervonen sanoi lehdist\u00f6tilaisuudessa lauantaina.<\/p>\n<p class=\"article-body mb-nof-24 px-nof-16\">SaiPa on SM-liigan sarjataulukossa kuudentena ja KalPa kahdeksantena. Sarjan k\u00e4rjess\u00e4 on Tappara.<\/p>\n","protected":false},"excerpt":{"rendered":"Raimo Helminen aikoo katsoa peiliin. Kalevan Pallo p\u00e4ihitti kotikaukalossaan Saimaan Pallon miesten j\u00e4\u00e4kiekkoliigan lauantain pelikierroksella 4\u20132 (1\u20131, 0\u20131,&hellip;\n","protected":false},"author":2,"featured_media":127745,"comment_status":"","ping_status":"","sticky":false,"template":"","format":"standard","meta":{"footnotes":""},"categories":[158],"tags":[157,33,31,30,159,32,160],"class_list":{"0":"post-127744","1":"post","2":"type-post","3":"status-publish","4":"format-standard","5":"has-post-thumbnail","7":"category-urheilu","8":"tag-aamulehti","9":"tag-fi","10":"tag-finland","11":"tag-finnish","12":"tag-sports","13":"tag-suomi","14":"tag-urheilu"},"share_on_mastodon":{"url":"https:\/\/pubeurope.com\/@fi\/115796517233047576","error":""},"_links":{"self":[{"href":"https:\/\/www.europesays.com\/fi\/wp-json\/wp\/v2\/posts\/127744","targetHints":{"allow":["GET"]}}],"collection":[{"href":"https:\/\/www.europesays.com\/fi\/wp-json\/wp\/v2\/posts"}],"about":[{"href":"https:\/\/www.europesays.com\/fi\/wp-json\/wp\/v2\/types\/post"}],"author":[{"embeddable":true,"href":"https:\/\/www.europesays.com\/fi\/wp-json\/wp\/v2\/users\/2"}],"replies":[{"embeddable":true,"href":"https:\/\/www.europesays.com\/fi\/wp-json\/wp\/v2\/comments?post=127744"}],"version-history":[{"count":0,"href":"https:\/\/www.europesays.com\/fi\/wp-json\/wp\/v2\/posts\/127744\/revisions"}],"wp:featuredmedia":[{"embeddable":true,"href":"https:\/\/www.europesays.com\/fi\/wp-json\/wp\/v2\/media\/127745"}],"wp:attachment":[{"href":"https:\/\/www.europesays.com\/fi\/wp-json\/wp\/v2\/media?parent=127744"}],"wp:term":[{"taxonomy":"category","embeddable":true,"href":"https:\/\/www.europesays.com\/fi\/wp-json\/wp\/v2\/categories?post=127744"},{"taxonomy":"post_tag","embeddable":true,"href":"https:\/\/www.europesays.com\/fi\/wp-json\/wp\/v2\/tags?post=127744"}],"curies":[{"name":"wp","href":"https:\/\/api.w.org\/{rel}","templated":true}]}}