{"id":127756,"date":"2025-12-28T09:42:08","date_gmt":"2025-12-28T09:42:08","guid":{"rendered":"https:\/\/www.europesays.com\/fi\/127756\/"},"modified":"2025-12-28T09:42:08","modified_gmt":"2025-12-28T09:42:08","slug":"pate-mustajarven-perheelta-tunteikas-julkaisu","status":"publish","type":"post","link":"https:\/\/www.europesays.com\/fi\/127756\/","title":{"rendered":"Pate Mustaj\u00e4rven perheelt\u00e4 tunteikas julkaisu"},"content":{"rendered":"<p>Edesmenneen Pate Mustaj\u00e4rven omaiset kiitt\u00e4v\u00e4t ihmisi\u00e4 muistamisesta.<\/p>\n<p class=\"article-body mb-nof-24 px-nof-16\">Tapaninp\u00e4iv\u00e4n\u00e4 kuolleen muusikko <a class=\"article-personlink\" href=\"https:\/\/www.is.fi\/haku\/?query=Pauli%20%E2%80%9DPate%E2%80%9D%20Mustaj%C3%A4rven\" rel=\"nofollow noopener\" target=\"_blank\">Pauli \u201dPate\u201d Mustaj\u00e4rven<\/a> l\u00e4hipiiri on julkaissut koskettavan viestin.<\/p>\n<p class=\"article-body mb-nof-24 px-nof-16\">\u2013 Kiitos niist\u00e4 tuhansista ja taas tuhansista Paulin poismenon johdosta perheellemme osoitetuista my\u00f6t\u00e4el\u00e4misist\u00e4 ja osanotoista. On ollut koskettavaa saada todeta, kuinka t\u00e4rke\u00e4 Pauli on ollut my\u00f6s niin monelle teist\u00e4, Mustaj\u00e4rven virallisella Instagram-tilill\u00e4 julkaistussa p\u00e4ivityksess\u00e4 lukee.<\/p>\n<p class=\"article-body mb-nof-24 px-nof-16\">\u2013 Portinpielemme on t\u00e4yttynyt kynttil\u00f6ist\u00e4 ja puhelimemme viesteist\u00e4. Vaikka suru ja ik\u00e4v\u00e4 perheenj\u00e4senen kuoltua on \u00e4\u00e4rett\u00f6m\u00e4n raskas kantaa, arjen ja el\u00e4m\u00e4n on jatkuttava, viesti jatkuu.<\/p>\n<p class=\"article-body mb-nof-24 px-nof-16\">Samalla Mustaj\u00e4rven l\u00e4heiset pyyt\u00e4v\u00e4t medialta ja kansalaisilta rauhaa sek\u00e4 yksityisyytt\u00e4 surun keskell\u00e4.<\/p>\n<p class=\"article-body mb-nof-24 px-nof-16\">P\u00e4ivityksen yhteyteen on lis\u00e4tty kuva esiintymislavalta, jossa on tyhj\u00e4 tuoli sek\u00e4 mikrofoni.<\/p>\n<p class=\"article-body mb-nof-24 px-nof-16\">Popeda-yhtyeen pitk\u00e4aikaisena keulahahmona tunnetun Mustaj\u00e4rven kuolemasta kerrottiin tapaninp\u00e4iv\u00e4n\u00e4. Suru-uutinen julkaistiin h\u00e4nen virallisella Instagram-tilill\u00e4\u00e4n.<\/p>\n<p class=\"article-body mb-nof-24 px-nof-16\">Viime aikoina Mustaj\u00e4rvi k\u00e4rsi vakavista terveysvaivoista.<\/p>\n<p class=\"article-body mb-nof-24 px-nof-16\">Lokakuussa h\u00e4n kertoi sosiaalisessa mediassa, ett\u00e4 h\u00e4nelt\u00e4 oli l\u00f6ydetty kasvain. Marraskuussa Mustaj\u00e4rvi vahvisti, ett\u00e4 kyseess\u00e4 oli sy\u00f6p\u00e4.<\/p>\n","protected":false},"excerpt":{"rendered":"Edesmenneen Pate Mustaj\u00e4rven omaiset kiitt\u00e4v\u00e4t ihmisi\u00e4 muistamisesta. Tapaninp\u00e4iv\u00e4n\u00e4 kuolleen muusikko Pauli \u201dPate\u201d Mustaj\u00e4rven l\u00e4hipiiri on julkaissut koskettavan viestin.&hellip;\n","protected":false},"author":2,"featured_media":127757,"comment_status":"","ping_status":"","sticky":false,"template":"","format":"standard","meta":{"footnotes":""},"categories":[5],"tags":[22,23,26,27,33,31,30,17,34,24,25,28,29,15,18,21,32,19,20,16],"class_list":{"0":"post-127756","1":"post","2":"type-post","3":"status-publish","4":"format-standard","5":"has-post-thumbnail","7":"category-otsikot","8":"tag-breaking-news","9":"tag-breakingnews","10":"tag-featured-news","11":"tag-featurednews","12":"tag-fi","13":"tag-finland","14":"tag-finnish","15":"tag-headlines","16":"tag-ilta-sanomat","17":"tag-latest-news","18":"tag-latestnews","19":"tag-main-news","20":"tag-mainnews","21":"tag-news","22":"tag-otsikot","23":"tag-paauutiset","24":"tag-suomi","25":"tag-top-stories","26":"tag-topstories","27":"tag-uutiset"},"share_on_mastodon":{"url":"https:\/\/pubeurope.com\/@fi\/115796544242755718","error":""},"_links":{"self":[{"href":"https:\/\/www.europesays.com\/fi\/wp-json\/wp\/v2\/posts\/127756","targetHints":{"allow":["GET"]}}],"collection":[{"href":"https:\/\/www.europesays.com\/fi\/wp-json\/wp\/v2\/posts"}],"about":[{"href":"https:\/\/www.europesays.com\/fi\/wp-json\/wp\/v2\/types\/post"}],"author":[{"embeddable":true,"href":"https:\/\/www.europesays.com\/fi\/wp-json\/wp\/v2\/users\/2"}],"replies":[{"embeddable":true,"href":"https:\/\/www.europesays.com\/fi\/wp-json\/wp\/v2\/comments?post=127756"}],"version-history":[{"count":0,"href":"https:\/\/www.europesays.com\/fi\/wp-json\/wp\/v2\/posts\/127756\/revisions"}],"wp:featuredmedia":[{"embeddable":true,"href":"https:\/\/www.europesays.com\/fi\/wp-json\/wp\/v2\/media\/127757"}],"wp:attachment":[{"href":"https:\/\/www.europesays.com\/fi\/wp-json\/wp\/v2\/media?parent=127756"}],"wp:term":[{"taxonomy":"category","embeddable":true,"href":"https:\/\/www.europesays.com\/fi\/wp-json\/wp\/v2\/categories?post=127756"},{"taxonomy":"post_tag","embeddable":true,"href":"https:\/\/www.europesays.com\/fi\/wp-json\/wp\/v2\/tags?post=127756"}],"curies":[{"name":"wp","href":"https:\/\/api.w.org\/{rel}","templated":true}]}}