{"id":127765,"date":"2025-12-28T10:06:09","date_gmt":"2025-12-28T10:06:09","guid":{"rendered":"https:\/\/www.europesays.com\/fi\/127765\/"},"modified":"2025-12-28T10:06:09","modified_gmt":"2025-12-28T10:06:09","slug":"puola-rakentaa-puolustusmuureja-venajaa-vastaan-uutisia-lyhyesti","status":"publish","type":"post","link":"https:\/\/www.europesays.com\/fi\/127765\/","title":{"rendered":"Puola rakentaa puolustusmuureja Ven\u00e4j\u00e4\u00e4 vastaan | Uutisia lyhyesti"},"content":{"rendered":"<p class=\"aw-1gybjub aw-5vja16 kEtdKx kmuxyA yle__article__paragraph\">J\u00e4rjestelmien on m\u00e4\u00e4r\u00e4 valmistua kahdessa vuodessa.<\/p>\n<p class=\"aw-1gybjub aw-1p7kakr kEtdKx cEmitX yle__article__paragraph\">Puolassa on k\u00e4ynniss\u00e4 suuri rakennushanke, jolla maa turvaa it\u00e4rajaansa Ven\u00e4j\u00e4\u00e4 vastaan, kertoo <a class=\"aw-iao6s4 iHOxEa yle__article__link\" href=\"https:\/\/www.theguardian.com\/world\/2025\/dec\/27\/poland-anti-drone-fortifications-eastern-borders-cezary-tomczyk\" role=\"link\" rel=\"nofollow noopener\" target=\"_blank\">brittilehti The Guardian<\/a>.<\/p>\n<p class=\"aw-1gybjub aw-1p7kakr kEtdKx cEmitX yle__article__paragraph\">Sotilaallisia rakennelmia kaivetaan Ven\u00e4j\u00e4n omistaman Kaliningradin, samoin kuin Valko-Ven\u00e4j\u00e4n rajalle. Jokaiseen rajan l\u00e4hell\u00e4 olevaan asutuskeskukseen luodaan huoltokeskus, josta asevoimat voi saada tarvikkeita muutaman tunnin varoitusajalla, kertoo lehden haastattelema Puolan apulaispuolustusministeri <strong class=\"aw-ak79eh KyCXm yle__article__strong\">Cezary Tomczyk.<\/strong><\/p>\n<p class=\"aw-1gybjub aw-1p7kakr kEtdKx cEmitX yle__article__paragraph\">Puola valmistelee samalla droonintorjuntansa tehostamista. Tomczyk ei t\u00e4smenn\u00e4, millaisia asej\u00e4rjestelmi\u00e4 uuteen droonimuuriin on tarkoitus lis\u00e4t\u00e4. Drooneja kehitet\u00e4\u00e4n t\u00e4ll\u00e4 hetkell\u00e4 \u00e4\u00e4rimm\u00e4isen nopeasti, samoin kuin niiden torjuntakeinoja.<\/p>\n<p class=\"aw-1gybjub aw-1p7kakr kEtdKx cEmitX yle__article__paragraph\">Ensimm\u00e4iset droonimuurin osat on m\u00e4\u00e4r\u00e4tty otettaviksi k\u00e4ytt\u00f6\u00f6n puolen vuoden kuluessa. Koko j\u00e4rjestelm\u00e4n on m\u00e4\u00e4r\u00e4 olla valmis kahden vuoden sis\u00e4ll\u00e4.<\/p>\n<p class=\"aw-1gybjub aw-1p7kakr kEtdKx cEmitX yle__article__paragraph\">Droonimuuri yhdistet\u00e4\u00e4n jo olemassa olevaan, monitasoiseen ilmapuolustusj\u00e4rjestelm\u00e4\u00e4n, joka koostuu konekiv\u00e4\u00e4reist\u00e4, pikatykeist\u00e4, ohjuksista ja droonien elektronisesta h\u00e4irinn\u00e4st\u00e4.<\/p>\n<p class=\"aw-1gybjub aw-1p7kakr kEtdKx cEmitX yle__article__paragraph\">Puola, samoin kuin muutkin Ven\u00e4j\u00e4n naapurimaat, saivat her\u00e4tyksen ilmatorjunnan kehitt\u00e4miseen, kun Ven\u00e4j\u00e4 l\u00e4hetti syyskuussa parikymment\u00e4 aseistamatonta Geran-droonia Puolan ilmatilaan. Puolan puolustusministerin <strong class=\"aw-ak79eh KyCXm yle__article__strong\">Rados\u0142aw Sikorskin<\/strong> mukaan Ven\u00e4j\u00e4 \u201dtestasi Puolan valmiutta keinolla, joka ei kuitenkaan johtaisi sotaan\u201d.<\/p>\n<p class=\"aw-1gybjub aw-1p7kakr kEtdKx cEmitX yle__article__paragraph\">Puolan valmius droonientorjuntaan osoittautui heikoksi, sill\u00e4 ne aiheuttivat suurta h\u00e4mminki\u00e4, mutta silti eri Nato-maiden ilmavoimienkaan avulla drooneista ammuttiin alas vain muutama.<\/p>\n","protected":false},"excerpt":{"rendered":"J\u00e4rjestelmien on m\u00e4\u00e4r\u00e4 valmistua kahdessa vuodessa. Puolassa on k\u00e4ynniss\u00e4 suuri rakennushanke, jolla maa turvaa it\u00e4rajaansa Ven\u00e4j\u00e4\u00e4 vastaan, kertoo&hellip;\n","protected":false},"author":2,"featured_media":74,"comment_status":"","ping_status":"","sticky":false,"template":"","format":"standard","meta":{"footnotes":""},"categories":[14],"tags":[22604,22,23,759,26,27,33,31,30,17,20076,4258,24,25,28,29,15,18,21,2700,32,19,20,56,16,547,59,60,61],"class_list":{"0":"post-127765","1":"post","2":"type-post","3":"status-publish","4":"format-standard","5":"has-post-thumbnail","7":"category-ulkomaat","8":"tag-asejarjestelmat","9":"tag-breaking-news","10":"tag-breakingnews","11":"tag-droonit","12":"tag-featured-news","13":"tag-featurednews","14":"tag-fi","15":"tag-finland","16":"tag-finnish","17":"tag-headlines","18":"tag-ilmatorjunta","19":"tag-konfliktit","20":"tag-latest-news","21":"tag-latestnews","22":"tag-main-news","23":"tag-mainnews","24":"tag-news","25":"tag-otsikot","26":"tag-paauutiset","27":"tag-puola","28":"tag-suomi","29":"tag-top-stories","30":"tag-topstories","31":"tag-ulkomaat","32":"tag-uutiset","33":"tag-venaja","34":"tag-world","35":"tag-world-news","36":"tag-worldnews"},"share_on_mastodon":{"url":"","error":""},"_links":{"self":[{"href":"https:\/\/www.europesays.com\/fi\/wp-json\/wp\/v2\/posts\/127765","targetHints":{"allow":["GET"]}}],"collection":[{"href":"https:\/\/www.europesays.com\/fi\/wp-json\/wp\/v2\/posts"}],"about":[{"href":"https:\/\/www.europesays.com\/fi\/wp-json\/wp\/v2\/types\/post"}],"author":[{"embeddable":true,"href":"https:\/\/www.europesays.com\/fi\/wp-json\/wp\/v2\/users\/2"}],"replies":[{"embeddable":true,"href":"https:\/\/www.europesays.com\/fi\/wp-json\/wp\/v2\/comments?post=127765"}],"version-history":[{"count":0,"href":"https:\/\/www.europesays.com\/fi\/wp-json\/wp\/v2\/posts\/127765\/revisions"}],"wp:featuredmedia":[{"embeddable":true,"href":"https:\/\/www.europesays.com\/fi\/wp-json\/wp\/v2\/media\/74"}],"wp:attachment":[{"href":"https:\/\/www.europesays.com\/fi\/wp-json\/wp\/v2\/media?parent=127765"}],"wp:term":[{"taxonomy":"category","embeddable":true,"href":"https:\/\/www.europesays.com\/fi\/wp-json\/wp\/v2\/categories?post=127765"},{"taxonomy":"post_tag","embeddable":true,"href":"https:\/\/www.europesays.com\/fi\/wp-json\/wp\/v2\/tags?post=127765"}],"curies":[{"name":"wp","href":"https:\/\/api.w.org\/{rel}","templated":true}]}}