{"id":127766,"date":"2025-12-28T10:07:13","date_gmt":"2025-12-28T10:07:13","guid":{"rendered":"https:\/\/www.europesays.com\/fi\/127766\/"},"modified":"2025-12-28T10:07:13","modified_gmt":"2025-12-28T10:07:13","slug":"hannes-myrskyn-saldo-lapissa-lapin-pelastuslaitoksella-noin-70-myrskyyn-liittyvaa-tehtavaa-junat-jopa-kahdeksan-tuntia-myohassa-lentoliikenne-palautumassa-normaaliksi-vaiheittain","status":"publish","type":"post","link":"https:\/\/www.europesays.com\/fi\/127766\/","title":{"rendered":"Hannes-myrskyn saldo Lapissa: Lapin pelastuslaitoksella noin 70 myrskyyn liittyv\u00e4\u00e4 teht\u00e4v\u00e4\u00e4, junat jopa kahdeksan tuntia my\u00f6h\u00e4ss\u00e4, lentoliikenne palautumassa normaaliksi vaiheittain"},"content":{"rendered":"<p>    <img decoding=\"async\" class=\"responsive-image article__image-image lozad\"   src=\"https:\/\/www.europesays.com\/fi\/wp-content\/uploads\/2025\/12\/1766916433_14_kw6d-I-Tk0Q0vPDjHA6pCcjiOM-4LNR1kmtar0XFc9rlJpM6kNSiTTRGTN7OCK0WrtV1d80JvOvU_6XDK6vmKv09HjcBZTGxm9I6.jpeg\" alt=\"Kaatuneet puut aiheuttivat omaisuusvahinkoja, mutta kenenk\u00e4\u00e4n ei tiedet\u00e4 loukkaantuneen. T\u00e4m\u00e4 puu kaatui auton p\u00e4\u00e4lle Torniossa.\"\/><\/p>\n<p>\n                Kaatuneet puut aiheuttivat omaisuusvahinkoja, mutta kenenk\u00e4\u00e4n ei tiedet\u00e4 loukkaantuneen. T\u00e4m\u00e4 puu kaatui auton p\u00e4\u00e4lle Torniossa.\n              <\/p>\n<p>\n                Kuva: Lukijan kuva\n              <\/p>\n<p class=\"article__paragraph\">\n      Hannes-myrsky piti Lapin pelastuslaitoksen v\u00e4en kiireisen\u00e4.\n    <\/p>\n<p class=\"article__paragraph\">\n      \u2013\u202fKaikkiaan 74 teht\u00e4v\u00e4\u00e4 oli Lapin alueella lauantain aikana, joista 68 oli myrskyst\u00e4 johtuvia, ynn\u00e4\u00e4 Lapin pelastuslaitoksen p\u00e4ivyst\u00e4v\u00e4 palomestari Ville Rankinen.\n    <\/p>\n<p class=\"article__paragraph\">\n      Kaatuneet puut aiheuttivat jonkin verran omaisuusvahinkoja, mutta kukaan ei puiden kaatumisissa kuitenkaan loukkaantunut.\n    <\/p>\n<p class=\"article__paragraph\">\n      Samaan aikaan huono ajokeli aiheutti muutamia teht\u00e4vi\u00e4, mutta vakavilta loukkaantumisilta v\u00e4ltyttiin.\n    <\/p>\n<p class=\"article__paragraph\">\n      Suurimmalla miehityksell\u00e4 pelastuslaitoksen yksik\u00f6t l\u00e4htiv\u00e4t lauantaina Kittil\u00e4n lentokent\u00e4lle, miss\u00e4 kova tuuli oli aiheuttanut matkustajakoneen ja pienkoneen luisumisen lumipenkkaan.\n    <\/p>\n<p>    Lue lis\u00e4\u00e4<br \/>\n    <br \/>\n    <a href=\"https:\/\/www.lapinkansa.fi\/rovaniemen-lentoliikenne-kaynnistyi-uudelleen-peru\/12468809\" rel=\"nofollow noopener\" target=\"_blank\">Ro\u00adva\u00adnie\u00admen len\u00adto\u00adlii\u00adken\u00adne k\u00e4yn\u00adnis\u00adtyi uu\u00addel\u00adleen \u2013 pe\u00adrut\u00adtu\u00adjen len\u00adto\u00adjen mat\u00adkus\u00adta\u00adjat etsiv\u00e4t ma\u00adja\u00adpaik\u00adko\u00adja<\/a><\/p>\n<p class=\"article__paragraph\">\n      Viikonlopun vakavin onnettomuus tapahtui Inarissa lauantaina aamuy\u00f6ll\u00e4, kun risteykssen ajanut nuori kuljettaja ei saanut autoa pys\u00e4htym\u00e4\u00e4n ja t\u00f6rm\u00e4si nelostiet\u00e4 ajaneeseen autoon. Kaksi henkil\u00f6\u00e4 loukkaantui kolarissa vakavasti.\n    <\/p>\n<p>    Lue lis\u00e4\u00e4<br \/>\n    <br \/>\n    <a href=\"https:\/\/www.lapinkansa.fi\/kaksi-henkiloa-loukkaantui-vakavasti-kahden-auton\/12468551\" rel=\"nofollow noopener\" target=\"_blank\">Kaksi hen\u00adki\u00adl\u00f6\u00e4 louk\u00adkaan\u00adtui va\u00adka\u00advas\u00adti kahden auton t\u00f6r\u00adm\u00e4yk\u00adses\u00ads\u00e4 Ina\u00adris\u00adsa \u2013 si\u00advu\u00adtiel\u00adt\u00e4 tul\u00adleel\u00adla nuo\u00adrel\u00adla mie\u00adhel\u00adl\u00e4 ei ollut ajo\u00adkort\u00adtia<\/a><\/p>\n<p class=\"article__paragraph\">\n      Myrsky vei s\u00e4hk\u00f6t Lapissakin parilta tuhannelta, mutta s\u00e4hk\u00f6t palautuivat jo illan aikana, eik\u00e4 sunnuntaiaamuna Lapissa ollut yht\u00e4\u00e4n taloutta ilman s\u00e4hk\u00f6\u00e4.\n    <\/p>\n<p class=\"article__paragraph\">\n      Myrskytuhojen raivausty\u00f6t jatkuvat Rankisen mukaan Lapin pelastuslaitoksella viel\u00e4 sunnuntaina, jonne siirrettiin muutamia kiireett\u00f6m\u00e4mpi\u00e4 teht\u00e4vi\u00e4.\n    <\/p>\n<p>      Lapin lentokent\u00e4t purkavat jonojaan<\/p>\n<p class=\"article__paragraph\">\n      Myrskyn vuoksi Ivalon, Rovaniemen ja Kittil\u00e4n lentoasemat jouduttiin lauantai-iltana sulkemaan lentoliikenteelt\u00e4. Lentoliikenne k\u00e4ynnistyi uudelleen Kittil\u00e4n lentoasemalla noin kello 20, \u00a0Ivalon lentoasemalla noin kello 21 ja Rovaniemen lentoasemalla noin kello 22.40.\n    <\/p>\n<p class=\"article__paragraph\">\n      Monia lentoja jouduttiin kuitenkin perumaan, ohjaamaan takaisin l\u00e4ht\u00f6paikkaansa tai muulle kent\u00e4lle.\n    <\/p>\n<p class=\"article__paragraph\">\n      Finavian mukaan katkokset vaikuttavat viel\u00e4 parin ajan niin, ett\u00e4 lennot palautuvat normaaliksi \u00a0vaiheittain. Yksitt\u00e4isill\u00e4 lennoilla voi viel\u00e4 esiinty\u00e4 viiv\u00e4styksi\u00e4 tai muutoksia sunnuntain ja maanantain aikana.\n    <\/p>\n<p>      Junaliikenteess\u00e4 my\u00f6h\u00e4stymisi\u00e4<\/p>\n<p class=\"article__paragraph\">\n      Fintrafficin rataliikennekeskuksen mukaan myrsky aiheutti laajoja h\u00e4iri\u00f6it\u00e4 rautatieliikenteess\u00e4 kun puita kaatui radalle ja useat junat ovat olleet my\u00f6h\u00e4ss\u00e4 useita tunteja.\n    <\/p>\n<p class=\"article__paragraph\">\n      Esimerkiksi Kolarista Helsinkiin l\u00e4htenyt y\u00f6juna on aikataulusta l\u00e4hes kahdeksan tuntia my\u00f6h\u00e4ss\u00e4, muiden junien my\u00f6h\u00e4stymiset ovat yleisesti yhdest\u00e4 kolmeen tuntia.\n    <\/p>\n<p class=\"article__paragraph\">\n      Pahimmat vauriot ovat Kokkolan ja Ylivieskan v\u00e4lisell\u00e4 rataosuudella. My\u00f6s muilla L\u00e4nsi-Suomen rataosuuksilla kaatuneet puut ja s\u00e4hk\u00f6katkot ovat aiheuttaneet my\u00f6h\u00e4stymisi\u00e4 junaliikenteeseen.\n    <\/p>\n","protected":false},"excerpt":{"rendered":"Kaatuneet puut aiheuttivat omaisuusvahinkoja, mutta kenenk\u00e4\u00e4n ei tiedet\u00e4 loukkaantuneen. T\u00e4m\u00e4 puu kaatui auton p\u00e4\u00e4lle Torniossa. Kuva: Lukijan kuva&hellip;\n","protected":false},"author":2,"featured_media":127275,"comment_status":"","ping_status":"","sticky":false,"template":"","format":"standard","meta":{"footnotes":""},"categories":[12],"tags":[22,23,26,27,33,31,30,17,24,25,28,29,15,18,21,32,19,20,16],"class_list":{"0":"post-127766","1":"post","2":"type-post","3":"status-publish","4":"format-standard","5":"has-post-thumbnail","7":"category-suomi","8":"tag-breaking-news","9":"tag-breakingnews","10":"tag-featured-news","11":"tag-featurednews","12":"tag-fi","13":"tag-finland","14":"tag-finnish","15":"tag-headlines","16":"tag-latest-news","17":"tag-latestnews","18":"tag-main-news","19":"tag-mainnews","20":"tag-news","21":"tag-otsikot","22":"tag-paauutiset","23":"tag-suomi","24":"tag-top-stories","25":"tag-topstories","26":"tag-uutiset"},"share_on_mastodon":{"url":"https:\/\/pubeurope.com\/@fi\/115796642867453993","error":""},"_links":{"self":[{"href":"https:\/\/www.europesays.com\/fi\/wp-json\/wp\/v2\/posts\/127766","targetHints":{"allow":["GET"]}}],"collection":[{"href":"https:\/\/www.europesays.com\/fi\/wp-json\/wp\/v2\/posts"}],"about":[{"href":"https:\/\/www.europesays.com\/fi\/wp-json\/wp\/v2\/types\/post"}],"author":[{"embeddable":true,"href":"https:\/\/www.europesays.com\/fi\/wp-json\/wp\/v2\/users\/2"}],"replies":[{"embeddable":true,"href":"https:\/\/www.europesays.com\/fi\/wp-json\/wp\/v2\/comments?post=127766"}],"version-history":[{"count":0,"href":"https:\/\/www.europesays.com\/fi\/wp-json\/wp\/v2\/posts\/127766\/revisions"}],"wp:featuredmedia":[{"embeddable":true,"href":"https:\/\/www.europesays.com\/fi\/wp-json\/wp\/v2\/media\/127275"}],"wp:attachment":[{"href":"https:\/\/www.europesays.com\/fi\/wp-json\/wp\/v2\/media?parent=127766"}],"wp:term":[{"taxonomy":"category","embeddable":true,"href":"https:\/\/www.europesays.com\/fi\/wp-json\/wp\/v2\/categories?post=127766"},{"taxonomy":"post_tag","embeddable":true,"href":"https:\/\/www.europesays.com\/fi\/wp-json\/wp\/v2\/tags?post=127766"}],"curies":[{"name":"wp","href":"https:\/\/api.w.org\/{rel}","templated":true}]}}