{"id":127769,"date":"2025-12-28T10:20:10","date_gmt":"2025-12-28T10:20:10","guid":{"rendered":"https:\/\/www.europesays.com\/fi\/127769\/"},"modified":"2025-12-28T10:20:10","modified_gmt":"2025-12-28T10:20:10","slug":"brigitte-bardot-on-kuollut-ilta-sanomat","status":"publish","type":"post","link":"https:\/\/www.europesays.com\/fi\/127769\/","title":{"rendered":"Brigitte Bardot on kuollut &#8211; Ilta-Sanomat"},"content":{"rendered":"<p>Bardot oli kuollessaan 91-vuotias.<\/p>\n<p class=\"article-body mb-nof-24 px-nof-16\">Elokuva-ikoni <a class=\"article-personlink\" href=\"https:\/\/www.is.fi\/haku\/?query=Brigitte%20Bardot\" rel=\"nofollow noopener\" target=\"_blank\">Brigitte Bardot<\/a> on kuollut 91-vuotiaana, kertoo uutistoimisto AFP.<\/p>\n<p class=\"article-body mb-nof-24 px-nof-16\">Asiasta kertovat my\u00f6s muut ulkomaiset mediat, kuten <a class=\"underline underline-offset-[0.12em] [text-decoration-thickness:var(--generic-link-underline-thickness)] [text-decoration-color:var(--generic-link-underline-color)] [text-decoration-skip-ink:var(--generic-link-underline-skip-ink)] break-words\" href=\"https:\/\/www.lefigaro.fr\/cinema\/webnecro-bardot-brigitte-bardot-l-icone-du-cinema-francais-est-morte-a-91-ans-20251228\" rel=\"nofollow noopener\" target=\"_blank\">Le Figaro<\/a>.<\/p>\n<p class=\"article-body mb-nof-24 px-nof-16\">Ranskalainen Birgitte Bardot aloitti uransa valokuvamallina ja on sittemmin esiintynyt useissa elokuvissa, kuten vuoden 1956 elokuvassa Ja jumala loi naisen, josta tuli h\u00e4nen l\u00e4pimurtoelokuvansa.<\/p>\n<p class=\"article-body mb-nof-24 px-nof-16\">N\u00e4yttelij\u00e4\u00e4 on kutsuttu yhdeksi 1950- ja 1960-lukujen tunnetuimmista seksisymboleista.<\/p>\n<p class=\"article-body mb-nof-24 px-nof-16\">Bardot lopetti n\u00e4yttelij\u00e4nuransa vuonna 70-luvun alussa. Sittemmin h\u00e4n on tullut tunnetuksi el\u00e4inten oikeuksien puolustajana.<\/p>\n<p><img decoding=\"async\" src=\"https:\/\/www.europesays.com\/fi\/wp-content\/uploads\/2025\/12\/1766917209_716_468.jpg\" alt=\"Bardot vuonna 1960.\" class=\"_Img_1rerz_1\" style=\"aspect-ratio:0.7380208333333333\" loading=\"eager\"\/><\/p>\n<p class=\"article-picture-caption\">Bardot vuonna 1960. Kuva:\u00a0Keystone \/ Zuma \/ MVPhotos<\/p>\n<p><img decoding=\"async\" src=\"https:\/\/www.europesays.com\/fi\/wp-content\/uploads\/2025\/12\/1766917210_366_468.jpg\" alt=\"Bardot t\u00e4hditti lukuisia elokuvia.\" class=\"_Img_1rerz_1\" style=\"aspect-ratio:0.7151041666666667\" loading=\"eager\"\/><\/p>\n<p class=\"article-picture-caption\">Bardot t\u00e4hditti lukuisia elokuvia. Kuva:\u00a0Keystone \/ Zuma \/ MVPhotos<\/p>\n<p class=\"article-body mb-nof-24 px-nof-16\">Lokakuussa kerrottiin, ett\u00e4 Bardot oli joutunut sairaalaan Toulonin kaupungissa Etel\u00e4-Ranskassa.<\/p>\n<p class=\"article-body mb-nof-24 px-nof-16\">Asiasta uutisoivat useat ranskankieliset mediat, kuten Ranskan yleisradioyhti\u00f6n alainen paikalliskanava <a class=\"underline underline-offset-[0.12em] [text-decoration-thickness:var(--generic-link-underline-thickness)] [text-decoration-color:var(--generic-link-underline-color)] [text-decoration-skip-ink:var(--generic-link-underline-skip-ink)] break-words\" href=\"https:\/\/www.francebleu.fr\/infos\/medias-people\/brigitte-bardot-hospitalisee-a-toulon-6646368\" rel=\"nofollow noopener\" target=\"_blank\">Ici<\/a> ja belgialaislehti <a class=\"underline underline-offset-[0.12em] [text-decoration-thickness:var(--generic-link-underline-thickness)] [text-decoration-color:var(--generic-link-underline-color)] [text-decoration-skip-ink:var(--generic-link-underline-skip-ink)] break-words\" href=\"https:\/\/www.lesoir.be\/705383\/article\/2025-10-16\/lactrice-francaise-brigitte-bardot-hospitalisee\" rel=\"nofollow noopener\" target=\"_blank\">Le Soir<\/a>.<\/p>\n<p><img decoding=\"async\" src=\"https:\/\/www.europesays.com\/fi\/wp-content\/uploads\/2025\/12\/1766917210_487_468.jpg\" alt=\"Bardot vuonna 2004.\" class=\"_Img_1rerz_1\" style=\"aspect-ratio:0.7526041666666666\" loading=\"eager\"\/><\/p>\n<p class=\"article-picture-caption\">Bardot vuonna 2004. Kuva:\u00a0Reuters<\/p>\n<p class=\"article-body mb-nof-24 px-nof-16\">Mediatietojen mukaan 91-vuotias Bardot leikattiin ja h\u00e4n oli joutunut olemaan sairaalassa noin kolmen viikon ajan.<\/p>\n<p class=\"article-body mb-nof-24 px-nof-16\">Toulonilaisen <a class=\"underline underline-offset-[0.12em] [text-decoration-thickness:var(--generic-link-underline-thickness)] [text-decoration-color:var(--generic-link-underline-color)] [text-decoration-skip-ink:var(--generic-link-underline-skip-ink)] break-words\" href=\"https:\/\/www.nicematin.com\/culture\/brigitte-bardot-hospitalisee-a-toulon-10652805\" rel=\"nofollow noopener\" target=\"_blank\">Var-matin-lehden<\/a> mukaan leikkaus liittyi \u201dvakavaan sairauteen\u201d.<\/p>\n<p class=\"article-body mb-nof-24 px-nof-16\">Samoihin aikoihin julkisuuteen levisi my\u00f6s v\u00e4ite, jonka mukaan Bardot olisi kuollut. H\u00e4n kuitenkin itse kumosi v\u00e4itteet mediassa.<\/p>\n<p class=\"article-body mb-nof-24 px-nof-16\">1960-luvun alussa Bardot esiintyi useissa korkean profiilin ranskalaisissa elokuvissa, kuten <a class=\"article-personlink\" href=\"https:\/\/www.is.fi\/haku\/?query=Henri-Georges%20Clouzot%27n\" rel=\"nofollow noopener\" target=\"_blank\">Henri-Georges Clouzot&#8217;n<\/a> Oscar-ehdokkaana olleessa draamassa Totuus, Louis Mallen romanttisessa komediassa Enkeli vai paholainen ja <a class=\"article-personlink\" href=\"https:\/\/www.is.fi\/haku\/?query=Jean-Luc%20Godardin\" rel=\"nofollow noopener\" target=\"_blank\">Jean-Luc Godardin<\/a> melodraamassa Sen t\u00e4ytyi tapahtua.<\/p>\n<p class=\"article-body mb-nof-24 px-nof-16\">Bardot oli naimisissa nelj\u00e4 kertaa: <a class=\"article-personlink\" href=\"https:\/\/www.is.fi\/haku\/?query=Roger%20Vadimin\" rel=\"nofollow noopener\" target=\"_blank\">Roger Vadimin<\/a> kanssa vuosina 1952\u20131957, <a class=\"article-personlink\" href=\"https:\/\/www.is.fi\/haku\/?query=Jacques%20Charrierin\" rel=\"nofollow noopener\" target=\"_blank\">Jacques Charrierin<\/a> kanssa vuosina 1959\u20131962, <a class=\"article-personlink\" href=\"https:\/\/www.is.fi\/haku\/?query=Gunter%20Sachsin\" rel=\"nofollow noopener\" target=\"_blank\">Gunter Sachsin<\/a> kanssa 1966\u20131969 ja <a class=\"article-personlink\" href=\"https:\/\/www.is.fi\/haku\/?query=Bernard%20d%27Ormalen\" rel=\"nofollow noopener\" target=\"_blank\">Bernard d&#8217;Ormalen<\/a> kanssa vuodesta 1992 eteenp\u00e4in.<\/p>\n<p class=\"article-body mb-nof-24 px-nof-16\">Charrierin kanssa Bardotilla on vuonna 1960 syntynyt poika <a class=\"article-personlink\" href=\"https:\/\/www.is.fi\/haku\/?query=Nicholas\" rel=\"nofollow noopener\" target=\"_blank\">Nicholas<\/a>.<\/p>\n","protected":false},"excerpt":{"rendered":"Bardot oli kuollessaan 91-vuotias. Elokuva-ikoni Brigitte Bardot on kuollut 91-vuotiaana, kertoo uutistoimisto AFP. Asiasta kertovat my\u00f6s muut ulkomaiset&hellip;\n","protected":false},"author":2,"featured_media":127770,"comment_status":"","ping_status":"","sticky":false,"template":"","format":"standard","meta":{"footnotes":""},"categories":[136],"tags":[407,137,33,31,30,34,408,32,109],"class_list":{"0":"post-127769","1":"post","2":"type-post","3":"status-publish","4":"format-standard","5":"has-post-thumbnail","7":"category-julkkikset","8":"tag-celebrities","9":"tag-entertainment","10":"tag-fi","11":"tag-finland","12":"tag-finnish","13":"tag-ilta-sanomat","14":"tag-julkkikset","15":"tag-suomi","16":"tag-viihde"},"share_on_mastodon":{"url":"https:\/\/pubeurope.com\/@fi\/115796694002994776","error":""},"_links":{"self":[{"href":"https:\/\/www.europesays.com\/fi\/wp-json\/wp\/v2\/posts\/127769","targetHints":{"allow":["GET"]}}],"collection":[{"href":"https:\/\/www.europesays.com\/fi\/wp-json\/wp\/v2\/posts"}],"about":[{"href":"https:\/\/www.europesays.com\/fi\/wp-json\/wp\/v2\/types\/post"}],"author":[{"embeddable":true,"href":"https:\/\/www.europesays.com\/fi\/wp-json\/wp\/v2\/users\/2"}],"replies":[{"embeddable":true,"href":"https:\/\/www.europesays.com\/fi\/wp-json\/wp\/v2\/comments?post=127769"}],"version-history":[{"count":0,"href":"https:\/\/www.europesays.com\/fi\/wp-json\/wp\/v2\/posts\/127769\/revisions"}],"wp:featuredmedia":[{"embeddable":true,"href":"https:\/\/www.europesays.com\/fi\/wp-json\/wp\/v2\/media\/127770"}],"wp:attachment":[{"href":"https:\/\/www.europesays.com\/fi\/wp-json\/wp\/v2\/media?parent=127769"}],"wp:term":[{"taxonomy":"category","embeddable":true,"href":"https:\/\/www.europesays.com\/fi\/wp-json\/wp\/v2\/categories?post=127769"},{"taxonomy":"post_tag","embeddable":true,"href":"https:\/\/www.europesays.com\/fi\/wp-json\/wp\/v2\/tags?post=127769"}],"curies":[{"name":"wp","href":"https:\/\/api.w.org\/{rel}","templated":true}]}}