{"id":127781,"date":"2025-12-28T10:34:09","date_gmt":"2025-12-28T10:34:09","guid":{"rendered":"https:\/\/www.europesays.com\/fi\/127781\/"},"modified":"2025-12-28T10:34:09","modified_gmt":"2025-12-28T10:34:09","slug":"suomen-kieli-levisi-koulujen-oppiaineeksi-ympari-viroa","status":"publish","type":"post","link":"https:\/\/www.europesays.com\/fi\/127781\/","title":{"rendered":"Suomen kieli levisi koulujen oppiaineeksi ymp\u00e4ri Viroa"},"content":{"rendered":"<p>HS Virossa|Suomen kielest\u00e4 tuli hassu, helppo ja k\u00e4yt\u00e4nn\u00f6llinen vaihtoehto ven\u00e4j\u00e4lle. Se on levinnyt liki sataan kouluun eri puolille Viroa. Tallinnalaiset abiturientit kertovat, mik\u00e4 kieless\u00e4 kiehtoo.<\/p>\n<p class=\"article-body mb-nof-24 px-nof-16\">Tallinna<\/p>\n<p class=\"article-body mb-nof-24 px-nof-16\">Suomen kieli kuulostaa kuin juopunut virolainen puhuisi. Siksi se kuulostaa hassulta tallinnalaisen <a class=\"article-personlink\" href=\"https:\/\/www.hs.fi\/haku\/?query=Aliise%20Liivandin\" rel=\"nofollow noopener\" target=\"_blank\">Aliise Liivandin<\/a> korvissa.<\/p>\n<p class=\"article-body mb-nof-24 px-nof-16\">Pitk\u00e4t vokaalit saavat sanat kuulostamaan hauskalta, t\u00e4ydent\u00e4\u00e4 <a class=\"article-personlink\" href=\"https:\/\/www.hs.fi\/haku\/?query=Helena%20K%C3%B5ve\" rel=\"nofollow noopener\" target=\"_blank\">Helena K\u00f5ve<\/a>.<\/p>\n<p class=\"article-body mb-nof-24 px-nof-16\">Esimerkiksi sana mets\u00e4myyr\u00e4 hymyilytt\u00e4\u00e4 K\u00f5ve\u00e4 jo pelk\u00e4st\u00e4\u00e4n \u00e4\u00e4nteiden soinnin vuoksi. Hassuja sanoja ovat my\u00f6s huuhkaja ja kalas\u00e4\u00e4ski.<\/p>\n","protected":false},"excerpt":{"rendered":"HS Virossa|Suomen kielest\u00e4 tuli hassu, helppo ja k\u00e4yt\u00e4nn\u00f6llinen vaihtoehto ven\u00e4j\u00e4lle. Se on levinnyt liki sataan kouluun eri puolille&hellip;\n","protected":false},"author":2,"featured_media":127782,"comment_status":"","ping_status":"","sticky":false,"template":"","format":"standard","meta":{"footnotes":""},"categories":[5],"tags":[22,23,26,27,33,31,30,17,46,24,25,28,29,15,18,21,32,19,20,16],"class_list":{"0":"post-127781","1":"post","2":"type-post","3":"status-publish","4":"format-standard","5":"has-post-thumbnail","7":"category-otsikot","8":"tag-breaking-news","9":"tag-breakingnews","10":"tag-featured-news","11":"tag-featurednews","12":"tag-fi","13":"tag-finland","14":"tag-finnish","15":"tag-headlines","16":"tag-helsingin-sanomat","17":"tag-latest-news","18":"tag-latestnews","19":"tag-main-news","20":"tag-mainnews","21":"tag-news","22":"tag-otsikot","23":"tag-paauutiset","24":"tag-suomi","25":"tag-top-stories","26":"tag-topstories","27":"tag-uutiset"},"share_on_mastodon":{"url":"https:\/\/pubeurope.com\/@fi\/115796748755174539","error":""},"_links":{"self":[{"href":"https:\/\/www.europesays.com\/fi\/wp-json\/wp\/v2\/posts\/127781","targetHints":{"allow":["GET"]}}],"collection":[{"href":"https:\/\/www.europesays.com\/fi\/wp-json\/wp\/v2\/posts"}],"about":[{"href":"https:\/\/www.europesays.com\/fi\/wp-json\/wp\/v2\/types\/post"}],"author":[{"embeddable":true,"href":"https:\/\/www.europesays.com\/fi\/wp-json\/wp\/v2\/users\/2"}],"replies":[{"embeddable":true,"href":"https:\/\/www.europesays.com\/fi\/wp-json\/wp\/v2\/comments?post=127781"}],"version-history":[{"count":0,"href":"https:\/\/www.europesays.com\/fi\/wp-json\/wp\/v2\/posts\/127781\/revisions"}],"wp:featuredmedia":[{"embeddable":true,"href":"https:\/\/www.europesays.com\/fi\/wp-json\/wp\/v2\/media\/127782"}],"wp:attachment":[{"href":"https:\/\/www.europesays.com\/fi\/wp-json\/wp\/v2\/media?parent=127781"}],"wp:term":[{"taxonomy":"category","embeddable":true,"href":"https:\/\/www.europesays.com\/fi\/wp-json\/wp\/v2\/categories?post=127781"},{"taxonomy":"post_tag","embeddable":true,"href":"https:\/\/www.europesays.com\/fi\/wp-json\/wp\/v2\/tags?post=127781"}],"curies":[{"name":"wp","href":"https:\/\/api.w.org\/{rel}","templated":true}]}}