{"id":127783,"date":"2025-12-28T10:46:09","date_gmt":"2025-12-28T10:46:09","guid":{"rendered":"https:\/\/www.europesays.com\/fi\/127783\/"},"modified":"2025-12-28T10:46:09","modified_gmt":"2025-12-28T10:46:09","slug":"is-seuraa-tour-de-skin-sprinttipaivaa","status":"publish","type":"post","link":"https:\/\/www.europesays.com\/fi\/127783\/","title":{"rendered":"IS seuraa Tour de Skin sprinttip\u00e4iv\u00e4\u00e4"},"content":{"rendered":"<p>Tour de Skill\u00e4 hiihdet\u00e4\u00e4n vapaan sprintit.<\/p>\n<p class=\"article-body mb-nof-24 px-nof-16\">Perinteik\u00e4s Tour de Ski k\u00e4ynnistyy sunnuntaina vapaan hiihtotavan sprinteill\u00e4 Toblachissa Italiassa.<\/p>\n<p class=\"article-body mb-nof-24 px-nof-16\">Ainakin <a class=\"article-personlink\" href=\"https:\/\/www.is.fi\/haku\/?query=Jasmi%20Joensuulta\" rel=\"nofollow noopener\" target=\"_blank\">Jasmi Joensuulta<\/a> on lupa odottaa kovaa tykityst\u00e4. <a class=\"article-personlink\" href=\"https:\/\/www.is.fi\/haku\/?query=Lauri%20Vuorinen\" rel=\"nofollow noopener\" target=\"_blank\">Lauri Vuorinen<\/a> on my\u00f6s hyv\u00e4ss\u00e4 kunnossa.<\/p>\n<p class=\"article-body mb-nof-24 px-nof-16\">Alkukaudella kaukana parhaasta iskustaan olleet konkarit\u00e4hdet <a class=\"article-personlink\" href=\"https:\/\/www.is.fi\/haku\/?query=Iivo\" rel=\"nofollow noopener\" target=\"_blank\">Iivo <\/a>ja <a class=\"article-personlink\" href=\"https:\/\/www.is.fi\/haku\/?query=Kerttu%20Niskanen\" rel=\"nofollow noopener\" target=\"_blank\">Kerttu Niskanen <\/a>sek\u00e4 <a class=\"article-personlink\" href=\"https:\/\/www.is.fi\/haku\/?query=Krista%20P%C3%A4rm%C3%A4koski\" rel=\"nofollow noopener\" target=\"_blank\">Krista P\u00e4rm\u00e4koski<\/a> ilahduttavat hekin hiihtoyleis\u00f6\u00e4 Tourilla.<\/p>\n<p class=\"article-body mb-nof-24 px-nof-16\">Sprintin karsintavaihe alkaa kello 12.45. Er\u00e4vaihe on vuorossa kello 15.15.<\/p>\n<p class=\"article-body mb-nof-24 px-nof-16\">Seuranta aukeaa t\u00e4m\u00e4n artikkelin alle. <\/p>\n","protected":false},"excerpt":{"rendered":"Tour de Skill\u00e4 hiihdet\u00e4\u00e4n vapaan sprintit. Perinteik\u00e4s Tour de Ski k\u00e4ynnistyy sunnuntaina vapaan hiihtotavan sprinteill\u00e4 Toblachissa Italiassa. Ainakin&hellip;\n","protected":false},"author":2,"featured_media":127784,"comment_status":"","ping_status":"","sticky":false,"template":"","format":"standard","meta":{"footnotes":""},"categories":[136],"tags":[407,137,33,31,30,34,408,32,109],"class_list":{"0":"post-127783","1":"post","2":"type-post","3":"status-publish","4":"format-standard","5":"has-post-thumbnail","7":"category-julkkikset","8":"tag-celebrities","9":"tag-entertainment","10":"tag-fi","11":"tag-finland","12":"tag-finnish","13":"tag-ilta-sanomat","14":"tag-julkkikset","15":"tag-suomi","16":"tag-viihde"},"share_on_mastodon":{"url":"https:\/\/pubeurope.com\/@fi\/115796795898196032","error":""},"_links":{"self":[{"href":"https:\/\/www.europesays.com\/fi\/wp-json\/wp\/v2\/posts\/127783","targetHints":{"allow":["GET"]}}],"collection":[{"href":"https:\/\/www.europesays.com\/fi\/wp-json\/wp\/v2\/posts"}],"about":[{"href":"https:\/\/www.europesays.com\/fi\/wp-json\/wp\/v2\/types\/post"}],"author":[{"embeddable":true,"href":"https:\/\/www.europesays.com\/fi\/wp-json\/wp\/v2\/users\/2"}],"replies":[{"embeddable":true,"href":"https:\/\/www.europesays.com\/fi\/wp-json\/wp\/v2\/comments?post=127783"}],"version-history":[{"count":0,"href":"https:\/\/www.europesays.com\/fi\/wp-json\/wp\/v2\/posts\/127783\/revisions"}],"wp:featuredmedia":[{"embeddable":true,"href":"https:\/\/www.europesays.com\/fi\/wp-json\/wp\/v2\/media\/127784"}],"wp:attachment":[{"href":"https:\/\/www.europesays.com\/fi\/wp-json\/wp\/v2\/media?parent=127783"}],"wp:term":[{"taxonomy":"category","embeddable":true,"href":"https:\/\/www.europesays.com\/fi\/wp-json\/wp\/v2\/categories?post=127783"},{"taxonomy":"post_tag","embeddable":true,"href":"https:\/\/www.europesays.com\/fi\/wp-json\/wp\/v2\/tags?post=127783"}],"curies":[{"name":"wp","href":"https:\/\/api.w.org\/{rel}","templated":true}]}}