{"id":127787,"date":"2025-12-28T10:52:07","date_gmt":"2025-12-28T10:52:07","guid":{"rendered":"https:\/\/www.europesays.com\/fi\/127787\/"},"modified":"2025-12-28T10:52:07","modified_gmt":"2025-12-28T10:52:07","slug":"suomalainen-aiti-mervi-pakka-kertoo-avoimesti-hiv-tarinansa-mirkka-torikan-uutuuskirjassa-positiivinen","status":"publish","type":"post","link":"https:\/\/www.europesays.com\/fi\/127787\/","title":{"rendered":"Suomalainen \u00e4iti Mervi Pakka kertoo avoimesti hiv-tarinansa Mirkka Torikan uutuuskirjassa Positiivinen."},"content":{"rendered":"<p>Sastamalalaisl\u00e4ht\u00f6inen Mirkka Torikka kirjoitti harvinaisen el\u00e4m\u00e4kerran Mervi Pakasta, joka kuuli \u00e4itiysneuvolan rutiinitarkastuksessa vuonna 2006 sairastavansa aidsia. Vauva pelasti Pakan, koska ilman oikeaa diagnoosia ja l\u00e4\u00e4kkeit\u00e4 h\u00e4nell\u00e4 olisi ollut elinaikaa alle vuosi.<\/p>\n<p class=\"article-body mb-nof-24 px-nof-16\">Helmikuussa 2002 <a class=\"article-personlink\" href=\"https:\/\/www.tyrvaansanomat.fi\/haku\/?query=Mervi%20Pakka\" rel=\"nofollow noopener\" target=\"_blank\">Mervi Pakka<\/a> oli matkalla poikayst\u00e4v\u00e4ns\u00e4 luokse, kun kesken k\u00e4velyn vatsa meni sekaisin ja alkoi krampata. Lopulta Pakka ei voinut kuin kaivaa bussipys\u00e4kin takana olevaan lumihankeen kuopan, kyykisty\u00e4, sulkea silm\u00e4ns\u00e4 ja toivoa, ettei kukaan n\u00e4kisi, mit\u00e4 h\u00e4n tekee. Taskussa sattui onneksi olemaan vessapaperiksi kelpaava terveysside.<\/p>\n","protected":false},"excerpt":{"rendered":"Sastamalalaisl\u00e4ht\u00f6inen Mirkka Torikka kirjoitti harvinaisen el\u00e4m\u00e4kerran Mervi Pakasta, joka kuuli \u00e4itiysneuvolan rutiinitarkastuksessa vuonna 2006 sairastavansa aidsia. Vauva pelasti&hellip;\n","protected":false},"author":2,"featured_media":127788,"comment_status":"","ping_status":"","sticky":false,"template":"","format":"standard","meta":{"footnotes":""},"categories":[165],"tags":[33,31,30,166,32,167,3885],"class_list":{"0":"post-127787","1":"post","2":"type-post","3":"status-publish","4":"format-standard","5":"has-post-thumbnail","7":"category-terveys","8":"tag-fi","9":"tag-finland","10":"tag-finnish","11":"tag-health","12":"tag-suomi","13":"tag-terveys","14":"tag-tyrvaan-sanomat"},"share_on_mastodon":{"url":"https:\/\/pubeurope.com\/@fi\/115796819655621185","error":""},"_links":{"self":[{"href":"https:\/\/www.europesays.com\/fi\/wp-json\/wp\/v2\/posts\/127787","targetHints":{"allow":["GET"]}}],"collection":[{"href":"https:\/\/www.europesays.com\/fi\/wp-json\/wp\/v2\/posts"}],"about":[{"href":"https:\/\/www.europesays.com\/fi\/wp-json\/wp\/v2\/types\/post"}],"author":[{"embeddable":true,"href":"https:\/\/www.europesays.com\/fi\/wp-json\/wp\/v2\/users\/2"}],"replies":[{"embeddable":true,"href":"https:\/\/www.europesays.com\/fi\/wp-json\/wp\/v2\/comments?post=127787"}],"version-history":[{"count":0,"href":"https:\/\/www.europesays.com\/fi\/wp-json\/wp\/v2\/posts\/127787\/revisions"}],"wp:featuredmedia":[{"embeddable":true,"href":"https:\/\/www.europesays.com\/fi\/wp-json\/wp\/v2\/media\/127788"}],"wp:attachment":[{"href":"https:\/\/www.europesays.com\/fi\/wp-json\/wp\/v2\/media?parent=127787"}],"wp:term":[{"taxonomy":"category","embeddable":true,"href":"https:\/\/www.europesays.com\/fi\/wp-json\/wp\/v2\/categories?post=127787"},{"taxonomy":"post_tag","embeddable":true,"href":"https:\/\/www.europesays.com\/fi\/wp-json\/wp\/v2\/tags?post=127787"}],"curies":[{"name":"wp","href":"https:\/\/api.w.org\/{rel}","templated":true}]}}