{"id":127796,"date":"2025-12-28T10:58:06","date_gmt":"2025-12-28T10:58:06","guid":{"rendered":"https:\/\/www.europesays.com\/fi\/127796\/"},"modified":"2025-12-28T10:58:06","modified_gmt":"2025-12-28T10:58:06","slug":"t24-tallinnan-kaupunki-juhlistaa-uuttavuotta-suurella-ilmaiskonsertilla-teemat","status":"publish","type":"post","link":"https:\/\/www.europesays.com\/fi\/127796\/","title":{"rendered":"T24 | Tallinnan kaupunki juhlistaa uuttavuotta suurella ilmaiskonsertilla | Teemat"},"content":{"rendered":"<p>Suositut virolaisb\u00e4ndit Synne Valtri Band, 5Miinust ja Terminator esiintyv\u00e4t Tallinnan kaupungin j\u00e4rjest\u00e4m\u00e4ss\u00e4 ilmaiskonsertissa uudenvuoden aattona.<\/p>\n<p><strong class=\"diks-storyline__impact\">Konsertti j\u00e4rjestet\u00e4\u00e4n<\/strong> tuttuun tapaan Vapaudenaukiolla kello 22.00 alkaen. Konsertin avaa Synne Valtri Band, jota seuraa 5Miinust kello 23.00.<\/p>\n<p>Viron presidentin <strong>Alar Kariksen<\/strong> puheen j\u00e4lkeen uudenvuoden toivottaa tervetulleeksi Terminator. Konsertin luvataan olevan yhdistelm\u00e4 musiikkia ja erikoistehosteita, kuten liekkej\u00e4 ja lasers\u00e4teit\u00e4.<\/p>\n<p>Uudenvuoden konsertin yhteydess\u00e4 ei t\u00e4n\u00e4k\u00e4\u00e4n vuonna j\u00e4rjestet\u00e4 ilotulitusta van lavashow\u2019n osana.<\/p>\n<p>\u2013 Uudenvuodenkonsertti on yhdistelm\u00e4 musiikkia, tunteita ja lavatehosteita. Emme k\u00e4yt\u00e4 ilotulitteita vaan j\u00e4rjest\u00e4mme tapahtuman ymp\u00e4rist\u00f6yst\u00e4v\u00e4llisesti tehosteiden ja valoshow\u2019n avulla, tapahtuman j\u00e4rjest\u00e4j\u00e4 <strong>Tomi Rahula<\/strong> sanoi <a href=\"https:\/\/news.err.ee\/1609881833\/5miinust-and-terminaator-to-perform-at-tallinn-new-year-concert-in-freedom-square\" rel=\"nofollow noopener\" target=\"_blank\">Viron yleisradiolle<\/a>.<\/p>\n<p>Turvallisuussyist\u00e4 Tallinnan Vapaudenaukion konserttiin osallistuvia pyydet\u00e4\u00e4n olemaan tuomatta paikalle ilotulitteita, lasipulloja tai lemmikkiel\u00e4imi\u00e4.<\/p>\n","protected":false},"excerpt":{"rendered":"Suositut virolaisb\u00e4ndit Synne Valtri Band, 5Miinust ja Terminator esiintyv\u00e4t Tallinnan kaupungin j\u00e4rjest\u00e4m\u00e4ss\u00e4 ilmaiskonsertissa uudenvuoden aattona. Konsertti j\u00e4rjestet\u00e4\u00e4n tuttuun&hellip;\n","protected":false},"author":2,"featured_media":127797,"comment_status":"","ping_status":"","sticky":false,"template":"","format":"standard","meta":{"footnotes":""},"categories":[14],"tags":[22,23,26,27,33,31,30,17,7354,524,24,25,28,29,47,15,18,21,32,3129,3593,2599,19,20,56,16,4029,59,60,61],"class_list":{"0":"post-127796","1":"post","2":"type-post","3":"status-publish","4":"format-standard","5":"has-post-thumbnail","7":"category-ulkomaat","8":"tag-breaking-news","9":"tag-breakingnews","10":"tag-featured-news","11":"tag-featurednews","12":"tag-fi","13":"tag-finland","14":"tag-finnish","15":"tag-headlines","16":"tag-ilotulitus","17":"tag-kulttuuri-ja-taidetapahtumat-ja-nayttelyt","18":"tag-latest-news","19":"tag-latestnews","20":"tag-main-news","21":"tag-mainnews","22":"tag-musiikki","23":"tag-news","24":"tag-otsikot","25":"tag-paauutiset","26":"tag-suomi","27":"tag-tallinna","28":"tag-tallinna24","29":"tag-tapahtumat-ja-tapahtumatiedot","30":"tag-top-stories","31":"tag-topstories","32":"tag-ulkomaat","33":"tag-uutiset","34":"tag-viro","35":"tag-world","36":"tag-world-news","37":"tag-worldnews"},"share_on_mastodon":{"url":"https:\/\/pubeurope.com\/@fi\/115796843208294579","error":""},"_links":{"self":[{"href":"https:\/\/www.europesays.com\/fi\/wp-json\/wp\/v2\/posts\/127796","targetHints":{"allow":["GET"]}}],"collection":[{"href":"https:\/\/www.europesays.com\/fi\/wp-json\/wp\/v2\/posts"}],"about":[{"href":"https:\/\/www.europesays.com\/fi\/wp-json\/wp\/v2\/types\/post"}],"author":[{"embeddable":true,"href":"https:\/\/www.europesays.com\/fi\/wp-json\/wp\/v2\/users\/2"}],"replies":[{"embeddable":true,"href":"https:\/\/www.europesays.com\/fi\/wp-json\/wp\/v2\/comments?post=127796"}],"version-history":[{"count":0,"href":"https:\/\/www.europesays.com\/fi\/wp-json\/wp\/v2\/posts\/127796\/revisions"}],"wp:featuredmedia":[{"embeddable":true,"href":"https:\/\/www.europesays.com\/fi\/wp-json\/wp\/v2\/media\/127797"}],"wp:attachment":[{"href":"https:\/\/www.europesays.com\/fi\/wp-json\/wp\/v2\/media?parent=127796"}],"wp:term":[{"taxonomy":"category","embeddable":true,"href":"https:\/\/www.europesays.com\/fi\/wp-json\/wp\/v2\/categories?post=127796"},{"taxonomy":"post_tag","embeddable":true,"href":"https:\/\/www.europesays.com\/fi\/wp-json\/wp\/v2\/tags?post=127796"}],"curies":[{"name":"wp","href":"https:\/\/api.w.org\/{rel}","templated":true}]}}