{"id":127806,"date":"2025-12-28T11:20:09","date_gmt":"2025-12-28T11:20:09","guid":{"rendered":"https:\/\/www.europesays.com\/fi\/127806\/"},"modified":"2025-12-28T11:20:09","modified_gmt":"2025-12-28T11:20:09","slug":"vain-todelliset-kummeli-fanit-saavat-tassa-visassa-taydet-pisteet","status":"publish","type":"post","link":"https:\/\/www.europesays.com\/fi\/127806\/","title":{"rendered":"Vain todelliset Kummeli-fanit saavat t\u00e4ss\u00e4 visassa t\u00e4ydet pisteet"},"content":{"rendered":"<p>Legendaarinen Kummeli on naurattanut suomalaisia jo yli 30 vuotta.<\/p>\n<p><img decoding=\"async\" class=\"image image-show image-preview\" src=\"https:\/\/www.europesays.com\/fi\/wp-content\/uploads\/2025\/12\/169789b81e4bb608c1505924b1a27fe0afff84cd0f1b9044a5433b66adff1131.jpg\" alt=\"\"\/><img decoding=\"async\" class=\"image image-show\" src=\"https:\/\/www.europesays.com\/fi\/wp-content\/uploads\/2025\/12\/1766920809_513_169789b81e4bb608c1505924b1a27fe0afff84cd0f1b9044a5433b66adff1131.jpg\" alt=\"\"\/><\/p>\n<p>Kummeli oli 90-luvulla huippusuosittu sketsisarja. Esa Pyysalo<\/p>\n<p class=\"paragraph\">Legendaarinen Kummeli-sketsisarja esitettiin ensimm\u00e4isen kerran vuonna 1991, ja siit\u00e4 asti se on j\u00e4\u00e4nyt osaksi suomalaista kulttuuriperint\u00f6\u00e4, siirtyen jopa sukupolvelta toiselle.<\/p>\n<p class=\"paragraph\">Sarjan huumori jaksaa naurattaa kaikenik\u00e4isi\u00e4, perheen pienimmist\u00e4 vanhimpaan.<\/p>\n<p class=\"paragraph\">Mutta vaikka Kummeli on ollut huippusuosittu, kuinka hyvin sin\u00e4 oikeastaan muistat sen hahmot ja sketsit? Ent\u00e4 muistatko, kuka sanoi mink\u00e4kin legendaarisen hokeman?<\/p>\n<p class=\"paragraph\">Iltalehden lukijat p\u00e4\u00e4sev\u00e4t nyt testaamaan taitojaan Kummeli-visassa, jossa menestyminen tapahtuu ei j\u00e4rjell\u00e4, ei taidolla, ei ty\u00f6ll\u00e4, ei tuskalla vaan tuurilla.<\/p>\n<p class=\"paragraph\">Testaa alta kuulutko parhaaseen A-ryhm\u00e4\u00e4n!<\/p>\n<p class=\"paragraph\">Lis\u00e4\u00e4 Iltalehden testej\u00e4 ja visoja l\u00f6yd\u00e4t <a href=\"https:\/\/www.iltalehti.fi\/testit\" rel=\"nofollow noopener\" target=\"_blank\">t\u00e4lt\u00e4<\/a> sivulta.<\/p>\n","protected":false},"excerpt":{"rendered":"Legendaarinen Kummeli on naurattanut suomalaisia jo yli 30 vuotta. Kummeli oli 90-luvulla huippusuosittu sketsisarja. Esa Pyysalo Legendaarinen Kummeli-sketsisarja&hellip;\n","protected":false},"author":2,"featured_media":127807,"comment_status":"","ping_status":"","sticky":false,"template":"","format":"standard","meta":{"footnotes":""},"categories":[130],"tags":[35,153,137,33,31,30,1511,1616,32,140,139,109],"class_list":{"0":"post-127806","1":"post","2":"type-post","3":"status-publish","4":"format-standard","5":"has-post-thumbnail","7":"category-viihde","8":"tag-24h","9":"tag-audiovisuaalinen-media","10":"tag-entertainment","11":"tag-fi","12":"tag-finland","13":"tag-finnish","14":"tag-joukkoviestinta","15":"tag-media-viestinta","16":"tag-suomi","17":"tag-tv-ja-elokuvat","18":"tag-tv-ohjelmat","19":"tag-viihde"},"share_on_mastodon":{"url":"https:\/\/pubeurope.com\/@fi\/115796929680666262","error":""},"_links":{"self":[{"href":"https:\/\/www.europesays.com\/fi\/wp-json\/wp\/v2\/posts\/127806","targetHints":{"allow":["GET"]}}],"collection":[{"href":"https:\/\/www.europesays.com\/fi\/wp-json\/wp\/v2\/posts"}],"about":[{"href":"https:\/\/www.europesays.com\/fi\/wp-json\/wp\/v2\/types\/post"}],"author":[{"embeddable":true,"href":"https:\/\/www.europesays.com\/fi\/wp-json\/wp\/v2\/users\/2"}],"replies":[{"embeddable":true,"href":"https:\/\/www.europesays.com\/fi\/wp-json\/wp\/v2\/comments?post=127806"}],"version-history":[{"count":0,"href":"https:\/\/www.europesays.com\/fi\/wp-json\/wp\/v2\/posts\/127806\/revisions"}],"wp:featuredmedia":[{"embeddable":true,"href":"https:\/\/www.europesays.com\/fi\/wp-json\/wp\/v2\/media\/127807"}],"wp:attachment":[{"href":"https:\/\/www.europesays.com\/fi\/wp-json\/wp\/v2\/media?parent=127806"}],"wp:term":[{"taxonomy":"category","embeddable":true,"href":"https:\/\/www.europesays.com\/fi\/wp-json\/wp\/v2\/categories?post=127806"},{"taxonomy":"post_tag","embeddable":true,"href":"https:\/\/www.europesays.com\/fi\/wp-json\/wp\/v2\/tags?post=127806"}],"curies":[{"name":"wp","href":"https:\/\/api.w.org\/{rel}","templated":true}]}}