{"id":127812,"date":"2025-12-28T11:25:08","date_gmt":"2025-12-28T11:25:08","guid":{"rendered":"https:\/\/www.europesays.com\/fi\/127812\/"},"modified":"2025-12-28T11:25:08","modified_gmt":"2025-12-28T11:25:08","slug":"yliopistot-kehittavat-kaksikielisia-tutkintoja-tavoitteena-parantaa-ulkomaalaisten-opiskelijoiden-tyollistymista-uutissuomalainen","status":"publish","type":"post","link":"https:\/\/www.europesays.com\/fi\/127812\/","title":{"rendered":"Yliopistot kehitt\u00e4v\u00e4t kaksikielisi\u00e4 tutkintoja \u2013 tavoitteena parantaa ulkomaalaisten opiskelijoiden ty\u00f6llistymist\u00e4 | Uutissuomalainen"},"content":{"rendered":"<p>Yliopistoissa kehitet\u00e4\u00e4n kaksikielisi\u00e4 tutkintoja, joissa yhdistet\u00e4\u00e4n kieliopinnot opiskeltaviin sis\u00e4lt\u00f6ihin. Tavoitteena on, ett\u00e4 opiskelijan suomen tai ruotsin kielen taito kehittyy riitt\u00e4v\u00e4n vahvaksi ty\u00f6skentelyyn suomalaisilla ty\u00f6markkinoilla.<\/p>\n<p>Opetus- ja kulttuuriministeri\u00f6 tiedotti ennen joulua rahoittavansa viitt\u00e4 hanketta, joissa kehitet\u00e4\u00e4n yliopistojen toiminnallista kaksikielist\u00e4 koulutusta. T\u00e4llaisia kaksikielisi\u00e4 tutkintoja tarjotaan jo ammattikorkeakouluissa.<\/p>\n<p>\u2013 Ulkomaisten opiskelijoiden ty\u00f6llistymist\u00e4 ja Suomeen kiinnittymist\u00e4 tulee tukea monin eri tavoin. Riitt\u00e4v\u00e4 suomen tai ruotsin kielen taito on avain ty\u00f6markkinoille sek\u00e4 yhteis\u00f6ihin ja kulttuuriin. Toiminnallisesti kaksikielisten tutkintojen avulla parannamme opiskelijoiden ty\u00f6llistymismahdollisuuksia Suomeen, tiede- ja kulttuuriministeri <strong>Mari-Leena Talvitie<\/strong> kertoo tiedotteessa.<\/p>\n<p><strong class=\"diks-storyline__impact\">Ministeri\u00f6 on<\/strong> my\u00f6nt\u00e4nyt muun muassa Jyv\u00e4skyl\u00e4n yliopiston toiminnallisesti kaksikielisen varhaiskasvatuksen kandidaattiohjelman kehitt\u00e4miseen 300\u2009000 euroa sek\u00e4 It\u00e4-Suomen yliopiston Human and Planetary Health- sek\u00e4 Biomedical Engineering -ohjelmien S2-opintojen integrointiin opetussuunnitelmaan 295\u2009000 euroa. Rahoitusta my\u00f6nnettiin my\u00f6s Vaasan yliopiston ja Metropolia-ammattikorkeakoulun toiminnallisesti kaksikielisille koulutusohjelmille.<\/p>\n<p>Rahoitettavissa hankkeissa korostuvat ulkomaisille opiskelijoille suunnatut vieraskieliset kandidaattiohjelmat, joita yliopistoissa on kehitetty viime vuosina maisteriohjelmien lis\u00e4ksi.<\/p>\n<p>My\u00f6s kaikki viisi l\u00e4\u00e4ketieteellist\u00e4 tiedekuntaa tarjoavat l\u00e4\u00e4k\u00e4reiden ja hammasl\u00e4\u00e4k\u00e4reiden p\u00e4tev\u00f6itymiskoulutuksia ja niihin kiinte\u00e4sti liittyv\u00e4\u00e4 kielikoulusta.<\/p>\n","protected":false},"excerpt":{"rendered":"Yliopistoissa kehitet\u00e4\u00e4n kaksikielisi\u00e4 tutkintoja, joissa yhdistet\u00e4\u00e4n kieliopinnot opiskeltaviin sis\u00e4lt\u00f6ihin. Tavoitteena on, ett\u00e4 opiskelijan suomen tai ruotsin kielen taito&hellip;\n","protected":false},"author":2,"featured_media":127813,"comment_status":"","ping_status":"","sticky":false,"template":"","format":"standard","meta":{"footnotes":""},"categories":[12],"tags":[22,23,26,27,33,31,30,17,425,426,615,96,757,24,25,28,29,15,791,18,21,32,19,20,16,9249],"class_list":{"0":"post-127812","1":"post","2":"type-post","3":"status-publish","4":"format-standard","5":"has-post-thumbnail","7":"category-suomi","8":"tag-breaking-news","9":"tag-breakingnews","10":"tag-featured-news","11":"tag-featurednews","12":"tag-fi","13":"tag-finland","14":"tag-finnish","15":"tag-headlines","16":"tag-jyvaskyla","17":"tag-jyvaskylan-yliopisto","18":"tag-koulut","19":"tag-koulutus","20":"tag-koulutus-ja-kasvatus","21":"tag-latest-news","22":"tag-latestnews","23":"tag-main-news","24":"tag-mainnews","25":"tag-news","26":"tag-opiskelu","27":"tag-otsikot","28":"tag-paauutiset","29":"tag-suomi","30":"tag-top-stories","31":"tag-topstories","32":"tag-uutiset","33":"tag-vaasan-yliopisto"},"share_on_mastodon":{"url":"https:\/\/pubeurope.com\/@fi\/115796949450424864","error":""},"_links":{"self":[{"href":"https:\/\/www.europesays.com\/fi\/wp-json\/wp\/v2\/posts\/127812","targetHints":{"allow":["GET"]}}],"collection":[{"href":"https:\/\/www.europesays.com\/fi\/wp-json\/wp\/v2\/posts"}],"about":[{"href":"https:\/\/www.europesays.com\/fi\/wp-json\/wp\/v2\/types\/post"}],"author":[{"embeddable":true,"href":"https:\/\/www.europesays.com\/fi\/wp-json\/wp\/v2\/users\/2"}],"replies":[{"embeddable":true,"href":"https:\/\/www.europesays.com\/fi\/wp-json\/wp\/v2\/comments?post=127812"}],"version-history":[{"count":0,"href":"https:\/\/www.europesays.com\/fi\/wp-json\/wp\/v2\/posts\/127812\/revisions"}],"wp:featuredmedia":[{"embeddable":true,"href":"https:\/\/www.europesays.com\/fi\/wp-json\/wp\/v2\/media\/127813"}],"wp:attachment":[{"href":"https:\/\/www.europesays.com\/fi\/wp-json\/wp\/v2\/media?parent=127812"}],"wp:term":[{"taxonomy":"category","embeddable":true,"href":"https:\/\/www.europesays.com\/fi\/wp-json\/wp\/v2\/categories?post=127812"},{"taxonomy":"post_tag","embeddable":true,"href":"https:\/\/www.europesays.com\/fi\/wp-json\/wp\/v2\/tags?post=127812"}],"curies":[{"name":"wp","href":"https:\/\/api.w.org\/{rel}","templated":true}]}}