{"id":127814,"date":"2025-12-28T11:26:11","date_gmt":"2025-12-28T11:26:11","guid":{"rendered":"https:\/\/www.europesays.com\/fi\/127814\/"},"modified":"2025-12-28T11:26:11","modified_gmt":"2025-12-28T11:26:11","slug":"zelenskyi-tapaa-trumpin-tanaan-mar-a-lagossa-nama-ovat-neuvottelujen-lahtokohdat-ulkomaat","status":"publish","type":"post","link":"https:\/\/www.europesays.com\/fi\/127814\/","title":{"rendered":"Zelenskyi tapaa Trumpin t\u00e4n\u00e4\u00e4n Mar-a-Lagossa \u2013 n\u00e4m\u00e4 ovat neuvottelujen l\u00e4ht\u00f6kohdat | Ulkomaat"},"content":{"rendered":"<p class=\"aw-1gybjub aw-5vja16 kEtdKx kmuxyA yle__article__paragraph\">Mar-a-Lagossa k\u00e4yt\u00e4viss\u00e4 neuvotteluissa on tarkoitus sopia uuden rauhansuunnitelman yksityiskohdista. Ven\u00e4j\u00e4n sitoutuminen suunnitelmaan on ep\u00e4varmaa.<\/p>\n<p><img decoding=\"async\" alt=\"Kanadan p\u00e4\u00e4ministeri Mark Carney ja Ukrainan presidentti Volodymyr Zelenskyi keskustelevat.\" src=\"https:\/\/www.europesays.com\/fi\/wp-content\/uploads\/2025\/12\/39-15748226950dbee3df63.jpeg\" class=\"aw-1l9m598 hKVVvP\"\/><\/p>\n<p>Avaa kuvien katselu<\/p>\n<p>Ukrainan presidentti Volodymyr Zelenskyi tapasi Kanadan p\u00e4\u00e4ministerin Mark Carneyn ennen Floridaan matkustamista. Kuva: Ukrainan presidentin lehdist\u00f6palvelu \/ EPA<\/p>\n<p>10:14\u2022P\u00e4ivitetty 11:33<\/p>\n<p class=\"aw-1gybjub aw-1p7kakr kEtdKx cEmitX yle__article__paragraph\">Ukrainan presidentti <strong class=\"aw-ak79eh KyCXm yle__article__strong\">Volodymyr Zelenskyi<\/strong> tapaa t\u00e4n\u00e4\u00e4n sunnuntaina Yhdysvaltain presidentin <strong class=\"aw-ak79eh KyCXm yle__article__strong\">Donald Trumpin<\/strong> t\u00e4m\u00e4n Mar-a-Lagon kartanossa Floridassa.<\/p>\n<p class=\"aw-1gybjub aw-1p7kakr kEtdKx cEmitX yle__article__paragraph\">Tapaamisessa on tarkoitus sopia Ukrainan ja Yhdysvaltain yhdess\u00e4 laatiman 20-kohtaisen <a class=\"aw-iao6s4 iHOxEa yle__article__link\" href=\"https:\/\/yle.fi\/a\/74-20201557\" role=\"link\" rel=\"nofollow noopener\" target=\"_blank\">rauhansuunnitelman<\/a> yksityiskohdista.<\/p>\n<p class=\"aw-1gybjub aw-1p7kakr kEtdKx cEmitX yle__article__paragraph\">Tapaamisen odotetaan alkavan sunnuntaina kello 13 Floridan aikaa eli kello 20 Suomen aikaa. Tapaamisen arvioitu alkamisajankohta on aikaistunut kahdella tunnilla aiemmin ilmoitetusta.<\/p>\n<p>P\u00f6yd\u00e4ll\u00e4 tulitauko, kansan\u00e4\u00e4nestys ja alueluovutukset<\/p>\n<p class=\"aw-1gybjub aw-1p7kakr kEtdKx cEmitX yle__article__paragraph\">Mar-a-Lagossa k\u00e4yt\u00e4viss\u00e4 neuvotteluissa on tarkoitus sopia uuden rauhansuunnitelman viimeisist\u00e4 auki olevista kysymyksist\u00e4.<\/p>\n<p class=\"aw-1gybjub aw-1p7kakr kEtdKx cEmitX yle__article__paragraph\">Zelenskyi on varannut neuvotteluihin uuden valttikortin, joka on kansan\u00e4\u00e4nestyksen j\u00e4rjest\u00e4minen rauhansuunnitelmasta ja siihen liittyvist\u00e4 alueluovutuksista.<\/p>\n<p class=\"aw-1gybjub aw-1p7kakr kEtdKx cEmitX yle__article__paragraph\">Ukrainan mukaan \u00e4\u00e4nestyksen j\u00e4rjest\u00e4minen edellytt\u00e4\u00e4 v\u00e4hint\u00e4\u00e4n 60 p\u00e4iv\u00e4n mittaista tulitaukoa.<\/p>\n<p class=\"aw-1gybjub aw-1p7kakr kEtdKx cEmitX yle__article__paragraph\">Ven\u00e4j\u00e4 on propagandassaan pit\u00e4nyt Zelenskyin hallintoa laittomana ja vaatinut Ukrainaan uusia vaaleja.<\/p>\n<p class=\"aw-1gybjub aw-1p7kakr kEtdKx cEmitX yle__article__paragraph\">Neuvotteluissa on my\u00f6s avattu mahdollisuus siihen, ett\u00e4 Ukraina vet\u00e4\u00e4 joukkonsa osasta Donetskin aluetta, jonne muodostettaisiin erityistalousalue. T\u00e4m\u00e4 vaatii Ukrainalle pit\u00e4v\u00e4t turvatakuut.<\/p>\n<p class=\"aw-1gybjub aw-1p7kakr kEtdKx cEmitX yle__article__paragraph\">Ven\u00e4j\u00e4 ei ole toistaiseksi kommentoinut uusimpia neuvotteluja.<\/p>\n<p class=\"aw-1gybjub aw-1p7kakr kEtdKx cEmitX yle__article__paragraph\">On ep\u00e4selv\u00e4\u00e4, sitoutuuko Ven\u00e4j\u00e4 tulitaukoon Ukrainassa k\u00e4yt\u00e4v\u00e4n kansan\u00e4\u00e4nestyksen ajaksi, tai hyv\u00e4ksyyk\u00f6 se Yhdysvaltain vahvat turvatakuut Ukrainalle vastineeksi Ukrainan vet\u00e4ytymiselle Donetskista.<\/p>\n<p class=\"aw-1gybjub aw-1p7kakr kEtdKx cEmitX yle__article__paragraph\">Suomen entinen Ven\u00e4j\u00e4n-suurl\u00e4hettil\u00e4s <strong class=\"aw-ak79eh KyCXm yle__article__strong\">Hannu Himanen<\/strong> arvioi <a class=\"aw-iao6s4 iHOxEa yle__article__link\" href=\"https:\/\/yle.fi\/a\/74-20201510\" role=\"link\" rel=\"nofollow noopener\" target=\"_blank\">aiemmin Ylelle<\/a>, ettei usko uuden rauhansopimusluonnoksen saavan Ven\u00e4j\u00e4n tukea.<\/p>\n<p>Zelenskyi pys\u00e4htyi lauantaina Kanadassa<\/p>\n<p class=\"aw-1gybjub aw-1p7kakr kEtdKx cEmitX yle__article__paragraph\">Ukrainalaispresidentti tapasi viime y\u00f6n\u00e4 Kanadan p\u00e4\u00e4ministerin <strong class=\"aw-ak79eh KyCXm yle__article__strong\">Mark Carneyn<\/strong> Kanadan Halifaxissa. Kaksikko puhui my\u00f6s videoyhteydell\u00e4 Euroopan unionin, sotilasliitto Naton ja Ukrainan eurooppalaisten liittolaismaiden johtajien kanssa.<\/p>\n<p class=\"aw-1gybjub aw-1p7kakr kEtdKx cEmitX yle__article__paragraph\">Tapaamisen j\u00e4lkeen eurooppalaiset johtajat <a class=\"aw-iao6s4 iHOxEa yle__article__link\" href=\"https:\/\/yle.fi\/a\/74-20010573\/64-3-286084?utm_medium=social&amp;utm_source=copy-link-share\" role=\"link\" rel=\"nofollow noopener\" target=\"_blank\">ovat antaneet lausuntoja<\/a>, jossa on korostettu Euroopan ja Kanadan t\u00e4ydellist\u00e4 tukea Ukrainalle.<\/p>\n<p class=\"aw-1gybjub aw-1p7kakr kEtdKx cEmitX yle__article__paragraph\">My\u00f6s Zelenskyi <a class=\"aw-iao6s4 iHOxEa yle__article__link\" href=\"https:\/\/yle.fi\/a\/74-20010573\/64-3-286089?utm_medium=social&amp;utm_source=copy-link-share\" role=\"link\" rel=\"nofollow noopener\" target=\"_blank\">on kiitt\u00e4nyt<\/a> eurooppalaisia johtajia Ukrainan saamasta tuesta.<\/p>\n<p class=\"aw-1gybjub aw-1p7kakr kEtdKx cEmitX yle__article__paragraph\">Osapuolten on m\u00e4\u00e4r\u00e4 keskustella uudestaan Zelenskyin ja Trumpin tapaamisen j\u00e4lkeen.<\/p>\n","protected":false},"excerpt":{"rendered":"Mar-a-Lagossa k\u00e4yt\u00e4viss\u00e4 neuvotteluissa on tarkoitus sopia uuden rauhansuunnitelman yksityiskohdista. Ven\u00e4j\u00e4n sitoutuminen suunnitelmaan on ep\u00e4varmaa. Avaa kuvien katselu Ukrainan&hellip;\n","protected":false},"author":2,"featured_media":127815,"comment_status":"","ping_status":"","sticky":false,"template":"","format":"standard","meta":{"footnotes":""},"categories":[5],"tags":[22,23,585,26,27,33,31,30,17,24,25,28,29,15,18,21,2090,32,19,20,1303,56,16,987,3963],"class_list":{"0":"post-127814","1":"post","2":"type-post","3":"status-publish","4":"format-standard","5":"has-post-thumbnail","7":"category-otsikot","8":"tag-breaking-news","9":"tag-breakingnews","10":"tag-donald-trump","11":"tag-featured-news","12":"tag-featurednews","13":"tag-fi","14":"tag-finland","15":"tag-finnish","16":"tag-headlines","17":"tag-latest-news","18":"tag-latestnews","19":"tag-main-news","20":"tag-mainnews","21":"tag-news","22":"tag-otsikot","23":"tag-paauutiset","24":"tag-sodat","25":"tag-suomi","26":"tag-top-stories","27":"tag-topstories","28":"tag-ukraina","29":"tag-ulkomaat","30":"tag-uutiset","31":"tag-venajan-hyokkays","32":"tag-volodymyr-zelenskyi"},"share_on_mastodon":{"url":"https:\/\/pubeurope.com\/@fi\/115796953438121609","error":""},"_links":{"self":[{"href":"https:\/\/www.europesays.com\/fi\/wp-json\/wp\/v2\/posts\/127814","targetHints":{"allow":["GET"]}}],"collection":[{"href":"https:\/\/www.europesays.com\/fi\/wp-json\/wp\/v2\/posts"}],"about":[{"href":"https:\/\/www.europesays.com\/fi\/wp-json\/wp\/v2\/types\/post"}],"author":[{"embeddable":true,"href":"https:\/\/www.europesays.com\/fi\/wp-json\/wp\/v2\/users\/2"}],"replies":[{"embeddable":true,"href":"https:\/\/www.europesays.com\/fi\/wp-json\/wp\/v2\/comments?post=127814"}],"version-history":[{"count":0,"href":"https:\/\/www.europesays.com\/fi\/wp-json\/wp\/v2\/posts\/127814\/revisions"}],"wp:featuredmedia":[{"embeddable":true,"href":"https:\/\/www.europesays.com\/fi\/wp-json\/wp\/v2\/media\/127815"}],"wp:attachment":[{"href":"https:\/\/www.europesays.com\/fi\/wp-json\/wp\/v2\/media?parent=127814"}],"wp:term":[{"taxonomy":"category","embeddable":true,"href":"https:\/\/www.europesays.com\/fi\/wp-json\/wp\/v2\/categories?post=127814"},{"taxonomy":"post_tag","embeddable":true,"href":"https:\/\/www.europesays.com\/fi\/wp-json\/wp\/v2\/tags?post=127814"}],"curies":[{"name":"wp","href":"https:\/\/api.w.org\/{rel}","templated":true}]}}