{"id":127816,"date":"2025-12-28T11:40:21","date_gmt":"2025-12-28T11:40:21","guid":{"rendered":"https:\/\/www.europesays.com\/fi\/127816\/"},"modified":"2025-12-28T11:40:21","modified_gmt":"2025-12-28T11:40:21","slug":"nayttelija-alma-poysti-keskella-yhta-1990-luvun-suurinta-maailmankonfliktia","status":"publish","type":"post","link":"https:\/\/www.europesays.com\/fi\/127816\/","title":{"rendered":"N\u00e4yttelij\u00e4 Alma P\u00f6ysti keskell\u00e4 yht\u00e4 1990-luvun suurinta maailmankonfliktia"},"content":{"rendered":"<p>\t\t\t\tTeht\u00e4v\u00e4 Balkanilla -audiodraama Yle Areenassa sek\u00e4 Yle Vegalla.<\/p>\n<p>Poliitikko ja ihmisoikeustaistelija <b>Elisabeth Rehn<\/b> on keskell\u00e4 yht\u00e4 1990-luvun suurinta maailmankonfliktia. Kolmessa puolituntisessa jaksossa kuuntelija p\u00e4\u00e4see seuraamaan h\u00e4nen el\u00e4m\u00e4ns\u00e4 t\u00e4rkeint\u00e4 teht\u00e4v\u00e4\u00e4 YK:n ihmisoikeustarkkailijana entisess\u00e4 Jugoslaviassa. Sarjassa vuorottelevat uudet haastattelut todellisen Elisabeth Rehnin kanssa ja fiktiiviset kohtaukset, joissa p\u00e4\u00e4osaa esitt\u00e4\u00e4 <b>Alma P\u00f6ysti<\/b>. Autenttiset uutismateriaalit Ylen arkistosta toimivat tietol\u00e4hteen\u00e4 ja ajan kuvaajana.<\/p>\n<p>Elet\u00e4\u00e4n vuotta 1995. 60-vuotias Elisabeth Rehn on h\u00e4vinnyt presidentinvaalit <b>Martti Ahtisaarelle<\/b> ja viihtyy huonosti ty\u00f6ss\u00e4\u00e4n Euroopan parlamentissa samalla. Sota Bosniassa raivoaa nelj\u00e4tt\u00e4 vuotta. Kun tuhansia muslimimiehi\u00e4 katoaa YK:n suojelemasta Srebrenican kyl\u00e4st\u00e4, Elisabeth Rehn valitaan alueen ihmisoikeustarkkailijaksi. Pian teht\u00e4v\u00e4ns\u00e4 aloittamisen j\u00e4lkeen sota p\u00e4\u00e4ttyy virallisesti, mutta jatkaa raivoamistaan v\u00e4est\u00f6n kokemuksissa ja muistoissa.<\/p>\n<p>Rehn valitsee ty\u00f6skentelyn kansan parissa. Yhdess\u00e4 tiimins\u00e4 kanssa h\u00e4n matkustaa alueella, tapaa presidenttej\u00e4 sek\u00e4 korkea-arvoisia sotilaita yhten\u00e4 p\u00e4iv\u00e4n\u00e4 ja raiskauksen uhreja ja orpolapsia seuraavana. Siit\u00e4 tulee matka ulkoisten ja sis\u00e4isten maisemien halki, yritys antaa \u00e4\u00e4ni sodan hiljaisimmille uhreille ja oivallus siit\u00e4, ett\u00e4 mik\u00e4\u00e4n el\u00e4m\u00e4ss\u00e4 ei ole mustavalkoista.<\/p>\n<p>Fiktiivisten kohtausten keskeisiss\u00e4 rooleissa kuullaan P\u00f6ysti\u00e4 Rehnin\u00e4, <b>Sampo Sarkolaa<\/b> h\u00e4nen turvallisuusvastaavanaan Heljo Laukkalana ja <b>Natasha Coralicia<\/b> tulkki Almasana.<\/p>\n<p>Yle Areenassa 29.12.2025, Yle Vegalla 29.12, 30.12 ja 31.12.2025 klo 12.03.<\/p>\n<tr>\n<td><img loading=\"lazy\" decoding=\"async\" src=\"https:\/\/www.europesays.com\/fi\/wp-content\/uploads\/2025\/12\/1766922021_710_pic1.jpg\" width=\"520\" height=\"292\" alt=\"\"\/><\/td>\n<\/tr>\n<p><b>V2.fi | J.A. Kaunisto <\/b>\n\t\t\t\t<\/p>\n","protected":false},"excerpt":{"rendered":"Teht\u00e4v\u00e4 Balkanilla -audiodraama Yle Areenassa sek\u00e4 Yle Vegalla. Poliitikko ja ihmisoikeustaistelija Elisabeth Rehn on keskell\u00e4 yht\u00e4 1990-luvun suurinta&hellip;\n","protected":false},"author":2,"featured_media":127817,"comment_status":"","ping_status":"","sticky":false,"template":"","format":"standard","meta":{"footnotes":""},"categories":[136],"tags":[407,137,33,31,30,408,188,191,192,185,150,189,187,32,193,194,109,186,190],"class_list":{"0":"post-127816","1":"post","2":"type-post","3":"status-publish","4":"format-standard","5":"has-post-thumbnail","7":"category-julkkikset","8":"tag-celebrities","9":"tag-entertainment","10":"tag-fi","11":"tag-finland","12":"tag-finnish","13":"tag-julkkikset","14":"tag-keskustelu","15":"tag-nintendo","16":"tag-pc-pelit","17":"tag-peli","18":"tag-pelit","19":"tag-playstation","20":"tag-starat","21":"tag-suomi","22":"tag-video","23":"tag-videopelit","24":"tag-viihde","25":"tag-viihdeuutiset","26":"tag-xbox"},"share_on_mastodon":{"url":"https:\/\/pubeurope.com\/@fi\/115797008552216610","error":""},"_links":{"self":[{"href":"https:\/\/www.europesays.com\/fi\/wp-json\/wp\/v2\/posts\/127816","targetHints":{"allow":["GET"]}}],"collection":[{"href":"https:\/\/www.europesays.com\/fi\/wp-json\/wp\/v2\/posts"}],"about":[{"href":"https:\/\/www.europesays.com\/fi\/wp-json\/wp\/v2\/types\/post"}],"author":[{"embeddable":true,"href":"https:\/\/www.europesays.com\/fi\/wp-json\/wp\/v2\/users\/2"}],"replies":[{"embeddable":true,"href":"https:\/\/www.europesays.com\/fi\/wp-json\/wp\/v2\/comments?post=127816"}],"version-history":[{"count":0,"href":"https:\/\/www.europesays.com\/fi\/wp-json\/wp\/v2\/posts\/127816\/revisions"}],"wp:featuredmedia":[{"embeddable":true,"href":"https:\/\/www.europesays.com\/fi\/wp-json\/wp\/v2\/media\/127817"}],"wp:attachment":[{"href":"https:\/\/www.europesays.com\/fi\/wp-json\/wp\/v2\/media?parent=127816"}],"wp:term":[{"taxonomy":"category","embeddable":true,"href":"https:\/\/www.europesays.com\/fi\/wp-json\/wp\/v2\/categories?post=127816"},{"taxonomy":"post_tag","embeddable":true,"href":"https:\/\/www.europesays.com\/fi\/wp-json\/wp\/v2\/tags?post=127816"}],"curies":[{"name":"wp","href":"https:\/\/api.w.org\/{rel}","templated":true}]}}