{"id":127820,"date":"2025-12-28T11:48:18","date_gmt":"2025-12-28T11:48:18","guid":{"rendered":"https:\/\/www.europesays.com\/fi\/127820\/"},"modified":"2025-12-28T11:48:18","modified_gmt":"2025-12-28T11:48:18","slug":"kukaan-ei-arvannut-raakel-lignellin-elamani-biisia-taustalla-surullinen-tarina","status":"publish","type":"post","link":"https:\/\/www.europesays.com\/fi\/127820\/","title":{"rendered":"Kukaan ei arvannut Raakel Lignellin El\u00e4m\u00e4ni biisi\u00e4: Taustalla surullinen tarina"},"content":{"rendered":"<p>Kirjailija Raakel Lignell muisteli lapsuuttaan El\u00e4m\u00e4ni biisi -ohjelmassa.<\/p>\n<p><img decoding=\"async\" class=\"image image-show image-preview\" src=\"https:\/\/www.europesays.com\/fi\/wp-content\/uploads\/2025\/12\/d51a27b5d7eaa77a1bd28dc313a714abf34ee3bd9beb1ec60c38b87f6bb85844.jpg\" alt=\"\"\/><img decoding=\"async\" class=\"image image-show\" src=\"https:\/\/www.europesays.com\/fi\/wp-content\/uploads\/2025\/12\/1766812150_665_d51a27b5d7eaa77a1bd28dc313a714abf34ee3bd9beb1ec60c38b87f6bb85844.jpg\" alt=\"\"\/><\/p>\n<p>Illan El\u00e4m\u00e4ni biisi -vieraina n\u00e4htiin Tommy Fr\u00e4nti, Raakel Lignell, Sampo Marjomaa, Anna-Mari K\u00e4h\u00e4r\u00e4 ja Lenni-Kalle Taipale. Yle<\/p>\n<p class=\"paragraph\">Lauantai-iltana n\u00e4hty El\u00e4m\u00e4ni biisi -ohjelman erikoisjakso oli omistettu klassiselle musiikille.<\/p>\n<p class=\"paragraph\">Ohjelman ensimm\u00e4isen\u00e4 kappaleena kuultiin <a href=\"https:\/\/www.iltalehti.fi\/henkilot\/Antonin Dvorak\" class=\"article-link-person-page\" rel=\"nofollow noopener\" target=\"_blank\">Anton\u00edn Dvo\u0159\u00e1kin<\/a> Sinfonia nro 9 \u201dUudesta maailmasta\u201d, 1. osa.<\/p>\n<p class=\"paragraph\">Illan p\u00e4\u00e4tteeksi paljastui, ett\u00e4 kappale oli kirjailija-muusikko <a href=\"https:\/\/www.iltalehti.fi\/henkilot\/Raakel Lignell\" class=\"article-link-person-page\" rel=\"nofollow noopener\" target=\"_blank\">Raakel Lignellin<\/a> valinta. H\u00e4n muisteli lapsuuttaan, kuinka h\u00e4n kasvoi uskonnollisessa perheess\u00e4, jossa kuunneltiin vain hengellist\u00e4 musiikkia.<\/p>\n<p class=\"paragraph\">H\u00e4nen yhdeks\u00e4n vuotta vanhempi isosiskonsa aloitti pianotunnit, jonka kautta Lignell kuuli ensimm\u00e4ist\u00e4 kertaa <a href=\"https:\/\/www.iltalehti.fi\/henkilot\/Antonin Dvorak\" class=\"article-link-person-page\" rel=\"nofollow noopener\" target=\"_blank\">Dvo\u0159\u00e1kin<\/a> mestariteoksen.<\/p>\n<p class=\"paragraph\">\u2013 Se oli minulle niin r\u00e4j\u00e4ytt\u00e4v\u00e4 kokemus. Kun t\u00e4m\u00e4 levy l\u00e4hti soimaan, en tiennyt, ett\u00e4 voi tuntea niin paljon kaikenlaisia asioita.<\/p>\n<p>Raakel Lignell kasvoi uskonnollisessa perheess\u00e4. John Palmen<\/p>\n<p class=\"paragraph\">Lignell kertoi, ett\u00e4 h\u00e4n oli \u201dliihotellut\u201d yksin huoneessaan sinfonian tahdissa.<\/p>\n<p class=\"paragraph\">\u2013 Tanssia se ei saanut olla, koska tanssi oli synti\u00e4. Kun kuulin, ett\u00e4 t\u00e4m\u00e4n nimi on \u201dUudesta maailmasta\u201d, minulle oli koko el\u00e4m\u00e4ni luettu ja kerrottu taivaasta. Toinen siskoni oli kuollut kaksi vuotta aikaisemmin ja meill\u00e4 oli tietysti paljon surua kotona, Lignell jatkoi.<\/p>\n<p class=\"paragraph\">\u2013 Minua oli lohdutettu sill\u00e4, ett\u00e4 <strong>S\u00e4de<\/strong>-sisko on taivaassa. Muistan, ett\u00e4 olen lohduttanut \u00e4iti\u00e4ni ja sanonut, ett\u00e4 S\u00e4de-siskolla on kaikki hyvin. Siell\u00e4 on kultainen katu ja kultaiset lapaset.<\/p>\n<p class=\"paragraph\">Illan vieraina Lignellin lis\u00e4ksi n\u00e4htiin tv-kasvo <strong>Sampo Marjomaa<\/strong>, uutisankkuri <strong>Tommy Fr\u00e4nti<\/strong> ja muusikko <strong>Anna-Mari K\u00e4h\u00e4r\u00e4. <\/strong>Kukaan heist\u00e4 ei osannut arvata Lignellin kappalevalintaa.<\/p>\n","protected":false},"excerpt":{"rendered":"Kirjailija Raakel Lignell muisteli lapsuuttaan El\u00e4m\u00e4ni biisi -ohjelmassa. Illan El\u00e4m\u00e4ni biisi -vieraina n\u00e4htiin Tommy Fr\u00e4nti, Raakel Lignell, Sampo&hellip;\n","protected":false},"author":2,"featured_media":126789,"comment_status":"","ping_status":"","sticky":false,"template":"","format":"standard","meta":{"footnotes":""},"categories":[130],"tags":[35,138,137,33,31,30,99,100,47,32,484,109],"class_list":{"0":"post-127820","1":"post","2":"type-post","3":"status-publish","4":"format-standard","5":"has-post-thumbnail","7":"category-viihde","8":"tag-24h","9":"tag-audio","10":"tag-entertainment","11":"tag-fi","12":"tag-finland","13":"tag-finnish","14":"tag-lapset","15":"tag-lapset-ja-nuoret","16":"tag-musiikki","17":"tag-suomi","18":"tag-taiteellinen-ilmaisu-ja-mediat","19":"tag-viihde"},"share_on_mastodon":{"url":"https:\/\/pubeurope.com\/@fi\/115797039809897416","error":""},"_links":{"self":[{"href":"https:\/\/www.europesays.com\/fi\/wp-json\/wp\/v2\/posts\/127820","targetHints":{"allow":["GET"]}}],"collection":[{"href":"https:\/\/www.europesays.com\/fi\/wp-json\/wp\/v2\/posts"}],"about":[{"href":"https:\/\/www.europesays.com\/fi\/wp-json\/wp\/v2\/types\/post"}],"author":[{"embeddable":true,"href":"https:\/\/www.europesays.com\/fi\/wp-json\/wp\/v2\/users\/2"}],"replies":[{"embeddable":true,"href":"https:\/\/www.europesays.com\/fi\/wp-json\/wp\/v2\/comments?post=127820"}],"version-history":[{"count":0,"href":"https:\/\/www.europesays.com\/fi\/wp-json\/wp\/v2\/posts\/127820\/revisions"}],"wp:featuredmedia":[{"embeddable":true,"href":"https:\/\/www.europesays.com\/fi\/wp-json\/wp\/v2\/media\/126789"}],"wp:attachment":[{"href":"https:\/\/www.europesays.com\/fi\/wp-json\/wp\/v2\/media?parent=127820"}],"wp:term":[{"taxonomy":"category","embeddable":true,"href":"https:\/\/www.europesays.com\/fi\/wp-json\/wp\/v2\/categories?post=127820"},{"taxonomy":"post_tag","embeddable":true,"href":"https:\/\/www.europesays.com\/fi\/wp-json\/wp\/v2\/tags?post=127820"}],"curies":[{"name":"wp","href":"https:\/\/api.w.org\/{rel}","templated":true}]}}