{"id":127821,"date":"2025-12-28T11:52:08","date_gmt":"2025-12-28T11:52:08","guid":{"rendered":"https:\/\/www.europesays.com\/fi\/127821\/"},"modified":"2025-12-28T11:52:08","modified_gmt":"2025-12-28T11:52:08","slug":"ulkoministerin-mukaan-ukraina-on-olennainen-osa-uutta-euroopan-voimaa","status":"publish","type":"post","link":"https:\/\/www.europesays.com\/fi\/127821\/","title":{"rendered":"Ulkoministerin mukaan Ukraina on olennainen osa uutta Euroopan voimaa"},"content":{"rendered":"<p class=\"ai-optimize-6 ai-optimize-introduction\">\u2013 Yhteenvetona t\u00e4st\u00e4 vuodesta kannattaa huomioida Euroopan her\u00e4\u00e4minen. Eurooppalaiset on pakotettu miettim\u00e4\u00e4n uudelleen rooliaan ja vastuutaan mantereen turvallisuudesta sek\u00e4 vauraudesta, Ukrainan ulkoministeri <strong>Andrii Sybiha<\/strong> kirjoittaa <a href=\"https:\/\/www.facebook.com\/andrij.sybiha\" target=\"_blank\" rel=\"noopener nofollow\">Facebookissa<\/a>.<\/p>\n<p class=\"ai-optimize-7\">H\u00e4n muistuttaa, ett\u00e4 Ukraina on jo pitk\u00e4\u00e4n vakuuttanut eurooppalaiset kumppanit siit\u00e4, ett\u00e4 aggressiivisen Ven\u00e4j\u00e4n aiheuttaman eksistentiaalisen uhan edess\u00e4 tarvitaan uudenlaista mobilisointia: diplomaattista, poliittista, taloudellista ja puolustusteollista.<\/p>\n<p class=\"ai-optimize-8\">Sybiha toteaa, ett\u00e4 Euroopan puolustusteollisuuden ja sotilaspoliittisten piirien her\u00e4\u00e4minen alkoi edellisin\u00e4 vuosina, mutta vuodesta 2025 on tullut todella k\u00e4\u00e4nnekohta.<\/p>\n<p class=\"ai-optimize-9\">\u2013 T\u00e4m\u00e4 on seurausta useista tekij\u00f6ist\u00e4, muun muassa Yhdysvaltojen politiikan muutoksesta, Ven\u00e4j\u00e4n uuden tason provokaatioista ja hybridiuhista, Euroopan hallitusten systemaattisesta yhteisty\u00f6st\u00e4.<\/p>\n<p class=\"ai-optimize-10\">Sybihan mukaan Ukraina suhtautuu my\u00f6nteisesti Euroopan itsen\u00e4isyyden, strategisen autonomian ja omavaraisuuden lis\u00e4\u00e4miseen.<\/p>\n<p class=\"ai-optimize-11\">\u2013 Keskeinen p\u00e4\u00e4t\u00f6s oli nostaa puolustusmenoja viiteen prosenttiin (Nato-maiden bruttokansantuotteesta). Samalla Haagissa pidetyss\u00e4 Naton huippukokouksessa tehty p\u00e4\u00e4t\u00f6s tarjosi mahdollisuuden k\u00e4ytt\u00e4\u00e4 n\u00e4it\u00e4 varoja Ukrainan tukemiseen Ven\u00e4j\u00e4n hy\u00f6kk\u00e4yksi\u00e4 vastaan.<\/p>\n<p class=\"ai-optimize-12\">Sybiha sanoo Ukrainan olevan jo olennainen osa t\u00e4t\u00e4 uutta Euroopan voimaa.<\/p>\n<p class=\"ai-optimize-13\">\u2013 Kiitos armeijamme, jolla on ennenn\u00e4kem\u00e4t\u00f6n kokemus, ainutlaatuinen teknologiamme, asiantuntijamme ja kykymme. Euroopan turvallisuuden tulevaisuuden arkkitehtuuri on mahdollista vain valtiomme osallistumisen avulla. T\u00e4n\u00e4 vuonna tietoisuus on vihdoin ankkuroitu Euroopan t\u00e4rkeimpiin p\u00e4\u00e4kaupunkeihin, h\u00e4n kirjoittaa<\/p>\n<p class=\"ai-optimize-14\">Sybiha huomioi my\u00f6s, ett\u00e4 edistyminen Euroopan yhdentymisen tiell\u00e4, siirtyminen EU:hun ja ylip\u00e4\u00e4t\u00e4\u00e4n vahvan ja yhten\u00e4isen Euroopan rakentaminen ovat johtaneet varsin konkreettisiin p\u00e4\u00e4t\u00f6ksiin.<\/p>\n<p class=\"ai-optimize-15\">\u2013 EU:n vakaa taloudellinen tuki Ukrainalle on muodostunut perustavanlaatuinen tekij\u00e4 maamme vakaudessa t\u00e4ysimittaisen sodan edess\u00e4. Vuoden 2025 aikana Ukrainan EU:n talousarviotuen kokonaism\u00e4\u00e4r\u00e4 oli noin 28,8 miljardia euroa, josta 18,1 miljardia euroa my\u00f6nnettiin ERA:n lainojen puitteissa ja 10,7 miljardia euroa Ukrainan rahoitusv\u00e4lineen puitteissa.<\/p>\n<p class=\"ai-optimize-16\">H\u00e4n kiitt\u00e4\u00e4 my\u00f6s Eurooppa-neuvoston p\u00e4\u00e4t\u00f6st\u00e4 90 miljardin euron lainan my\u00f6nt\u00e4misest\u00e4 Ukrainalle vuosiksi 2026-2027.<\/p>\n<p class=\"ai-optimize-17\">Sybiha toteaa my\u00f6s, ett\u00e4 Ven\u00e4j\u00e4n omaisuus pysyi j\u00e4\u00e4dytettyn\u00e4 toistaiseksi, kunnes Ven\u00e4j\u00e4 korvasi t\u00e4ysim\u00e4\u00e4r\u00e4isesti hy\u00f6kk\u00e4yksest\u00e4\u00e4n aiheutuneet tuhot.<\/p>\n<p class=\"ai-optimize-18\">\u2013 Neuvottelut Ukrainan j\u00e4senyydest\u00e4 EU:ssa etenev\u00e4t dynaamisesti keinotekoisista poliittisista esteist\u00e4 huolimatta. T\u00e4n\u00e4 vuonna kaikkien kuuden neuvotteluklusterin kahdenv\u00e4linen seulonta on saatu p\u00e4\u00e4t\u00f6kseen, kaikkien klustereiden neuvottelupaikat ja kaikki edellytykset niiden avaamiselle t\u00e4yttyiv\u00e4t. Ukraina on p\u00e4\u00e4ssyt 99 prosentin sopimukseen ulkopolitiikasta Euroopan unionin kanssa, Sybiha kirjoittaa.<\/p>\n<p class=\"ai-optimize-19\">\u2013 T\u00e4n\u00e4 vuonna Ukraina tuli askeleen l\u00e4hemm\u00e4s Euroopan unionia \u2013 j\u00e4rjestelm\u00e4llisesti, johdonmukaisesti ja peruuttamattomasti. T\u00e4n\u00e4 vuonna Eurooppa todella her\u00e4si ja vahvisti geostrategisia asemiaan Ukrainan kanssa. Ensi vuonna kehit\u00e4mme t\u00e4t\u00e4 suuntausta. Tarvitsemme yhten\u00e4isen ja vahvan Euroopan, Ven\u00e4j\u00e4n uhalta suojattuna, ennakoivan ja kilpailukykyisen kaikissa globaalissa prosesseissa, ulkoministeri summaa.<\/p>\n<p>Poimintoja videosis\u00e4ll\u00f6ist\u00e4mme<\/p>\n","protected":false},"excerpt":{"rendered":"\u2013 Yhteenvetona t\u00e4st\u00e4 vuodesta kannattaa huomioida Euroopan her\u00e4\u00e4minen. Eurooppalaiset on pakotettu miettim\u00e4\u00e4n uudelleen rooliaan ja vastuutaan mantereen turvallisuudesta&hellip;\n","protected":false},"author":2,"featured_media":127822,"comment_status":"","ping_status":"","sticky":false,"template":"","format":"standard","meta":{"footnotes":""},"categories":[14],"tags":[22,23,26,27,33,31,30,17,24,25,28,29,15,18,21,32,19,20,6107,56,16,59,60,61],"class_list":{"0":"post-127821","1":"post","2":"type-post","3":"status-publish","4":"format-standard","5":"has-post-thumbnail","7":"category-ulkomaat","8":"tag-breaking-news","9":"tag-breakingnews","10":"tag-featured-news","11":"tag-featurednews","12":"tag-fi","13":"tag-finland","14":"tag-finnish","15":"tag-headlines","16":"tag-latest-news","17":"tag-latestnews","18":"tag-main-news","19":"tag-mainnews","20":"tag-news","21":"tag-otsikot","22":"tag-paauutiset","23":"tag-suomi","24":"tag-top-stories","25":"tag-topstories","26":"tag-ukrainan-tuki","27":"tag-ulkomaat","28":"tag-uutiset","29":"tag-world","30":"tag-world-news","31":"tag-worldnews"},"share_on_mastodon":{"url":"https:\/\/pubeurope.com\/@fi\/115797055509658154","error":""},"_links":{"self":[{"href":"https:\/\/www.europesays.com\/fi\/wp-json\/wp\/v2\/posts\/127821","targetHints":{"allow":["GET"]}}],"collection":[{"href":"https:\/\/www.europesays.com\/fi\/wp-json\/wp\/v2\/posts"}],"about":[{"href":"https:\/\/www.europesays.com\/fi\/wp-json\/wp\/v2\/types\/post"}],"author":[{"embeddable":true,"href":"https:\/\/www.europesays.com\/fi\/wp-json\/wp\/v2\/users\/2"}],"replies":[{"embeddable":true,"href":"https:\/\/www.europesays.com\/fi\/wp-json\/wp\/v2\/comments?post=127821"}],"version-history":[{"count":0,"href":"https:\/\/www.europesays.com\/fi\/wp-json\/wp\/v2\/posts\/127821\/revisions"}],"wp:featuredmedia":[{"embeddable":true,"href":"https:\/\/www.europesays.com\/fi\/wp-json\/wp\/v2\/media\/127822"}],"wp:attachment":[{"href":"https:\/\/www.europesays.com\/fi\/wp-json\/wp\/v2\/media?parent=127821"}],"wp:term":[{"taxonomy":"category","embeddable":true,"href":"https:\/\/www.europesays.com\/fi\/wp-json\/wp\/v2\/categories?post=127821"},{"taxonomy":"post_tag","embeddable":true,"href":"https:\/\/www.europesays.com\/fi\/wp-json\/wp\/v2\/tags?post=127821"}],"curies":[{"name":"wp","href":"https:\/\/api.w.org\/{rel}","templated":true}]}}