{"id":127823,"date":"2025-12-28T11:53:11","date_gmt":"2025-12-28T11:53:11","guid":{"rendered":"https:\/\/www.europesays.com\/fi\/127823\/"},"modified":"2025-12-28T11:53:11","modified_gmt":"2025-12-28T11:53:11","slug":"kaupungin-asukkaat-maksavat-pitkaan-rakettivahingoista","status":"publish","type":"post","link":"https:\/\/www.europesays.com\/fi\/127823\/","title":{"rendered":"Kaupungin asukkaat maksavat pitk\u00e4\u00e4n rakettivahingoista"},"content":{"rendered":"<p>Lukijan mielipide|P\u00e4iv\u00e4kodin tuhoutuminen ilotulitteen vuoksi vaikuttaa yh\u00e4 lukuisten perheiden ja ty\u00f6ntekij\u00f6iden arkeen Vantaalla.<\/p>\n<p class=\"article-body nof-ui-body-medium mb-nof-24 px-nof-16\">Kirjoitus on Helsingin Sanomien lukijan mielipide.<\/p>\n<p class=\"article-body mb-nof-24 px-nof-16\">Vuosi sitten varomaton ilotulitteen k\u00e4ytt\u00f6 muutti hetkess\u00e4 l\u00e4hes sadan lapsen perhearjen. Vantaan Askistossa sijaitseva p\u00e4iv\u00e4koti tuhoutui suurelta osin, mik\u00e4 aiheutti monentasoista inhimillist\u00e4 harmia.<\/p>\n<p class=\"article-body mb-nof-24 px-nof-16\">Perheille vahinko merkitsee yh\u00e4 noin seitsem\u00e4n kilometrin p\u00e4iv\u00e4kotimatkaa Myyrm\u00e4keen, jossa v\u00e4ist\u00f6tilat sijaitsevat, kahdessa eri osoitteessa. Kymmenet perheet joutuivat j\u00e4rjest\u00e4m\u00e4\u00e4n arkensa uusiksi. N\u00e4m\u00e4 varhaiskasvatuksen v\u00e4ist\u00f6tilat on tarkoitettu niiden p\u00e4iv\u00e4kotien k\u00e4ytt\u00f6\u00f6n, joihin esimerkiksi tehd\u00e4\u00e4n peruskorjauksia. Tulipalon j\u00e4lkeen tilat oli otettava heti k\u00e4ytt\u00f6\u00f6n, mik\u00e4 vaikeuttaa edelleen peruskorjausten toteuttamista muissa p\u00e4iv\u00e4kodeissa.<\/p>\n<p class=\"article-body mb-nof-24 px-nof-16\">Kaupungin ty\u00f6ntekij\u00e4t menettiv\u00e4t tutun ty\u00f6paikan lis\u00e4ksi ty\u00f6v\u00e4lineet, materiaalit ja vuosien aikana rakentuneet toimintatavat. My\u00f6s lasten tekem\u00e4t ty\u00f6t, muistot ja p\u00e4iv\u00e4kodissa ollut omaisuus tuhoutuivat.<\/p>\n<p class=\"article-body mb-nof-24 px-nof-16\">Ilotulitteiden varomaton k\u00e4ytt\u00f6 sytytt\u00e4\u00e4 vuosittain l\u00e4hes sata tulipaloa. Rakennuspaloja syttyy ilotulitteista joka vuosi keskim\u00e4\u00e4rin kolmesta kymmeneen. Jos palo osuu julkiseen rakennukseen, kuten p\u00e4iv\u00e4kotiin tai kouluun, viime k\u00e4dess\u00e4 kulut koituvat kaupungin asukkaiden maksettaviksi, esimerkiksi kohonneina vakuutusmaksuina.<\/p>\n<p class=\"article-body mb-nof-24 px-nof-16\">On t\u00e4rke\u00e4\u00e4, ett\u00e4 kokoonnumme yhteen juhlistamaan vuoden vaihtumista. Jokavuotiset palovahingot kuitenkin muistuttavat siit\u00e4, ett\u00e4 ilotulitteet eiv\u00e4t ole leikin asia.<\/p>\n<p class=\"article-body mb-nof-24 px-nof-16\">Kerratkaa ilotulitteiden turvallisuusasioita l\u00e4pi porukalla. Se ei ole noloa. Se on kauaskantoista viisautta. Varmistakaa, ettei rakettien k\u00e4yt\u00f6st\u00e4 aiheudu vaaraa ihmisille, rakennuksille, ajoneuvoille eik\u00e4 muullekaan omaisuudelle \u2013 saatikka kohtuutonta haittaa metelist\u00e4 k\u00e4rsiville ihmisille tai lemmikeille. Monissa kunnissa ja kaupungeissa on perustellusti asetettu alueita, joissa ilotulitteita ei saa ampua.<\/p>\n<p class=\"article-body mb-nof-24 px-nof-16\">Yksi tahattomasti vikasuuntaan l\u00e4htenyt raketti voi j\u00e4tt\u00e4\u00e4 j\u00e4ljet, jotka ulottuvat vuosien p\u00e4\u00e4h\u00e4n ja koskettavat kokonaisia yhteis\u00f6j\u00e4.<\/p>\n<p class=\"article-body mb-nof-24 px-nof-16\">Mikko M\u00e4kel\u00e4<\/p>\n<p class=\"article-body mb-nof-24 px-nof-16\">varhaiskasvatuksen johtaja<\/p>\n<p class=\"article-body mb-nof-24 px-nof-16\">Vantaan kaupunki<\/p>\n<p class=\"article-body mb-nof-24 px-nof-16\">Lari-Pekka Kyll\u00f6nen<\/p>\n<p class=\"article-body mb-nof-24 px-nof-16\">yritysten omaisuusriskeist\u00e4 vastaava chief underwriter<\/p>\n<p class=\"article-body mb-nof-24 px-nof-16\">L\u00e4hitapiola<\/p>\n<p class=\"article-body nof-ui-body-medium mb-nof-24 px-nof-16\">HS:n toimitus valitsee ja toimittaa mielipidekirjoitukset. Voit j\u00e4tt\u00e4\u00e4 mielipidekirjoituksen tai tutustua kirjoitusten periaatteisiin osoitteessa <a class=\"underline underline-offset-[0.12em] [text-decoration-thickness:var(--generic-link-underline-thickness)] [text-decoration-color:var(--generic-link-underline-color)] [text-decoration-skip-ink:var(--generic-link-underline-skip-ink)] break-words article-endnote\" href=\"http:\/\/www.hs.fi\/kirjoitamielipidekirjoitus\/\" rel=\"nofollow noopener\" target=\"_blank\">http:\/\/www.hs.fi\/kirjoitamielipidekirjoitus\/<\/a>. <\/p>\n","protected":false},"excerpt":{"rendered":"Lukijan mielipide|P\u00e4iv\u00e4kodin tuhoutuminen ilotulitteen vuoksi vaikuttaa yh\u00e4 lukuisten perheiden ja ty\u00f6ntekij\u00f6iden arkeen Vantaalla. Kirjoitus on Helsingin Sanomien lukijan&hellip;\n","protected":false},"author":2,"featured_media":96697,"comment_status":"","ping_status":"","sticky":false,"template":"","format":"standard","meta":{"footnotes":""},"categories":[12],"tags":[22,23,26,27,33,31,30,17,46,24,25,28,29,15,18,21,32,19,20,16],"class_list":{"0":"post-127823","1":"post","2":"type-post","3":"status-publish","4":"format-standard","5":"has-post-thumbnail","7":"category-suomi","8":"tag-breaking-news","9":"tag-breakingnews","10":"tag-featured-news","11":"tag-featurednews","12":"tag-fi","13":"tag-finland","14":"tag-finnish","15":"tag-headlines","16":"tag-helsingin-sanomat","17":"tag-latest-news","18":"tag-latestnews","19":"tag-main-news","20":"tag-mainnews","21":"tag-news","22":"tag-otsikot","23":"tag-paauutiset","24":"tag-suomi","25":"tag-top-stories","26":"tag-topstories","27":"tag-uutiset"},"share_on_mastodon":{"url":"https:\/\/pubeurope.com\/@fi\/115797059508180538","error":""},"_links":{"self":[{"href":"https:\/\/www.europesays.com\/fi\/wp-json\/wp\/v2\/posts\/127823","targetHints":{"allow":["GET"]}}],"collection":[{"href":"https:\/\/www.europesays.com\/fi\/wp-json\/wp\/v2\/posts"}],"about":[{"href":"https:\/\/www.europesays.com\/fi\/wp-json\/wp\/v2\/types\/post"}],"author":[{"embeddable":true,"href":"https:\/\/www.europesays.com\/fi\/wp-json\/wp\/v2\/users\/2"}],"replies":[{"embeddable":true,"href":"https:\/\/www.europesays.com\/fi\/wp-json\/wp\/v2\/comments?post=127823"}],"version-history":[{"count":0,"href":"https:\/\/www.europesays.com\/fi\/wp-json\/wp\/v2\/posts\/127823\/revisions"}],"wp:featuredmedia":[{"embeddable":true,"href":"https:\/\/www.europesays.com\/fi\/wp-json\/wp\/v2\/media\/96697"}],"wp:attachment":[{"href":"https:\/\/www.europesays.com\/fi\/wp-json\/wp\/v2\/media?parent=127823"}],"wp:term":[{"taxonomy":"category","embeddable":true,"href":"https:\/\/www.europesays.com\/fi\/wp-json\/wp\/v2\/categories?post=127823"},{"taxonomy":"post_tag","embeddable":true,"href":"https:\/\/www.europesays.com\/fi\/wp-json\/wp\/v2\/tags?post=127823"}],"curies":[{"name":"wp","href":"https:\/\/api.w.org\/{rel}","templated":true}]}}