{"id":127824,"date":"2025-12-28T11:54:09","date_gmt":"2025-12-28T11:54:09","guid":{"rendered":"https:\/\/www.europesays.com\/fi\/127824\/"},"modified":"2025-12-28T11:54:09","modified_gmt":"2025-12-28T11:54:09","slug":"kerttu-niskanen-karu-paljastus-tour-de-skilla","status":"publish","type":"post","link":"https:\/\/www.europesays.com\/fi\/127824\/","title":{"rendered":"Kerttu Niskanen: karu paljastus Tour de Skill\u00e4"},"content":{"rendered":"<p>Kerttu Niskanen ilmoittaa, ettei taistele t\u00e4n\u00e4 vuonna Tour de Skin k\u00e4rkisijoista. H\u00e4n paljastaa k\u00e4rsineens\u00e4 terveysmurheista.<\/p>\n<p class=\"article-body mb-nof-24 px-nof-16\">Toblach<\/p>\n<p class=\"article-body mb-nof-24 px-nof-16\">Suomen hiihtot\u00e4hden <a class=\"article-personlink\" href=\"https:\/\/www.is.fi\/haku\/?query=Kerttu%20Niskasen\" rel=\"nofollow noopener\" target=\"_blank\">Kerttu Niskasen<\/a> alkukausi on ollut poikkeuksellisen heikko.<\/p>\n<p class=\"article-body mb-nof-24 px-nof-16\">Joulukuun puoliv\u00e4liss\u00e4 Davosin maailmancupissa Niskanen ilmoitti \u201dvihelt\u00e4v\u00e4ns\u00e4 pelin poikki\u201d, mutta siit\u00e4 huolimatta konkarihiiht\u00e4j\u00e4 p\u00e4\u00e4tti l\u00e4hte\u00e4 Tour de Skille.<\/p>\n<p class=\"article-body mb-nof-24 px-nof-16\">\u2013 Lep\u00e4sin. Olimme suunnitelleet viett\u00e4v\u00e4mme joulun Davosissa, ja kaikki oli jo varattu, joten j\u00e4imme sinne, Niskanen sanoi Toblachin sprinttikarsinnan j\u00e4lkeen.<\/p>\n<p class=\"article-body mb-nof-24 px-nof-16\">\u2013 Mutta on t\u00e4ss\u00e4 joutunut heng\u00e4ht\u00e4m\u00e4\u00e4n ja vihelt\u00e4m\u00e4\u00e4n sill\u00e4 tavalla pelin poikki.<\/p>\n<p class=\"article-body mb-nof-24 px-nof-16\">Niskanen sijoittui Tourin avanneessa vapaan sprintiss\u00e4 40:nneksi (+9,77). Paikka er\u00e4vaiheeseen j\u00e4i vajaan kahden sekunnin p\u00e4\u00e4h\u00e4n.<\/p>\n<p class=\"article-body mb-nof-24 px-nof-16\">Ei h\u00e4n itselt\u00e4\u00e4n kummempia odottanutkaan.<\/p>\n<p class=\"article-body mb-nof-24 px-nof-16\">\u2013 Ei iskukyky tietenk\u00e4\u00e4n hyv\u00e4 ole. Mutta p\u00e4iv\u00e4 kerrallaan pit\u00e4\u00e4 menn\u00e4 ja katsotaan, mit\u00e4 tuleva tuo ja mit\u00e4 tehd\u00e4\u00e4n.<\/p>\n<p class=\"article-body mb-nof-24 px-nof-16\">\u2013 Yritin ladata sen, mink\u00e4 l\u00e4htee, mutta kun tied\u00e4n tilanteen, odotukset eiv\u00e4t olleet kummoiset.<\/p>\n<p class=\"article-body mb-nof-24 px-nof-16\">Niskanen paljastaa k\u00e4rsineens\u00e4 viime aikoina terveysmurheista.<\/p>\n<p class=\"article-body mb-nof-24 px-nof-16\">\u2013 Terveyshaasteita on ollut nyt t\u00e4ss\u00e4. Mutta ei voi mit\u00e4\u00e4n. T\u00e4ll\u00e4 Tourilla en pysty taistelemaan k\u00e4rkisijoista.<\/p>\n<p class=\"article-body mb-nof-24 px-nof-16\">Sairasteluita siis?<\/p>\n<p class=\"article-body mb-nof-24 px-nof-16\">\u2013 No mit\u00e4 siihen terveyteen nyt voi liitt\u00e4\u00e4.<\/p>\n<p class=\"article-body mb-nof-24 px-nof-16\">Niskanen ei halunnut tarkentaa sen enemp\u00e4\u00e4 terveyshaasteitaan.<\/p>\n<p class=\"article-body mb-nof-24 px-nof-16\">\u2013 En. Haluan pit\u00e4\u00e4 asiat ihan itsell\u00e4ni.<\/p>\n<p class=\"article-body mb-nof-24 px-nof-16\">\u2013 Minulla on nyt lupa kilpailla, mutta kuten sanoin, katsotaan p\u00e4iv\u00e4 kerrallaan, miten menee ja mit\u00e4 ratkaisuja tehd\u00e4\u00e4n.<\/p>\n<p><img decoding=\"async\" src=\"https:\/\/www.europesays.com\/fi\/wp-content\/uploads\/2025\/12\/1766922849_21_468.jpg\" alt=\"Kerttu Niskasen alkukausi on ollut harvinaisen vaikea.\" class=\"_Img_1rerz_1\" style=\"aspect-ratio:1.5\" loading=\"eager\"\/><\/p>\n<p class=\"article-picture-caption\">Kerttu Niskasen alkukausi on ollut harvinaisen vaikea. Kuva:\u00a0Antti H\u00e4m\u00e4l\u00e4inen\/IS<\/p>\n<p class=\"article-body mb-nof-24 px-nof-16\">Nelj\u00e4ll\u00e4 edellisell\u00e4 Tour de Skill\u00e4 Niskanen sijoittui joka kerta k\u00e4rkiviisikkoon, kruununa vuoden 2023 kakkossija.<\/p>\n<p class=\"article-body mb-nof-24 px-nof-16\">T\u00e4m\u00e4n vuoden Tour on kuitenkin riisuttu versio aiemmasta.<\/p>\n<p class=\"article-body mb-nof-24 px-nof-16\">\u2013 Vaikka olisin huippukunnossa, t\u00e4m\u00e4 olisi ehk\u00e4 huonoin Tour, mit\u00e4 olen urallani hiiht\u00e4nyt. Kuusi kisaa, joiden joukossa kaksi sprintti\u00e4, yksi kymppi ja yksi 20 kilometrin kisa. Sprinteist\u00e4 tulee jo 60 sekuntia takkiin per kisa.<\/p>\n<p class=\"article-body mb-nof-24 px-nof-16\">\u2013 Kuten Norjan miehet olivat kommentoineet, ei t\u00e4m\u00e4 Tour de Ski saisi olla. T\u00e4m\u00e4 on enemm\u00e4n sprintti-Tour. Vaikka olisin huippukunnossa, t\u00e4ss\u00e4 olisi minun vaikea olla ihan huipulla, Niskanen sanoi.<\/p>\n<p>Fakta<\/p>\n<p>Tour de Skin ohjelmaToblach<\/p>\n<p class=\"article-body mb-nof-24 px-nof-16\">Sunnuntai 28.12. <\/p>\n<ul class=\"mb-nof-16 px-nof-16 article-unordered-list unordered-list\">\n<li class=\"unordered-list-item\">\n<p class=\"article-body\">12.45 M\/N Sprintin (v) karsinta<\/p>\n<\/li>\n<li class=\"unordered-list-item\">\n<p class=\"article-body\">15.15 M\/N Sprintin (v) er\u00e4vaihe<\/p>\n<\/li>\n<\/ul>\n<p class=\"article-body mb-nof-24 px-nof-16\">Maanantai 29.12.<\/p>\n<ul class=\"mb-nof-16 px-nof-16 article-unordered-list unordered-list\">\n<li class=\"unordered-list-item\">\n<p class=\"article-body\">12.45 M 10 km (p) v\u00e4liaikal\u00e4ht\u00f6<\/p>\n<\/li>\n<li class=\"unordered-list-item\">\n<p class=\"article-body\">15.45 N 10 km (p) v\u00e4liaikal\u00e4ht\u00f6<\/p>\n<\/li>\n<\/ul>\n<p class=\"article-body mb-nof-24 px-nof-16\">Keskiviikko 31.12.<\/p>\n<ul class=\"mb-nof-16 px-nof-16 article-unordered-list unordered-list\">\n<li class=\"unordered-list-item\">\n<p class=\"article-body\">12.30 M 5 km (v) er\u00e4yhteisl\u00e4ht\u00f6<\/p>\n<\/li>\n<li class=\"unordered-list-item\">\n<p class=\"article-body\">15.30 N 5 km (v) er\u00e4yhteisl\u00e4ht\u00f6<\/p>\n<\/li>\n<\/ul>\n<p class=\"article-body mb-nof-24 px-nof-16\">Torstai 1.1.<\/p>\n<ul class=\"mb-nof-16 px-nof-16 article-unordered-list unordered-list\">\n<li class=\"unordered-list-item\">\n<p class=\"article-body\">11.30 M 20 km (p) takaa-ajo<\/p>\n<\/li>\n<li class=\"unordered-list-item\">\n<p class=\"article-body\">13.30 N 20 km (p) takaa-ajo<\/p>\n<\/li>\n<\/ul>\n<p>Val di Fiemme<\/p>\n<p class=\"article-body mb-nof-24 px-nof-16\">Lauantai 3.1.<\/p>\n<ul class=\"mb-nof-16 px-nof-16 article-unordered-list unordered-list\">\n<li class=\"unordered-list-item\">\n<p class=\"article-body\">13.15 N\/M Sprintin (p) karsinta<\/p>\n<\/li>\n<li class=\"unordered-list-item\">\n<p class=\"article-body\">15.45 N\/M Sprintin (p) er\u00e4vaihe<\/p>\n<\/li>\n<\/ul>\n<p class=\"article-body mb-nof-24 px-nof-16\">Sunnuntai 4.1.<\/p>\n<ul class=\"mb-nof-16 px-nof-16 article-unordered-list unordered-list\">\n<li class=\"unordered-list-item\">\n<p class=\"article-body\">12.30 M Loppunousu, 10 km (v) yhteisl\u00e4ht\u00f6<\/p>\n<\/li>\n<li class=\"unordered-list-item\">\n<p class=\"article-body\">16.30 N Loppunousu, 10 km (v) yhteisl\u00e4ht\u00f6<\/p>\n<\/li>\n<\/ul>\n<p class=\"article-body mb-nof-24 px-nof-16\">Nelj\u00e4 ensimm\u00e4ist\u00e4 kilpailup\u00e4iv\u00e4\u00e4 Toblachista n\u00e4kyv\u00e4t vain Viaplayn kanavilla: suoratoistopalvelussa ja Viaplay 1 Urheilu -maksukanavalla.<\/p>\n<p class=\"article-body mb-nof-24 px-nof-16\">Val di Fiemmess\u00e4 k\u00e4yt\u00e4v\u00e4t kaksi viimeist\u00e4 osakilpailua n\u00e4kyv\u00e4t sek\u00e4 Viaplayn ett\u00e4 Ylen kanavilla.<\/p>\n","protected":false},"excerpt":{"rendered":"Kerttu Niskanen ilmoittaa, ettei taistele t\u00e4n\u00e4 vuonna Tour de Skin k\u00e4rkisijoista. H\u00e4n paljastaa k\u00e4rsineens\u00e4 terveysmurheista. Toblach Suomen hiihtot\u00e4hden&hellip;\n","protected":false},"author":2,"featured_media":127825,"comment_status":"","ping_status":"","sticky":false,"template":"","format":"standard","meta":{"footnotes":""},"categories":[5],"tags":[22,23,26,27,33,31,30,17,34,24,25,28,29,15,18,21,32,19,20,16],"class_list":{"0":"post-127824","1":"post","2":"type-post","3":"status-publish","4":"format-standard","5":"has-post-thumbnail","7":"category-otsikot","8":"tag-breaking-news","9":"tag-breakingnews","10":"tag-featured-news","11":"tag-featurednews","12":"tag-fi","13":"tag-finland","14":"tag-finnish","15":"tag-headlines","16":"tag-ilta-sanomat","17":"tag-latest-news","18":"tag-latestnews","19":"tag-main-news","20":"tag-mainnews","21":"tag-news","22":"tag-otsikot","23":"tag-paauutiset","24":"tag-suomi","25":"tag-top-stories","26":"tag-topstories","27":"tag-uutiset"},"share_on_mastodon":{"url":"https:\/\/pubeurope.com\/@fi\/115797063646721464","error":""},"_links":{"self":[{"href":"https:\/\/www.europesays.com\/fi\/wp-json\/wp\/v2\/posts\/127824","targetHints":{"allow":["GET"]}}],"collection":[{"href":"https:\/\/www.europesays.com\/fi\/wp-json\/wp\/v2\/posts"}],"about":[{"href":"https:\/\/www.europesays.com\/fi\/wp-json\/wp\/v2\/types\/post"}],"author":[{"embeddable":true,"href":"https:\/\/www.europesays.com\/fi\/wp-json\/wp\/v2\/users\/2"}],"replies":[{"embeddable":true,"href":"https:\/\/www.europesays.com\/fi\/wp-json\/wp\/v2\/comments?post=127824"}],"version-history":[{"count":0,"href":"https:\/\/www.europesays.com\/fi\/wp-json\/wp\/v2\/posts\/127824\/revisions"}],"wp:featuredmedia":[{"embeddable":true,"href":"https:\/\/www.europesays.com\/fi\/wp-json\/wp\/v2\/media\/127825"}],"wp:attachment":[{"href":"https:\/\/www.europesays.com\/fi\/wp-json\/wp\/v2\/media?parent=127824"}],"wp:term":[{"taxonomy":"category","embeddable":true,"href":"https:\/\/www.europesays.com\/fi\/wp-json\/wp\/v2\/categories?post=127824"},{"taxonomy":"post_tag","embeddable":true,"href":"https:\/\/www.europesays.com\/fi\/wp-json\/wp\/v2\/tags?post=127824"}],"curies":[{"name":"wp","href":"https:\/\/api.w.org\/{rel}","templated":true}]}}