{"id":127826,"date":"2025-12-28T12:06:12","date_gmt":"2025-12-28T12:06:12","guid":{"rendered":"https:\/\/www.europesays.com\/fi\/127826\/"},"modified":"2025-12-28T12:06:12","modified_gmt":"2025-12-28T12:06:12","slug":"macron-reagoi-brigitte-bardotn-kuolemaan","status":"publish","type":"post","link":"https:\/\/www.europesays.com\/fi\/127826\/","title":{"rendered":"Macron reagoi Brigitte Bardot\u2019n kuolemaan"},"content":{"rendered":"<p>Ranskalaisn\u00e4yttelij\u00e4 Brigitte Bardot kuoli 91-vuotiaana.<\/p>\n<p class=\"paragraph\">Ranskan presidentti <a href=\"https:\/\/www.iltalehti.fi\/henkilot\/Emmanuel Macron\" class=\"article-link-person-page\" rel=\"nofollow noopener\" target=\"_blank\">Emmanuel Macron<\/a> reagoi viestipalvelu <a href=\"https:\/\/x.com\/EmmanuelMacron\/status\/2005225451707617285\" rel=\"noopener nofollow\">X:ss\u00e4<\/a> n\u00e4yttelij\u00e4 <a href=\"https:\/\/www.iltalehti.fi\/henkilot\/Brigitte Bardot\" class=\"article-link-person-page\" rel=\"nofollow noopener\" target=\"_blank\">Brigitte Bardot\u2019n<\/a> kuolemaan.<\/p>\n<p class=\"paragraph\">\u2013 H\u00e4nen elokuvansa, h\u00e4nen \u00e4\u00e4nens\u00e4, h\u00e4nen h\u00e4ik\u00e4isev\u00e4 kunniansa, h\u00e4nen alkukirjaimensa, h\u00e4nen surunsa, h\u00e4nen antelias intohimonsa el\u00e4imi\u00e4 kohtaan, h\u00e4nen kasvonsa, jotka muuttuivat Mariannaksi, Brigitte Bardot ilmensi vapauden el\u00e4m\u00e4\u00e4. Ranskalainen olemassaolo, universaali loisto. H\u00e4n kosketti meit\u00e4. Me suremme vuosisadan legendaa, Macron kirjoittaa.<\/p>\n<p class=\"paragraph\">My\u00f6s ranskalaisen laitaoikeistopuolue Kansallisen liittouman puheenjohtaja <a href=\"https:\/\/www.iltalehti.fi\/henkilot\/Jordan Bardella\" class=\"article-link-person-page\" rel=\"nofollow noopener\" target=\"_blank\">Jordan Bardella<\/a> on reagoinut Bardot\u2019n kuolemaan X:ss\u00e4.<\/p>\n<p class=\"paragraph\">\u2013 Ranskan kansa menett\u00e4\u00e4 t\u00e4n\u00e4\u00e4n Mariannen, jota se on niin paljon rakastanut ja jonka kauneus on h\u00e4mm\u00e4stytt\u00e4nyt maailmaa. Brigitte Bardot oli syd\u00e4mellinen, vakaumuksellinen ja luonteikas nainen. Intohimoinen is\u00e4nmaallinen, el\u00e4inten rakastaja, joita h\u00e4n suojeli koko el\u00e4m\u00e4ns\u00e4 ajan, h\u00e4n ilmensi yksin\u00e4\u00e4n koko ranskalaista aikakautta, mutta my\u00f6s ja ennen kaikkea tietty\u00e4 k\u00e4sityst\u00e4 rohkeudesta ja vapaudesta, Bardella kirjoittaa.<\/p>\n<p class=\"paragraph\">Bardot oli Kansallisen liittouman tukija. H\u00e4nen aviomiehens\u00e4 <a href=\"http:\/\/www.iltalehti.fi\/henkilot\/Bernard d&#039;Ormale\" class=\"article-link-person-page\" rel=\"nofollow noopener\" target=\"_blank\">Bernard d\u2019Ormale<\/a> on puolueen perustajan <a href=\"https:\/\/www.iltalehti.fi\/henkilot\/Jean-Marie Le Pen\" class=\"article-link-person-page\" rel=\"nofollow noopener\" target=\"_blank\">Jean-Marie Le Penin<\/a> entinen neuvonantaja.<\/p>\n<p class=\"paragraph\">Bardot kuoli 91-vuotiaana.<\/p>\n<p><img decoding=\"async\" class=\"image image-show image-preview\" src=\"https:\/\/www.europesays.com\/fi\/wp-content\/uploads\/2025\/10\/96d5a0f85a07a72166798b9aa5484067809c6a5746f2d71add0195475c020c60.jpg\" alt=\"\"\/><img decoding=\"async\" class=\"image image-show\" src=\"https:\/\/www.europesays.com\/fi\/wp-content\/uploads\/2025\/10\/1761277569_225_96d5a0f85a07a72166798b9aa5484067809c6a5746f2d71add0195475c020c60.jpg\" alt=\"\"\/><\/p>\n<p>Brigitte Bardot kuoli 91-vuotiaana. AOP<\/p>\n","protected":false},"excerpt":{"rendered":"Ranskalaisn\u00e4yttelij\u00e4 Brigitte Bardot kuoli 91-vuotiaana. Ranskan presidentti Emmanuel Macron reagoi viestipalvelu X:ss\u00e4 n\u00e4yttelij\u00e4 Brigitte Bardot\u2019n kuolemaan. \u2013 H\u00e4nen&hellip;\n","protected":false},"author":2,"featured_media":70694,"comment_status":"","ping_status":"","sticky":false,"template":"","format":"standard","meta":{"footnotes":""},"categories":[136],"tags":[35,153,407,2234,137,33,31,30,408,142,637,32,140,109],"class_list":{"0":"post-127826","1":"post","2":"type-post","3":"status-publish","4":"format-standard","5":"has-post-thumbnail","7":"category-julkkikset","8":"tag-24h","9":"tag-audiovisuaalinen-media","10":"tag-celebrities","11":"tag-elokuvagenre","12":"tag-entertainment","13":"tag-fi","14":"tag-finland","15":"tag-finnish","16":"tag-julkkikset","17":"tag-poliitikot","18":"tag-politiikka","19":"tag-suomi","20":"tag-tv-ja-elokuvat","21":"tag-viihde"},"share_on_mastodon":{"url":"https:\/\/pubeurope.com\/@fi\/115797110825046616","error":""},"_links":{"self":[{"href":"https:\/\/www.europesays.com\/fi\/wp-json\/wp\/v2\/posts\/127826","targetHints":{"allow":["GET"]}}],"collection":[{"href":"https:\/\/www.europesays.com\/fi\/wp-json\/wp\/v2\/posts"}],"about":[{"href":"https:\/\/www.europesays.com\/fi\/wp-json\/wp\/v2\/types\/post"}],"author":[{"embeddable":true,"href":"https:\/\/www.europesays.com\/fi\/wp-json\/wp\/v2\/users\/2"}],"replies":[{"embeddable":true,"href":"https:\/\/www.europesays.com\/fi\/wp-json\/wp\/v2\/comments?post=127826"}],"version-history":[{"count":0,"href":"https:\/\/www.europesays.com\/fi\/wp-json\/wp\/v2\/posts\/127826\/revisions"}],"wp:featuredmedia":[{"embeddable":true,"href":"https:\/\/www.europesays.com\/fi\/wp-json\/wp\/v2\/media\/70694"}],"wp:attachment":[{"href":"https:\/\/www.europesays.com\/fi\/wp-json\/wp\/v2\/media?parent=127826"}],"wp:term":[{"taxonomy":"category","embeddable":true,"href":"https:\/\/www.europesays.com\/fi\/wp-json\/wp\/v2\/categories?post=127826"},{"taxonomy":"post_tag","embeddable":true,"href":"https:\/\/www.europesays.com\/fi\/wp-json\/wp\/v2\/tags?post=127826"}],"curies":[{"name":"wp","href":"https:\/\/api.w.org\/{rel}","templated":true}]}}