{"id":127827,"date":"2025-12-28T12:10:11","date_gmt":"2025-12-28T12:10:11","guid":{"rendered":"https:\/\/www.europesays.com\/fi\/127827\/"},"modified":"2025-12-28T12:10:11","modified_gmt":"2025-12-28T12:10:11","slug":"nama-ovat-kymmenen-parasta-pate-mustajarven-laulamaa-kappaletta","status":"publish","type":"post","link":"https:\/\/www.europesays.com\/fi\/127827\/","title":{"rendered":"N\u00e4m\u00e4 ovat kymmenen parasta Pate Mustaj\u00e4rven laulamaa kappaletta"},"content":{"rendered":"<p>Yli 700 Aamulehden lukijaa vastasi avoimeen kyselyyn parhaasta Pate Mustaj\u00e4rven (1956\u20132025) laulamasta kappaleesta. Esittelemme kymmenen k\u00e4rjen valikoitune perusteluineen.<\/p>\n<p class=\"article-body mb-nof-24 px-nof-16\">Aamulehti<\/p>\n<p>1. Ukkometso<\/p>\n<p class=\"article-body mb-nof-24 px-nof-16\">Vuoden 2000 sooloalbumilta Ukkometso. S\u00e4vellys <a class=\"article-personlink\" href=\"https:\/\/www.aamulehti.fi\/haku\/?query=J.%20Karjalainen\" rel=\"nofollow noopener\" target=\"_blank\">J. Karjalainen<\/a>, sanat <a class=\"article-personlink\" href=\"https:\/\/www.aamulehti.fi\/haku\/?query=Timo%20Kiiskinen\" rel=\"nofollow noopener\" target=\"_blank\">Timo Kiiskinen<\/a>.<\/p>\n<p class=\"article-body mb-nof-24 px-nof-16\">\u201dTiivist\u00e4\u00e4 ytimekk\u00e4\u00e4sti yhdenlaisen Suomi-kuvan. Kukaan muu ei voisi laulaa t\u00e4t\u00e4 yht\u00e4 vakuuttavasti, Paten \u00e4\u00e4ni ja tapa laulaa oli t\u00e4h\u00e4n ainoa oikea. Pate oli j\u00e4rk\u00e4le.\u201d <a class=\"article-personlink\" href=\"https:\/\/www.aamulehti.fi\/haku\/?query=Pasi%20Maarannitty\" rel=\"nofollow noopener\" target=\"_blank\">Pasi Maarannitty<\/a>, Helsinki.<\/p>\n<p class=\"article-body mb-nof-24 px-nof-16\">\u201dSellainen yhteishengen kohottaja ja tietynlainen oodi suomalaiselle baarikulttuurille.\u201d <a class=\"article-personlink\" href=\"https:\/\/www.aamulehti.fi\/haku\/?query=Mirva%20Korvala\" rel=\"nofollow noopener\" target=\"_blank\">Mirva Korvala<\/a>, Pori.<\/p>\n<p class=\"article-body mb-nof-24 px-nof-16\">\u201dKappale tihkuu raivokasta ja puhdasta \u00e4ij\u00e4energiaa.\u201d <a class=\"article-personlink\" href=\"https:\/\/www.aamulehti.fi\/haku\/?query=Aki%20Pitk%C3%A4j%C3%A4rvi\" rel=\"nofollow noopener\" target=\"_blank\">Aki Pitk\u00e4j\u00e4rvi<\/a>, Pirkkala.<\/p>\n<p>2. Kuuma kes\u00e4<\/p>\n<p class=\"article-body mb-nof-24 px-nof-16\">Vuoden 1985 Popeda-albumilta Pohjant\u00e4hden alla. S\u00e4vellys <a class=\"article-personlink\" href=\"https:\/\/www.aamulehti.fi\/haku\/?query=Costello%20Hautam%C3%A4ki\" rel=\"nofollow noopener\" target=\"_blank\">Costello Hautam\u00e4ki<\/a>, sanat <a class=\"article-personlink\" href=\"https:\/\/www.aamulehti.fi\/haku\/?query=Pate%20Mustaj%C3%A4rvi\" rel=\"nofollow noopener\" target=\"_blank\">Pate Mustaj\u00e4rvi<\/a>.<\/p>\n<p class=\"article-body mb-nof-24 px-nof-16\">\u201dKaikkien kes\u00e4biisien \u00e4iti. T\u00e4ss\u00e4 on tavoitettu tietty tunnelma ja odotus tulevasta kes\u00e4st\u00e4, kun kaikki on viel\u00e4 edess\u00e4. Hyvin kest\u00e4nyt aikaa. Klassikkojen klassikko. Saa kylm\u00e4t v\u00e4reet viel\u00e4 n\u00e4in 40 vuotta ilmestymisens\u00e4 j\u00e4lkeen.\u201d <a class=\"article-personlink\" href=\"https:\/\/www.aamulehti.fi\/haku\/?query=Heli%20Sivula\" rel=\"nofollow noopener\" target=\"_blank\">Heli Sivula<\/a>, Sein\u00e4joki.<\/p>\n<p class=\"article-body mb-nof-24 px-nof-16\">\u201dTulee teini-i\u00e4n kynnys mieleen, tukka takana, el\u00e4m\u00e4 edess\u00e4.\u201d <a class=\"article-personlink\" href=\"https:\/\/www.aamulehti.fi\/haku\/?query=Tuire%20Niemi,\" rel=\"nofollow noopener\" target=\"_blank\">Tuire Niemi,<\/a> Virrat.<\/p>\n<p><img decoding=\"async\" src=\"https:\/\/www.europesays.com\/fi\/wp-content\/uploads\/2025\/12\/1766923809_421_468.jpg\" alt=\"Popeda Porissa vuonna 1985.\" class=\"_Img_1rerz_1\" style=\"aspect-ratio:1.5106215578284816\" loading=\"eager\"\/><\/p>\n<p class=\"article-picture-caption\">Popeda Porissa vuonna 1985. Kuva:\u00a0Marja-Leena Helin \/ Sanoman arkisto<\/p>\n<p>3. Tahdotko mut tosiaan<\/p>\n<p class=\"article-body mb-nof-24 px-nof-16\">Vuoden 1994 Popeda-albumilta H.\u00d6.N.\u00d6. S\u00e4vellys <a class=\"article-personlink\" href=\"https:\/\/www.aamulehti.fi\/haku\/?query=Markku%20Petander\" rel=\"nofollow noopener\" target=\"_blank\">Markku Petander<\/a>, sanat <a class=\"article-personlink\" href=\"https:\/\/www.aamulehti.fi\/haku\/?query=Pauli%20Hanhiniemi\" rel=\"nofollow noopener\" target=\"_blank\">Pauli Hanhiniemi<\/a>.<\/p>\n<p class=\"article-body mb-nof-24 px-nof-16\">\u201dUpean s\u00e4vyk\u00e4s kitarariffi. Ja ennen kaikkea suomalaisuuteen vetoavat sanat, jotka kertovat kaikenvoittavasta tunteesta ja yhteenkuuluvuudesta. Ei ole hyv\u00e4 olla yksin. Paten sentimentaalista puolta.\u201d <a class=\"article-personlink\" href=\"https:\/\/www.aamulehti.fi\/haku\/?query=Visa%20M%C3%A4kel%C3%A4\" rel=\"nofollow noopener\" target=\"_blank\">Visa M\u00e4kel\u00e4<\/a>, Nokia.<\/p>\n<p class=\"article-body mb-nof-24 px-nof-16\">&#8221;\u2019Elinkautistani seurassasi p\u00e4iv\u00e4st\u00e4 p\u00e4iv\u00e4\u00e4n lusimaan.\u2019 Ihana lause.\u201d <a class=\"article-personlink\" href=\"https:\/\/www.aamulehti.fi\/haku\/?query=Anneli%20Kyl%C3%A4\" rel=\"nofollow noopener\" target=\"_blank\">Anneli Kyl\u00e4<\/a>, Nokia.<\/p>\n<p>4. Punaista ja makeaa<\/p>\n<p class=\"article-body mb-nof-24 px-nof-16\">Vuoden 1992 Popeda-albumilta Svoboda. S\u00e4vellys Markku Petander, sanat Pate Mustaj\u00e4rvi.<\/p>\n<p class=\"article-body mb-nof-24 px-nof-16\">\u201dT\u00e4m\u00e4 on vaan niin hyv\u00e4: hei baarimikko, voitko ojentaa jotain punaista ja makeaa? Syd\u00e4n karrella, miesten mies pyyt\u00e4\u00e4 punaista ja makeaa.\u201d <a class=\"article-personlink\" href=\"https:\/\/www.aamulehti.fi\/haku\/?query=Riitta%20Aaltonen\" rel=\"nofollow noopener\" target=\"_blank\">Riitta Aaltonen<\/a>, Nokia.<\/p>\n<p class=\"article-body mb-nof-24 px-nof-16\">\u201dKaunis melodia ja koskettavat sanat. Kertos\u00e4e lauletaan aina tunteella.\u201d <a class=\"article-personlink\" href=\"https:\/\/www.aamulehti.fi\/haku\/?query=Veikko%20Valanne\" rel=\"nofollow noopener\" target=\"_blank\">Veikko Valanne<\/a>, Tampere.<\/p>\n<p>5. Repe ja Lissu<\/p>\n<p class=\"article-body mb-nof-24 px-nof-16\">Vuoden 1992 Popeda-albumilta Svoboda. S\u00e4vellys Markku Petander, sanat Pate Mustaj\u00e4rvi.<\/p>\n<p class=\"article-body mb-nof-24 px-nof-16\">\u201dSilkkaa riemua, kes\u00e4\u00e4, rakkautta, rokkia ja eloa&#8230;oli silloin ja t\u00e4st\u00e4 eteenp\u00e4in my\u00f6s.\u201d <a class=\"article-personlink\" href=\"https:\/\/www.aamulehti.fi\/haku\/?query=Riku%20Aarnio\" rel=\"nofollow noopener\" target=\"_blank\">Riku Aarnio<\/a>, Kuusankoski.<\/p>\n<p class=\"article-body mb-nof-24 px-nof-16\">\u201dSiihen kiteytyy Popeda, kunnon \u00e4ij\u00e4meininki\u00e4, mutta sis\u00e4lt\u00e4 l\u00f6ytyy herkk\u00e4 syd\u00e4n.\u201d <a class=\"article-personlink\" href=\"https:\/\/www.aamulehti.fi\/haku\/?query=Heidi%20Vistil%C3%A4\" rel=\"nofollow noopener\" target=\"_blank\">Heidi Vistil\u00e4<\/a>, Sastamala.<\/p>\n<p><img decoding=\"async\" src=\"https:\/\/www.europesays.com\/fi\/wp-content\/uploads\/2025\/12\/1766923809_209_468.jpg\" alt=\"Mustaj\u00e4rvi Tullikamarin Pakkahuoneella Popedan 20-vuotisjuhlissa vuonna 1998.\" class=\"_Img_1rerz_1\" style=\"aspect-ratio:0.6609375\" loading=\"eager\"\/><\/p>\n<p class=\"article-picture-caption\">Mustaj\u00e4rvi Tullikamarin Pakkahuoneella Popedan 20-vuotisjuhlissa vuonna 1998. Kuva:\u00a0Sampo Rautamaa \/ Aamulehden arkisto<\/p>\n<p>6. Jukeboxin luona<\/p>\n<p class=\"article-body mb-nof-24 px-nof-16\">Vuoden 1998 sooloalbumilta Vol. 4. S\u00e4vellys <a class=\"article-personlink\" href=\"https:\/\/www.aamulehti.fi\/haku\/?query=Olli%20Lindholm\" rel=\"nofollow noopener\" target=\"_blank\">Olli Lindholm<\/a>, sanat Pauli Hanhiniemi.<\/p>\n<p class=\"article-body mb-nof-24 px-nof-16\">\u201dT\u00e4m\u00e4 kappale kolahti heti sen kuultuani. Jokin sanoissa iskee syv\u00e4lle sisimp\u00e4\u00e4ni.\u201d <a class=\"article-personlink\" href=\"https:\/\/www.aamulehti.fi\/haku\/?query=Piia%20Verho\" rel=\"nofollow noopener\" target=\"_blank\">Piia Verho<\/a>, Lemp\u00e4\u00e4l\u00e4.<\/p>\n<p class=\"article-body mb-nof-24 px-nof-16\">\u201dSyv\u00e4llinen ja lohtuakin tuova biisi, joka soi korvamatona useasti l\u00e4heisten sairastuessa ja siirtyess\u00e4 tuonpuoleiseen. \u2019M\u00e4 veikkaan et kuitenkin kerran kimpassa kummitellaan&#8230;\u2019\u201d. <a class=\"article-personlink\" href=\"https:\/\/www.aamulehti.fi\/haku\/?query=Kirsi-Maria%20P%C3%A4ntt%C3%B6nen\" rel=\"nofollow noopener\" target=\"_blank\">Kirsi-Maria P\u00e4ntt\u00f6nen<\/a>, Tampere.<\/p>\n<p>7. M\u00e4\u00e4 ja Tapparan mies<\/p>\n<p class=\"article-body mb-nof-24 px-nof-16\">Vuoden 1992 Popeda-albumilta Svoboda. The Sensational Alex Harvey Bandin Tomahawk Kid -kappaleen suomentanut <a class=\"article-personlink\" href=\"https:\/\/www.aamulehti.fi\/haku\/?query=Juice%20Leskinen\" rel=\"nofollow noopener\" target=\"_blank\">Juice Leskinen<\/a>.<\/p>\n<p class=\"article-body mb-nof-24 px-nof-16\">\u201dParasta Patea. Niin monet mestaruudet yhdess\u00e4 juhlittu.\u201d <a class=\"article-personlink\" href=\"https:\/\/www.aamulehti.fi\/haku\/?query=Risto%20Rantala\" rel=\"nofollow noopener\" target=\"_blank\">Risto Rantala<\/a>, Urjala.<\/p>\n<p class=\"article-body mb-nof-24 px-nof-16\">\u201dPaten tulkinta Popedan keulilla iskee kuin kirves p\u00e4\u00e4h\u00e4n. L\u00e4mmitt\u00e4\u00e4 Tapparan kannattajan mielt\u00e4. Kiitos Pauli!\u201d <a class=\"article-personlink\" href=\"https:\/\/www.aamulehti.fi\/haku\/?query=Pete%20Uosukainen\" rel=\"nofollow noopener\" target=\"_blank\">Pete Uosukainen<\/a>, Nokia.<\/p>\n<p><img decoding=\"async\" src=\"https:\/\/www.europesays.com\/fi\/wp-content\/uploads\/2025\/12\/1766923810_696_468.jpg\" alt=\"Pate Mustaj\u00e4rvi Tapparan mestaruusjuhlissa Keskustorilla vuonna 2016.\" class=\"_Img_1rerz_1\" style=\"aspect-ratio:1.3973799126637554\" loading=\"eager\"\/><\/p>\n<p class=\"article-picture-caption\">Pate Mustaj\u00e4rvi Tapparan mestaruusjuhlissa Keskustorilla vuonna 2016. Kuva:\u00a0Timo Marttila<\/p>\n<p>8. El\u00e4inten vallankumous<\/p>\n<p class=\"article-body mb-nof-24 px-nof-16\">Vuoden 1986 Popeda-albumilta 15 GT Golden Turbo. S\u00e4vellys Costello Hautam\u00e4ki, sanat Pate Mustaj\u00e4rvi.<\/p>\n<p class=\"article-body mb-nof-24 px-nof-16\">\u201dVaikea perustella, ollut aina jotenkin t\u00e4rke\u00e4 biisi ja korostuu n\u00e4in\u00e4 hetkin\u00e4. Hieno biisi, joka on tehty yst\u00e4v\u00e4n poismenon j\u00e4lkimainingeissa.\u201d <a class=\"article-personlink\" href=\"https:\/\/www.aamulehti.fi\/haku\/?query=Juho%20Laaksonen\" rel=\"nofollow noopener\" target=\"_blank\">Juho Laaksonen<\/a>, Tampere.<\/p>\n<p class=\"article-body mb-nof-24 px-nof-16\">\u201dSiin\u00e4 on jotain erityist\u00e4.\u201d <a class=\"article-personlink\" href=\"https:\/\/www.aamulehti.fi\/haku\/?query=Ville%20Lehtonen\" rel=\"nofollow noopener\" target=\"_blank\">Ville Lehtonen<\/a>, Tampere.<\/p>\n<p>9. Kersantti Karoliina<\/p>\n<p class=\"article-body mb-nof-24 px-nof-16\">Vuoden 1992 Popeda-albumilta Svoboda. S\u00e4vellys Costello Hautam\u00e4ki, sanat <a class=\"article-personlink\" href=\"https:\/\/www.aamulehti.fi\/haku\/?query=Mika%20Sundqvist\" rel=\"nofollow noopener\" target=\"_blank\">Mika Sundqvist<\/a>.<\/p>\n<p class=\"article-body mb-nof-24 px-nof-16\">\u201dKappaleessa oli silloin ajankohtaisuutta, ovelaa huumoria ja rytmik\u00e4st\u00e4 menoa.\u201d <a class=\"article-personlink\" href=\"https:\/\/www.aamulehti.fi\/haku\/?query=Seppo%20Huhtam%C3%A4ki\" rel=\"nofollow noopener\" target=\"_blank\">Seppo Huhtam\u00e4ki<\/a>, Tampere.<\/p>\n<p class=\"article-body mb-nof-24 px-nof-16\">\u201dHyv\u00e4 sanoitus, rytmi niin mukaansatempaava. Meid\u00e4n edesmennyt Leevi-koirakin paukutti tassuaan lattiaan Kersantti Karoliinan tahdissa.\u201d <a class=\"article-personlink\" href=\"https:\/\/www.aamulehti.fi\/haku\/?query=Pirjo%20Juhola\" rel=\"nofollow noopener\" target=\"_blank\">Pirjo Juhola<\/a>, Tampere.<\/p>\n<p>10. Synnyimme l\u00e4htem\u00e4\u00e4n<\/p>\n<p class=\"article-body mb-nof-24 px-nof-16\">Soolosingle vuodelta 1986. Bruce Springsteenin Born to Run -kappaleen suomentanut Juice Leskinen.<\/p>\n<p class=\"article-body mb-nof-24 px-nof-16\">\u201dYksi parhaista k\u00e4\u00e4nn\u00f6sbiiseist\u00e4, ja Pate esitt\u00e4\u00e4 sen uskottavasti.\u201d <a class=\"article-personlink\" href=\"https:\/\/www.aamulehti.fi\/haku\/?query=Arto%20Huhtinen\" rel=\"nofollow noopener\" target=\"_blank\">Arto Huhtinen<\/a>, Tampere.<\/p>\n<p class=\"article-body mb-nof-24 px-nof-16\">\u201dParas koskaan tehty cover-biisi suomeksi. Juicen upeat lyriikat ja Paten sek\u00e4 b\u00e4ndin loistava tulkinta.\u201d <a class=\"article-personlink\" href=\"https:\/\/www.aamulehti.fi\/haku\/?query=Vesa%20Rikala\" rel=\"nofollow noopener\" target=\"_blank\">Vesa Rikala<\/a>, Tampere.<\/p>\n<p><img decoding=\"async\" src=\"https:\/\/www.europesays.com\/fi\/wp-content\/uploads\/2025\/12\/1766923810_844_468.jpg\" alt=\"Pate Mustaj\u00e4rvi Tampereen p\u00e4iv\u00e4n yll\u00e4tystapahtuman esiintyj\u00e4n\u00e4 Keskustorilla vuonna 2020.\" class=\"_Img_1rerz_1\" style=\"aspect-ratio:1.5011727912431587\" loading=\"eager\"\/><\/p>\n<p class=\"article-picture-caption\">Pate Mustaj\u00e4rvi Tampereen p\u00e4iv\u00e4n yll\u00e4tystapahtuman esiintyj\u00e4n\u00e4 Keskustorilla vuonna 2020. Kuva:\u00a0Enna Rautiainen \/ Aamulehden arkisto<\/p>\n","protected":false},"excerpt":{"rendered":"Yli 700 Aamulehden lukijaa vastasi avoimeen kyselyyn parhaasta Pate Mustaj\u00e4rven (1956\u20132025) laulamasta kappaleesta. Esittelemme kymmenen k\u00e4rjen valikoitune perusteluineen.&hellip;\n","protected":false},"author":2,"featured_media":127828,"comment_status":"","ping_status":"","sticky":false,"template":"","format":"standard","meta":{"footnotes":""},"categories":[132],"tags":[157,137,33,31,30,195,47,32,109],"class_list":{"0":"post-127827","1":"post","2":"type-post","3":"status-publish","4":"format-standard","5":"has-post-thumbnail","7":"category-musiikki","8":"tag-aamulehti","9":"tag-entertainment","10":"tag-fi","11":"tag-finland","12":"tag-finnish","13":"tag-music","14":"tag-musiikki","15":"tag-suomi","16":"tag-viihde"},"share_on_mastodon":{"url":"https:\/\/pubeurope.com\/@fi\/115797126805732005","error":""},"_links":{"self":[{"href":"https:\/\/www.europesays.com\/fi\/wp-json\/wp\/v2\/posts\/127827","targetHints":{"allow":["GET"]}}],"collection":[{"href":"https:\/\/www.europesays.com\/fi\/wp-json\/wp\/v2\/posts"}],"about":[{"href":"https:\/\/www.europesays.com\/fi\/wp-json\/wp\/v2\/types\/post"}],"author":[{"embeddable":true,"href":"https:\/\/www.europesays.com\/fi\/wp-json\/wp\/v2\/users\/2"}],"replies":[{"embeddable":true,"href":"https:\/\/www.europesays.com\/fi\/wp-json\/wp\/v2\/comments?post=127827"}],"version-history":[{"count":0,"href":"https:\/\/www.europesays.com\/fi\/wp-json\/wp\/v2\/posts\/127827\/revisions"}],"wp:featuredmedia":[{"embeddable":true,"href":"https:\/\/www.europesays.com\/fi\/wp-json\/wp\/v2\/media\/127828"}],"wp:attachment":[{"href":"https:\/\/www.europesays.com\/fi\/wp-json\/wp\/v2\/media?parent=127827"}],"wp:term":[{"taxonomy":"category","embeddable":true,"href":"https:\/\/www.europesays.com\/fi\/wp-json\/wp\/v2\/categories?post=127827"},{"taxonomy":"post_tag","embeddable":true,"href":"https:\/\/www.europesays.com\/fi\/wp-json\/wp\/v2\/tags?post=127827"}],"curies":[{"name":"wp","href":"https:\/\/api.w.org\/{rel}","templated":true}]}}