{"id":127829,"date":"2025-12-28T12:11:08","date_gmt":"2025-12-28T12:11:08","guid":{"rendered":"https:\/\/www.europesays.com\/fi\/127829\/"},"modified":"2025-12-28T12:11:08","modified_gmt":"2025-12-28T12:11:08","slug":"halloween-tahden-aiti-kielsi-manaaja-elokuvaan-osallistumisen-han-halusi-etta-minulla-on-lapsuus","status":"publish","type":"post","link":"https:\/\/www.europesays.com\/fi\/127829\/","title":{"rendered":"Halloween-t\u00e4hden \u00e4iti kielsi Manaaja-elokuvaan osallistumisen &#8211; &#8221;H\u00e4n halusi ett\u00e4 minulla on lapsuus&#8221;"},"content":{"rendered":"<p><strong>Jamie Lee Curtis <\/strong>(Tosi valheita, Halloween, Vaihtokaupat) kertoi nuoruuden kokemuksistaan Manaaja<strong> <\/strong>(1973) -elokuvaan liittyen<\/p>\n<p>Curtis kertoi, ett\u00e4 h\u00e4nen \u00e4itins\u00e4 <strong>Janet Leigh <\/strong>kielsi osallistumasta elokuvan koekuvauksiin. Curtis oli tuolloin 12-vuotias.<\/p>\n<p>\u201dOlen kiitollinen siit\u00e4, ett\u00e4 \u00e4iti teki tuon ratkaisun. H\u00e4n haluisi, ett\u00e4 minulla on lapsuus\u201d, Curtis kertoi <strong>Drew Barrymoren<\/strong> ohjelmassa.<\/p>\n<p>Lue my\u00f6s: <a href=\"https:\/\/www.episodi.fi\/uutiset\/tiesitko-tata-jamie-lee-curtis-varoitti-studiota-tyttoni-mun-elokuvan-markkinoinnista-macaulay-culkin-joutui-tuhansien-ampiaisten-syotiksi\/\" title=\"Tiesitk\u00f6 t\u00e4t\u00e4? Jamie Lee Curtis varoitti studiota Tytt\u00f6ni mun -elokuvasta \u2013 Macaulay Culkin joutui tuhansien ampiaisten sy\u00f6tiksi\" class=\"underline-custom !font-montserrat !font-bold !underline-offset-4 !decoration-4 !decoration-episodi-blue !text-md\" rel=\"nofollow noopener\" target=\"_blank\">Tiesitk\u00f6 t\u00e4t\u00e4? Jamie Lee Curtis varoitti studiota Tytt\u00f6ni mun -elokuvasta \u2013 Macaulay Culkin joutui tuhansien ampiaisten sy\u00f6tiksi<\/a><\/p>\n<p>Lue my\u00f6s: <a href=\"https:\/\/www.episodi.fi\/uutiset\/jennifer-love-hewitt-kiittelee-ikonista-naiskauhukonkaria-tien-raivaamisesta-hanen-paluutaan-varten\/\" title=\"Jennifer Love Hewitt kiittelee ikonista naiskauhukonkaria \u201dtien raivaamisesta\u201d h\u00e4nen paluutaan varten\" class=\"underline-custom !font-montserrat !font-bold !underline-offset-4 !decoration-4 !decoration-episodi-blue !text-md\" rel=\"nofollow noopener\" target=\"_blank\">Jennifer Love Hewitt kiittelee ikonista naiskauhukonkaria \u201dtien raivaamisesta\u201d h\u00e4nen paluutaan varten<\/a><\/p>\n<p>Lue my\u00f6s: <a href=\"https:\/\/www.episodi.fi\/uutiset\/kulttihetki-ilmaiskatselussa-70-luvun-kauhun-mestariteos-halloween-mullisti-koko-genren\/\" title=\"Kulttihetki: Ilmaiskatselussa 70-luvun kauhun mestariteos \u2013 Halloween mullisti koko genren\" class=\"underline-custom !font-montserrat !font-bold !underline-offset-4 !decoration-4 !decoration-episodi-blue !text-md\" rel=\"nofollow noopener\" target=\"_blank\">Kulttihetki: Ilmaiskatselussa 70-luvun kauhun mestariteos \u2013 Halloween mullisti koko genren<\/a><\/p>\n<p>Curtis muistelee, ett\u00e4 elokuvan tuottaja soitti Leigh\u2019lle. H\u00e4nen t\u00e4ht\u00e4imess\u00e4\u00e4n oli saada tytt\u00f6 Reganin rooliin, koska h\u00e4n oli \u201cs\u00f6p\u00f6, pirtsakka ja persoonallinen\u201d.<\/p>\n<p>Roolin sai lopulta <strong>Linda Blair<\/strong>, joka nousi Oscar-ehdokkaaksi.<\/p>\n<p>\u200bMy\u00f6hemmin Curtisista tuli kauhugenren \u201cscream queen\u201d, kun h\u00e4n esiintyi<strong> John Carpenterin<\/strong> Halloweenissa (1978), 19-vuotiaana.<\/p>\n<p>Curtis koki, ett\u00e4 Halloweenin ajoitus oli huomattavasti parempi kuin uran alkaminen lapsit\u00e4hten\u00e4 Manaajassa.<\/p>\n<p>L\u00e4hde: <a href=\"https:\/\/variety.com\/2025\/film\/news\/jamie-lee-curtis-janet-leigh-the-exorcist-audition-1236618486\/\" rel=\"nofollow noopener\" target=\"_blank\">Variety<\/a><\/p>\n<p>Lue my\u00f6s: <a href=\"https:\/\/www.episodi.fi\/uutiskirje\/?uutiskirjemainos=tekstilinkkimainos\" title=\"Tilaa Episodin uutiskirje ja voit voittaa leffalippuja! Nappaa tv-vinkit suoraan s\u00e4hk\u00f6postiin t\u00e4st\u00e4.\" class=\"underline-custom !font-montserrat !font-bold !underline-offset-4 !decoration-4 !decoration-episodi-blue !text-md\" rel=\"nofollow noopener\" target=\"_blank\">Tilaa Episodin uutiskirje ja voit voittaa leffalippuja! Nappaa katseluvinkit suoraan s\u00e4hk\u00f6postiin t\u00e4st\u00e4.<\/a><\/p>\n","protected":false},"excerpt":{"rendered":"Jamie Lee Curtis (Tosi valheita, Halloween, Vaihtokaupat) kertoi nuoruuden kokemuksistaan Manaaja (1973) -elokuvaan liittyen Curtis kertoi, ett\u00e4 h\u00e4nen&hellip;\n","protected":false},"author":2,"featured_media":127830,"comment_status":"","ping_status":"","sticky":false,"template":"","format":"standard","meta":{"footnotes":""},"categories":[131],"tags":[155,137,33,173,31,30,10803,1044,15897,172,32,109],"class_list":{"0":"post-127829","1":"post","2":"type-post","3":"status-publish","4":"format-standard","5":"has-post-thumbnail","7":"category-elokuvat","8":"tag-elokuvat","9":"tag-entertainment","10":"tag-fi","11":"tag-film","12":"tag-finland","13":"tag-finnish","14":"tag-halloween","15":"tag-jamie-lee-curtis","16":"tag-manaaja","17":"tag-movies","18":"tag-suomi","19":"tag-viihde"},"share_on_mastodon":{"url":"https:\/\/pubeurope.com\/@fi\/115797130109560614","error":""},"_links":{"self":[{"href":"https:\/\/www.europesays.com\/fi\/wp-json\/wp\/v2\/posts\/127829","targetHints":{"allow":["GET"]}}],"collection":[{"href":"https:\/\/www.europesays.com\/fi\/wp-json\/wp\/v2\/posts"}],"about":[{"href":"https:\/\/www.europesays.com\/fi\/wp-json\/wp\/v2\/types\/post"}],"author":[{"embeddable":true,"href":"https:\/\/www.europesays.com\/fi\/wp-json\/wp\/v2\/users\/2"}],"replies":[{"embeddable":true,"href":"https:\/\/www.europesays.com\/fi\/wp-json\/wp\/v2\/comments?post=127829"}],"version-history":[{"count":0,"href":"https:\/\/www.europesays.com\/fi\/wp-json\/wp\/v2\/posts\/127829\/revisions"}],"wp:featuredmedia":[{"embeddable":true,"href":"https:\/\/www.europesays.com\/fi\/wp-json\/wp\/v2\/media\/127830"}],"wp:attachment":[{"href":"https:\/\/www.europesays.com\/fi\/wp-json\/wp\/v2\/media?parent=127829"}],"wp:term":[{"taxonomy":"category","embeddable":true,"href":"https:\/\/www.europesays.com\/fi\/wp-json\/wp\/v2\/categories?post=127829"},{"taxonomy":"post_tag","embeddable":true,"href":"https:\/\/www.europesays.com\/fi\/wp-json\/wp\/v2\/tags?post=127829"}],"curies":[{"name":"wp","href":"https:\/\/api.w.org\/{rel}","templated":true}]}}