{"id":127831,"date":"2025-12-28T12:13:10","date_gmt":"2025-12-28T12:13:10","guid":{"rendered":"https:\/\/www.europesays.com\/fi\/127831\/"},"modified":"2025-12-28T12:13:10","modified_gmt":"2025-12-28T12:13:10","slug":"joel-pohjanpalo-teki-sen-taas-huikea-maalivire-sai-jatkoa-italiassa","status":"publish","type":"post","link":"https:\/\/www.europesays.com\/fi\/127831\/","title":{"rendered":"Joel Pohjanpalo teki sen taas \u2013 Huikea maalivire sai jatkoa Italiassa"},"content":{"rendered":"<p>Joel Pohjanpalo on l\u00f6yt\u00e4nyt vahvan vireen Italiassa.<\/p>\n<p><img decoding=\"async\" class=\"image image-show image-preview\" src=\"https:\/\/www.europesays.com\/fi\/wp-content\/uploads\/2025\/12\/b22bc38ca276198b27bd537a7a0f9e3cfe574cf7a1f405190dc2cf1dc64d52e2.jpg\" alt=\"\"\/><img decoding=\"async\" class=\"image image-show\" src=\"https:\/\/www.europesays.com\/fi\/wp-content\/uploads\/2025\/12\/1766923990_984_b22bc38ca276198b27bd537a7a0f9e3cfe574cf7a1f405190dc2cf1dc64d52e2.jpg\" alt=\"\"\/><\/p>\n<p>Joel Pohjanpalo johtaa Serie B:n maalip\u00f6rssi\u00e4. Arkistokuva. AOP<\/p>\n<p class=\"paragraph\"><strong>Joel Pohjanpalo<\/strong> jatkoi maalitehtailuaan Italian Serie B:ss\u00e4, kun h\u00e4n viimeisteli Palermon ainoan osuman 1\u20130-voitossa Calcio Padovaa vastaan lauantaina.<\/p>\n<p class=\"paragraph\">Ottelun ainoan osuman Pohjanpalo laukoi komealla laukauksella avausjakson lopussa, kun <strong>Antonio Palumbo<\/strong> keskitti pallon boksiin.<\/p>\n<p class=\"paragraph\">Suomalaishy\u00f6kk\u00e4\u00e4j\u00e4 on ollut viime viikkoina hurjassa iskussa, sill\u00e4 edelliseen kuuteen otteluun on syntynyt per\u00e4ti kahdeksan maalia. Pohjanpalo johtaa nyt Italian toiseksi korkeimman sarjatason maalip\u00f6rssi\u00e4 12 osumallaan. Toisena oleva Modenassa pelaava <strong>Ettore Gliozzi<\/strong> on kolmen maalin p\u00e4\u00e4ss\u00e4.<\/p>\n<p class=\"paragraph\">Palermo on voittanut viidest\u00e4 viime ottelusta nelj\u00e4, ja kuudennen per\u00e4kk\u00e4isen tappiottoman pelins\u00e4 my\u00f6t\u00e4 se nousi sarjataulukossa nelj\u00e4nnelle sijalle. Palermo on sarjan k\u00e4rkipaikkaa pit\u00e4v\u00e4\u00e4 Frosinonea viisi pistett\u00e4 per\u00e4ss\u00e4.<\/p>\n<p class=\"paragraph\">Palermon maalivahti <strong>Jesse Joronen<\/strong> piti nollat torjuen kuusi laukausta, varmistaen samalla joukkueensa voiton.<\/p>\n","protected":false},"excerpt":{"rendered":"Joel Pohjanpalo on l\u00f6yt\u00e4nyt vahvan vireen Italiassa. Joel Pohjanpalo johtaa Serie B:n maalip\u00f6rssi\u00e4. Arkistokuva. AOP Joel Pohjanpalo jatkoi&hellip;\n","protected":false},"author":2,"featured_media":127832,"comment_status":"","ping_status":"","sticky":false,"template":"","format":"standard","meta":{"footnotes":""},"categories":[158],"tags":[35,33,31,30,43,42,1984,41,1623,159,32,160],"class_list":{"0":"post-127831","1":"post","2":"type-post","3":"status-publish","4":"format-standard","5":"has-post-thumbnail","7":"category-urheilu","8":"tag-24h","9":"tag-fi","10":"tag-finland","11":"tag-finnish","12":"tag-jalkapallo","13":"tag-jalkapalloon-perustuvat-lajit","14":"tag-jalkapallopelaajat-miehet","15":"tag-liikunta-ja-urheilu","16":"tag-miesten-jalkapallo","17":"tag-sports","18":"tag-suomi","19":"tag-urheilu"},"share_on_mastodon":{"url":"https:\/\/pubeurope.com\/@fi\/115797138663457186","error":""},"_links":{"self":[{"href":"https:\/\/www.europesays.com\/fi\/wp-json\/wp\/v2\/posts\/127831","targetHints":{"allow":["GET"]}}],"collection":[{"href":"https:\/\/www.europesays.com\/fi\/wp-json\/wp\/v2\/posts"}],"about":[{"href":"https:\/\/www.europesays.com\/fi\/wp-json\/wp\/v2\/types\/post"}],"author":[{"embeddable":true,"href":"https:\/\/www.europesays.com\/fi\/wp-json\/wp\/v2\/users\/2"}],"replies":[{"embeddable":true,"href":"https:\/\/www.europesays.com\/fi\/wp-json\/wp\/v2\/comments?post=127831"}],"version-history":[{"count":0,"href":"https:\/\/www.europesays.com\/fi\/wp-json\/wp\/v2\/posts\/127831\/revisions"}],"wp:featuredmedia":[{"embeddable":true,"href":"https:\/\/www.europesays.com\/fi\/wp-json\/wp\/v2\/media\/127832"}],"wp:attachment":[{"href":"https:\/\/www.europesays.com\/fi\/wp-json\/wp\/v2\/media?parent=127831"}],"wp:term":[{"taxonomy":"category","embeddable":true,"href":"https:\/\/www.europesays.com\/fi\/wp-json\/wp\/v2\/categories?post=127831"},{"taxonomy":"post_tag","embeddable":true,"href":"https:\/\/www.europesays.com\/fi\/wp-json\/wp\/v2\/tags?post=127831"}],"curies":[{"name":"wp","href":"https:\/\/api.w.org\/{rel}","templated":true}]}}