{"id":127837,"date":"2025-12-28T12:18:11","date_gmt":"2025-12-28T12:18:11","guid":{"rendered":"https:\/\/www.europesays.com\/fi\/127837\/"},"modified":"2025-12-28T12:18:11","modified_gmt":"2025-12-28T12:18:11","slug":"italialaisten-lahjoitukset-palestiinan-siviileille-paatyivat-hamasille","status":"publish","type":"post","link":"https:\/\/www.europesays.com\/fi\/127837\/","title":{"rendered":"Italialaisten lahjoitukset Palestiinan siviileille p\u00e4\u00e4tyiv\u00e4t Hamasille"},"content":{"rendered":"<p>Gaza|Rahat ker\u00e4ttiin humanitaarisen avun nimiss\u00e4.<\/p>\n<p>Lue tiivistelm\u00e4<\/p>\n<p class=\"article-body mb-nof-24 px-nof-16 sndp-summary-bullet-point-font\">Italian viranomaiset pid\u00e4ttiv\u00e4t yhdeks\u00e4n ihmist\u00e4, joiden ep\u00e4ill\u00e4\u00e4n rahoittaneen terroristij\u00e4rjest\u00f6 Hamasia hyv\u00e4ntekev\u00e4isyysj\u00e4rjest\u00f6jen kautta.<\/p>\n<p class=\"article-body mb-nof-24 px-nof-16 sndp-summary-bullet-point-font\">Poliisi kertoo, ett\u00e4 yli 70 prosenttia ker\u00e4tyist\u00e4 varoista, noin seitsem\u00e4n miljoonaa euroa, p\u00e4\u00e4tyi suoraan Hamasille tai siihen kytkeytyville tahoille.<\/p>\n<p class=\"article-body mb-nof-24 px-nof-16 sndp-summary-bullet-point-font\">Yksi pid\u00e4tetyist\u00e4 on Italian palestiinalaisten j\u00e4rjest\u00f6n puheenjohtaja Mohammad Hannoun, jonka Yhdysvaltain valtiovarainministeri\u00f6 listasi terrorismin rahoittajaksi jo vuonna 2023.<\/p>\n<p class=\"article-body mb-nof-24 px-nof-16\">Italian viranomaiset kertoivat lauantaina pid\u00e4tt\u00e4neens\u00e4 yhdeks\u00e4n ihmist\u00e4, joiden ep\u00e4ill\u00e4\u00e4n rahoittaneen palestiinalaista terroristij\u00e4rjest\u00f6\u00e4 Hamasia perustamiensa hyv\u00e4ntekev\u00e4isyysj\u00e4rjest\u00f6jen kautta.<\/p>\n<p class=\"article-body mb-nof-24 px-nof-16\">Tapauksesta kertovat muun muassa sanomalehdet <a class=\"underline underline-offset-[0.12em] [text-decoration-thickness:var(--generic-link-underline-thickness)] [text-decoration-color:var(--generic-link-underline-color)] [text-decoration-skip-ink:var(--generic-link-underline-skip-ink)] break-words\" href=\"https:\/\/roma.corriere.it\/notizie\/politica\/25_dicembre_28\/fondi-hamas-terrorismo-cellula-nascosta-sigle-benefiche-blitz-rompo-pc-014445cf-6381-4693-9e2a-23019af55xlk.shtml\" rel=\"nofollow noopener\" target=\"_blank\">Corriere della Sera<\/a> ja <a class=\"underline underline-offset-[0.12em] [text-decoration-thickness:var(--generic-link-underline-thickness)] [text-decoration-color:var(--generic-link-underline-color)] [text-decoration-skip-ink:var(--generic-link-underline-skip-ink)] break-words\" href=\"https:\/\/www.repubblica.it\/cronaca\/2025\/12\/27\/news\/terrorismo_associazioni_benefiche_finanziano_hamas_nove_arresti-425062101\/\" rel=\"nofollow noopener\" target=\"_blank\">La Repubblica<\/a>.<\/p>\n<p class=\"article-body mb-nof-24 px-nof-16\">Pid\u00e4tetyt ker\u00e4siv\u00e4t lahjoituksia palestiinalaisille siviileille tarkoitetun humanitaarisen avun nimiss\u00e4 kolmen j\u00e4rjest\u00f6n kautta.<\/p>\n<p class=\"article-body mb-nof-24 px-nof-16\">Poliisi kertoi, ett\u00e4 yli 70 prosenttia kahden vuoden aikana ker\u00e4tyist\u00e4 varoista, noin seitsem\u00e4n miljoonaa euroa, p\u00e4\u00e4tyi suoraksi rahoitukseksi Hamasille tai siihen kytkeytyville tahoille. Osa varoista p\u00e4\u00e4tyi \u201dterrorihy\u00f6kk\u00e4yksiin liitetyille perheenj\u00e4senille\u201d, kertoi poliisi tiedotteessaan uutistoimisto AFP:n mukaan.<\/p>\n<p class=\"article-body mb-nof-24 px-nof-16\">Poliisi takavarikoi ep\u00e4iltyjen varallisuutta yli kahdeksan miljoonan euron edest\u00e4.<\/p>\n<p class=\"article-body mb-nof-24 px-nof-16\">Italian median mukaan yksi pid\u00e4tetyist\u00e4 on <a class=\"article-personlink\" href=\"https:\/\/www.hs.fi\/haku\/?query=Mohammad%20Hannoun\" rel=\"nofollow noopener\" target=\"_blank\">Mohammad Hannoun<\/a>, 63, Italian palestiinalaisten j\u00e4rjest\u00f6n puheenjohtaja ja ammatiltaan arkkitehti. H\u00e4n on Jordanian kansalainen mutta el\u00e4nyt Italiassa jo l\u00e4hes 40 vuotta. H\u00e4n asuu Genovassa.<\/p>\n<p class=\"article-body mb-nof-24 px-nof-16\">Pid\u00e4tykset tehtiin juuri nyt, koska poliisin tutkinta uskoi Hannounin valmistelevan pakoa Turkkiin, joka EU-maista poiketen ei pid\u00e4 Hamasia terroristij\u00e4rjest\u00f6n\u00e4.<\/p>\n<p><img decoding=\"async\" src=\"https:\/\/www.europesays.com\/fi\/wp-content\/uploads\/2025\/12\/1766924291_363_468.jpg\" alt=\"P\u00e4iv\u00e4\u00e4m\u00e4t\u00f6n arkistokuva Italian palestiinalaisten j\u00e4rjest\u00f6n puheenjohtajasta, pid\u00e4tetyst\u00e4 Mohammad Hannounista.\" class=\"_Img_1rerz_1\" style=\"aspect-ratio:1.5011727912431587\" loading=\"eager\"\/><\/p>\n<p class=\"article-picture-caption\">P\u00e4iv\u00e4\u00e4m\u00e4t\u00f6n arkistokuva Italian palestiinalaisten j\u00e4rjest\u00f6n puheenjohtajasta, pid\u00e4tetyst\u00e4 Mohammad Hannounista. Kuva:\u00a0Enriquez \/ Ropi<\/p>\n<p class=\"article-body mb-nof-24 px-nof-16\">\u201dOn valetta, ett\u00e4 olisin Hamas-johtaja. Olen vain palestiinalainen, joka on taistellut vuosikymmeni\u00e4 kansansa oikeuksien puolesta\u201d, Hannoun sanoi elokuussa italialaisen Il Sole 24 Ore -lehden <a class=\"underline underline-offset-[0.12em] [text-decoration-thickness:var(--generic-link-underline-thickness)] [text-decoration-color:var(--generic-link-underline-color)] [text-decoration-skip-ink:var(--generic-link-underline-skip-ink)] break-words\" href=\"https:\/\/en.ilsole24ore.com\/art\/who-and-have-a-leader-propal-black-list-usa-AILUDGb\" rel=\"nofollow noopener\" target=\"_blank\">mukaan<\/a>.<\/p>\n<p class=\"article-body mb-nof-24 px-nof-16\">\u201dMinulla on my\u00f6t\u00e4tuntoa Hamasia kohtaan niin kuin mit\u00e4 tahansa oikeuksiani puolustavaa tahoa kohtaan.\u201d<\/p>\n<p class=\"article-body mb-nof-24 px-nof-16\">Marraskuussa 2024 Milanon viranomaiset m\u00e4\u00e4r\u00e4siv\u00e4t Hannounille poikkeuksellisen kiellon tulla kaupunkiin, perusteena kannustaminen v\u00e4kivaltaan. M\u00e4\u00e4r\u00e4ys liittyi h\u00e4nen kommentteihinsa Amsterdamissa tehdyist\u00e4 hy\u00f6kk\u00e4yksist\u00e4 israelilaisen Makkabi Tel Avivin jalkapallojoukkueen kannattajia vastaan.<\/p>\n<p class=\"article-body mb-nof-24 px-nof-16\">Yhdysvaltain valtiovarainministeri\u00f6 listasi Hannounin terrorismin rahoittajaksi jo toissa vuonna. Viime vuonna ministeri\u00f6 totesi, ett\u00e4 yksi nyt tutkituista hyv\u00e4ntekev\u00e4isyysj\u00e4rjest\u00f6ist\u00e4 oli v\u00e4litt\u00e4nyt Hamasille nelj\u00e4 miljoonaa euroa.<\/p>\n<p class=\"article-body mb-nof-24 px-nof-16\">\u201dEi nelj\u00e4 vaan kymmenen\u201d, Hannoun sanoi poliisin salakuuntelemana Corriere della Seran mukaan.<\/p>\n<p class=\"article-body mb-nof-24 px-nof-16\">\u201dMe uhraamme rahaamme ja aikaamme, mutta he uhraavat henkens\u00e4\u201d, Hannounin veli totesi.<\/p>\n<p class=\"article-body mb-nof-24 px-nof-16\">Hamas sopi tulitauosta Israelin kanssa pari kuukautta sitten. Tulitauon aikana Hamasin ote Gazasta on vahvistunut, vaikka Yhdysvaltain v\u00e4litt\u00e4m\u00e4n rauhansuunnitelman mukaan j\u00e4rjest\u00f6n tulisi luovuttaa aseensa ja v\u00e4isty\u00e4 Gazan tulevasta hallinnosta.<\/p>\n<p class=\"article-body mb-nof-24 px-nof-16\">Hamas aloitti sodan 7. lokakuuta 2023 terrorihy\u00f6kk\u00e4yksell\u00e4\u00e4n, joka tappoi yli tuhat ihmist\u00e4 Israelissa. Israelin iskuissa Gazaan on kuollut kahden vuoden aikana arviolta yli 70\u202f000 ihmist\u00e4.<\/p>\n","protected":false},"excerpt":{"rendered":"Gaza|Rahat ker\u00e4ttiin humanitaarisen avun nimiss\u00e4. Lue tiivistelm\u00e4 Italian viranomaiset pid\u00e4ttiv\u00e4t yhdeks\u00e4n ihmist\u00e4, joiden ep\u00e4ill\u00e4\u00e4n rahoittaneen terroristij\u00e4rjest\u00f6 Hamasia hyv\u00e4ntekev\u00e4isyysj\u00e4rjest\u00f6jen&hellip;\n","protected":false},"author":2,"featured_media":127838,"comment_status":"","ping_status":"","sticky":false,"template":"","format":"standard","meta":{"footnotes":""},"categories":[14],"tags":[22,23,26,27,33,31,30,17,46,24,25,28,29,15,18,21,32,19,20,56,16,59,60,61],"class_list":{"0":"post-127837","1":"post","2":"type-post","3":"status-publish","4":"format-standard","5":"has-post-thumbnail","7":"category-ulkomaat","8":"tag-breaking-news","9":"tag-breakingnews","10":"tag-featured-news","11":"tag-featurednews","12":"tag-fi","13":"tag-finland","14":"tag-finnish","15":"tag-headlines","16":"tag-helsingin-sanomat","17":"tag-latest-news","18":"tag-latestnews","19":"tag-main-news","20":"tag-mainnews","21":"tag-news","22":"tag-otsikot","23":"tag-paauutiset","24":"tag-suomi","25":"tag-top-stories","26":"tag-topstories","27":"tag-ulkomaat","28":"tag-uutiset","29":"tag-world","30":"tag-world-news","31":"tag-worldnews"},"share_on_mastodon":{"url":"https:\/\/pubeurope.com\/@fi\/115797157940578494","error":""},"_links":{"self":[{"href":"https:\/\/www.europesays.com\/fi\/wp-json\/wp\/v2\/posts\/127837","targetHints":{"allow":["GET"]}}],"collection":[{"href":"https:\/\/www.europesays.com\/fi\/wp-json\/wp\/v2\/posts"}],"about":[{"href":"https:\/\/www.europesays.com\/fi\/wp-json\/wp\/v2\/types\/post"}],"author":[{"embeddable":true,"href":"https:\/\/www.europesays.com\/fi\/wp-json\/wp\/v2\/users\/2"}],"replies":[{"embeddable":true,"href":"https:\/\/www.europesays.com\/fi\/wp-json\/wp\/v2\/comments?post=127837"}],"version-history":[{"count":0,"href":"https:\/\/www.europesays.com\/fi\/wp-json\/wp\/v2\/posts\/127837\/revisions"}],"wp:featuredmedia":[{"embeddable":true,"href":"https:\/\/www.europesays.com\/fi\/wp-json\/wp\/v2\/media\/127838"}],"wp:attachment":[{"href":"https:\/\/www.europesays.com\/fi\/wp-json\/wp\/v2\/media?parent=127837"}],"wp:term":[{"taxonomy":"category","embeddable":true,"href":"https:\/\/www.europesays.com\/fi\/wp-json\/wp\/v2\/categories?post=127837"},{"taxonomy":"post_tag","embeddable":true,"href":"https:\/\/www.europesays.com\/fi\/wp-json\/wp\/v2\/tags?post=127837"}],"curies":[{"name":"wp","href":"https:\/\/api.w.org\/{rel}","templated":true}]}}