{"id":127839,"date":"2025-12-28T12:19:09","date_gmt":"2025-12-28T12:19:09","guid":{"rendered":"https:\/\/www.europesays.com\/fi\/127839\/"},"modified":"2025-12-28T12:19:09","modified_gmt":"2025-12-28T12:19:09","slug":"sipoolainen-hieroja-on-niin-loistava-markkinoija-etta-ampari-antin-tietavat-jo-kaikki-koyhalla-pitaa-olla-mielikuvitusta-paikalliset","status":"publish","type":"post","link":"https:\/\/www.europesays.com\/fi\/127839\/","title":{"rendered":"Sipoolainen hieroja on niin loistava markkinoija, ett\u00e4 \u00c4mp\u00e4ri-Antin tiet\u00e4v\u00e4t jo kaikki: &#8221;K\u00f6yh\u00e4ll\u00e4 pit\u00e4\u00e4 olla mielikuvitusta&#8221; | Paikalliset"},"content":{"rendered":"<p>Antti Levom\u00e4ki opiskeli hierojaksi ja ryhtyi yritt\u00e4j\u00e4ksi kyll\u00e4stytty\u00e4\u00e4n ty\u00f6h\u00f6ns\u00e4 vanginvartijana. Sipoolainen h\u00e4nest\u00e4 tuli vuonna 2019, ja siihenkin oli hyv\u00e4 syy.<\/p>\n<p>\u00c4mp\u00e4ri-Antti pyyt\u00e4\u00e4 Facebookissa sipoolaisia varaamaan ajan hierontaansa, ettei h\u00e4n joudu vaimonsa kanssa Ikeaan. Toimii. \u00c4mp\u00e4ri-Antti lupaa ilmaisen \u00e4mp\u00e4rin jokaiselle ajanvaraajalle. Todellakin toimii. Sipoolainen hieroja <strong>Antti Levom\u00e4ki <\/strong>on osoittautunut loistavaksi markkinoijaksi.<\/p>\n","protected":false},"excerpt":{"rendered":"Antti Levom\u00e4ki opiskeli hierojaksi ja ryhtyi yritt\u00e4j\u00e4ksi kyll\u00e4stytty\u00e4\u00e4n ty\u00f6h\u00f6ns\u00e4 vanginvartijana. Sipoolainen h\u00e4nest\u00e4 tuli vuonna 2019, ja siihenkin oli&hellip;\n","protected":false},"author":2,"featured_media":127840,"comment_status":"","ping_status":"","sticky":false,"template":"","format":"standard","meta":{"footnotes":""},"categories":[12],"tags":[22,23,26,27,33,31,30,17,403,2647,24,25,28,29,3396,15,16301,18,21,620,2293,32,19,20,939,16],"class_list":{"0":"post-127839","1":"post","2":"type-post","3":"status-publish","4":"format-standard","5":"has-post-thumbnail","7":"category-suomi","8":"tag-breaking-news","9":"tag-breakingnews","10":"tag-featured-news","11":"tag-featurednews","12":"tag-fi","13":"tag-finland","14":"tag-finnish","15":"tag-headlines","16":"tag-helsingin-seutu","17":"tag-kerava","18":"tag-latest-news","19":"tag-latestnews","20":"tag-main-news","21":"tag-mainnews","22":"tag-muisti","23":"tag-news","24":"tag-nikkila-sipoo","25":"tag-otsikot","26":"tag-paauutiset","27":"tag-porvoo","28":"tag-sipoo","29":"tag-suomi","30":"tag-top-stories","31":"tag-topstories","32":"tag-tyo","33":"tag-uutiset"},"share_on_mastodon":{"url":"https:\/\/pubeurope.com\/@fi\/115797161702832211","error":""},"_links":{"self":[{"href":"https:\/\/www.europesays.com\/fi\/wp-json\/wp\/v2\/posts\/127839","targetHints":{"allow":["GET"]}}],"collection":[{"href":"https:\/\/www.europesays.com\/fi\/wp-json\/wp\/v2\/posts"}],"about":[{"href":"https:\/\/www.europesays.com\/fi\/wp-json\/wp\/v2\/types\/post"}],"author":[{"embeddable":true,"href":"https:\/\/www.europesays.com\/fi\/wp-json\/wp\/v2\/users\/2"}],"replies":[{"embeddable":true,"href":"https:\/\/www.europesays.com\/fi\/wp-json\/wp\/v2\/comments?post=127839"}],"version-history":[{"count":0,"href":"https:\/\/www.europesays.com\/fi\/wp-json\/wp\/v2\/posts\/127839\/revisions"}],"wp:featuredmedia":[{"embeddable":true,"href":"https:\/\/www.europesays.com\/fi\/wp-json\/wp\/v2\/media\/127840"}],"wp:attachment":[{"href":"https:\/\/www.europesays.com\/fi\/wp-json\/wp\/v2\/media?parent=127839"}],"wp:term":[{"taxonomy":"category","embeddable":true,"href":"https:\/\/www.europesays.com\/fi\/wp-json\/wp\/v2\/categories?post=127839"},{"taxonomy":"post_tag","embeddable":true,"href":"https:\/\/www.europesays.com\/fi\/wp-json\/wp\/v2\/tags?post=127839"}],"curies":[{"name":"wp","href":"https:\/\/api.w.org\/{rel}","templated":true}]}}