{"id":127842,"date":"2025-12-28T12:33:09","date_gmt":"2025-12-28T12:33:09","guid":{"rendered":"https:\/\/www.europesays.com\/fi\/127842\/"},"modified":"2025-12-28T12:33:09","modified_gmt":"2025-12-28T12:33:09","slug":"aki-tykki-ilman-pipoa-katso-harvinaiset-kuvat-ja-tarina-pipon-takaa","status":"publish","type":"post","link":"https:\/\/www.europesays.com\/fi\/127842\/","title":{"rendered":"Aki Tykki ilman pipoa \u2013 katso harvinaiset kuvat ja tarina pipon takaa"},"content":{"rendered":"<p>            Kari Pekonen\n        <\/p>\n<p class=\"subtitle \">Akin tavaramerkiksi on muodustunut musta pipo. Siit\u00e4 on koitunut h\u00e4nelle yll\u00e4tt\u00e4v\u00e4 hy\u00f6ty.<\/p>\n<p class=\"article-content article-content-width !bg-background\">Happoradio-yhtyeen solistina tunnettua laulaja , 50, n\u00e4hd\u00e4\u00e4n harvoin ilman h\u00e4nen tavaramerkikseen muodostunutta mustaa pipoa.\u00a0<\/p>\n<p class=\"font-weight-bold m-font-weight-bold article-content article-content-width !bg-background\">Katso my\u00f6s! N\u00e4m\u00e4 julkkisparit erosivat vuonna 2025:<\/p>\n<p class=\"article-content article-content-width !bg-background\">Vaikka h\u00e4net ilman pipoa n\u00e4ht\u00e4isiinkin niin her\u00e4\u00e4 silloin kysymys, tunnistaisiko h\u00e4nt\u00e4 edes h\u00e4nen uskollisimmatkaan faninsa.<\/p>\n<p>        <a itemprop=\"url\" href=\"https:\/\/www.seiska.fi\/kotimaa\/jopas-aki-tykki-otti-valtavan-tatuoinnin\/1928812\" rel=\"nofollow noopener\" target=\"_blank\"><\/p>\n<p>\nVideo\n<\/p>\n<p class=\"section-date\">\n        <strong class=\"article-section\" data-section=\"kotimaa\"><br \/>\n            kotimaa<br \/>\n        <\/strong><br \/>\n        11.9. 19:30\n    <\/p>\n<p>Jopas! Aki Tykki otti valtavan tatuoinnin\n    <\/p>\n<p itemprop=\"description\" class=\"subtitle \">\n    Happoradio-yhtyeen nokkamies k\u00e4vi neulan alla.\n<\/p>\n<p>        <\/a><\/p>\n<p>T\u00e4lt\u00e4 h\u00e4n n\u00e4ytt\u00e4\u00e4!<\/p>\n<p class=\"article-content article-content-width !bg-background\">Aktiivista<a href=\"https:\/\/www.instagram.com\/akitykki\/\" target=\"_blank\" rel=\"nofollow noopener\"> Instagram<\/a>-tili\u00e4 yll\u00e4pit\u00e4v\u00e4 Aki julkaisee kuvia usein itsest\u00e4\u00e4n, mutta l\u00e4hestulkoon jokaisessa otoksessa hiuksilla lep\u00e4\u00e4 h\u00e4nen rokkityylillens\u00e4 uskollinen musta pipo. Instagram-kuvien seasta l\u00f6ytyy kuitenkin joitain harvinaisuuksia, jotka antavat pienen paljastuksen siit\u00e4, milt\u00e4 mies ilman myssy\u00e4\u00e4n n\u00e4ytt\u00e4\u00e4.<\/p>\n<p class=\"article-content article-content-width !bg-background\">Viimeisin pipoton otos l\u00f6ytyy viime lokakuulta. Mustavalkoiseksi muokatussa kuvassa Aki poseeraa silm\u00e4t ummessa tyynyn p\u00e4\u00e4ll\u00e4 lev\u00e4ten. Kuvan rajaus paljastaa juuri ja juuri Akin tumman tukan.<\/p>\n<p class=\"article-content article-content-width !bg-background\">Silloin kun Aki on kotona ilman pipoa, vaikuttaa h\u00e4n viihtyv\u00e4n h\u00e4nen miltei olkap\u00e4ille ulottuva tukka kiinni laitettuna.<\/p>\n<p>Tarina pipon takaa<\/p>\n<p class=\"article-content article-content-width !bg-background\">Akin ja mustien pipojen yhteinen taival on kest\u00e4nyt nyt jo 20 vuotta, sill\u00e4 tarina pipon takaa alkaa vuodesta 2005. Aki on kertonut <a href=\"https:\/\/anna.fi\/ihmiset\/tiedatko-miksi-happoradion-aki-tykki-pitaa-aina-pipoa-paassa-aki-paljastaa-pipon-salaisuuden\" target=\"_blank\" rel=\"nofollow noopener\">Anna<\/a>-lehdelle, kuinka silloin Happoradio kiersi Lapin hiihtokeskuksia, ja veti keikkoja toisinaan my\u00f6s ulkosalla. Yhden kohtalokkaan keikkap\u00e4iv\u00e4n s\u00e4\u00e4 sattui olemaan niin kolea, ett\u00e4 Aki veti lavalle yllens\u00e4 mustan pipon ja aurinkolasit. Tuolloin b\u00e4ndikaveri totesi Akin n\u00e4ytt\u00e4v\u00e4n todelliselta rokkit\u00e4hdelt\u00e4. Kehu osui ja upposi, sill\u00e4 pipo on kuulunut Akin artistikarismaan siit\u00e4 p\u00e4iv\u00e4st\u00e4 alkaen.<\/p>\n<p>        <a itemprop=\"url\" href=\"https:\/\/www.seiska.fi\/kotimaa\/aki-tykki-mokasi\/1829799\" rel=\"nofollow noopener\" target=\"_blank\"><\/p>\n<p>\nVoi ei!\n<\/p>\n<p class=\"section-date\">\n        <strong class=\"article-section\" data-section=\"kotimaa\"><br \/>\n            kotimaa<br \/>\n        <\/strong><br \/>\n        9.6. 08:58\n    <\/p>\n<p>Aki Tykki mokasi\n    <\/p>\n<p itemprop=\"description\" class=\"subtitle \">\n    Happoradio-yhtyeen nokkamiehen viikonloppu ei mennyt aivan putkeen.\n<\/p>\n<p>        <\/a><\/p>\n<p>                <img decoding=\"async\" src=\"https:\/\/www.europesays.com\/fi\/wp-content\/uploads\/2025\/12\/2027452.webp\" width=\"576\" height=\"720\" alt=\"Akin piposta on muodostunut tunnistettava osa suomalaista musiikkihistoriaa.\" loading=\"lazy\" \/>            <\/p>\n<p>\n            Akin piposta on muodostunut tunnistettava osa suomalaista musiikkihistoriaa.<br \/>\n            ATTE KAJOVA\n        <\/p>\n<p class=\"article-content article-content-width !bg-background\">Alkujaan esteettisist\u00e4 syist\u00e4 lavarekvisiitaksi valikoitunut asuste on koitunut Akille lopulta my\u00f6s hy\u00f6dyksi: julkisilla paikoilla liikkuessa naamioitumiskeinona toimii, kun ottaa pipon pois p\u00e4\u00e4st\u00e4. Puolestaan silloin kun pipo on p\u00e4\u00e4ss\u00e4, ei h\u00e4nen tarvitse huolehtia hiuksistaan.<\/p>\n<p class=\"article-content article-content-width !bg-background\">\u2013\u00a0Eip\u00e4 tarvitse mietti\u00e4, milt\u00e4 tukka n\u00e4ytt\u00e4\u00e4, Aki letkautti Anna-lehdelle.<\/p>\n<p>        <a itemprop=\"url\" href=\"https:\/\/www.seiska.fi\/kotimaa\/eronnut-aki-tykki-naisseurassa-salakuvat\/1661468\" rel=\"nofollow noopener\" target=\"_blank\"><\/p>\n<p>\nSalakuvat!\n<\/p>\n<p class=\"section-date\">\n        <strong class=\"article-section\" data-section=\"kotimaa\"><br \/>\n            kotimaa<br \/>\n        <\/strong><br \/>\n        2.4. 17:00\n    <\/p>\n<p>Eronnut Aki Tykki naisseurassa \u2013 salakuvat\n    <\/p>\n<p itemprop=\"description\" class=\"subtitle \">\n    Parivaljakko sai lukijan mukaan olla melko rauhassa \u2013 jopa toisiltaan \u2013 Akin ja naisseuralaisen keskittyess\u00e4 \u00e4lylaitteihinsa.\n<\/p>\n<p>        <\/a><\/p>\n<p>Kiertue tulossa<\/p>\n<p class=\"article-content article-content-width !bg-background\">Vuonna 2001 perustettu Happoradio keikkailee yh\u00e4 aktiivisesti. Vuonna 2025 mittariin on kertynyt miltei 60 keikkaa. Kymmenen niist\u00e4 oli marras-joulukuussa n\u00e4htyj\u00e4 pikkujoulukauden esityksi\u00e4, ja loput\u00a0Ojaan ja allikkoon -konserttisalikiertueen show&#8217;ita.<\/p>\n<p class=\"article-content article-content-width !bg-background\">Ensi kev\u00e4\u00e4n\u00e4 yhtye starttaa Maakuntaseikkailu 2026 -kiertueen, joka pit\u00e4\u00e4 sis\u00e4ll\u00e4 maalis-huhtikuussa yhteens\u00e4 15 keikkaa ymp\u00e4ri Suomen.<\/p>\n<p><script async src=\"\/\/www.instagram.com\/embed.js\"><\/script><\/p>\n","protected":false},"excerpt":{"rendered":"Kari Pekonen Akin tavaramerkiksi on muodustunut musta pipo. Siit\u00e4 on koitunut h\u00e4nelle yll\u00e4tt\u00e4v\u00e4 hy\u00f6ty. Happoradio-yhtyeen solistina tunnettua laulaja&hellip;\n","protected":false},"author":2,"featured_media":127843,"comment_status":"","ping_status":"","sticky":false,"template":"","format":"standard","meta":{"footnotes":""},"categories":[136],"tags":[8946,407,137,33,31,30,22617,408,5207,212,22618,32,109],"class_list":{"0":"post-127842","1":"post","2":"type-post","3":"status-publish","4":"format-standard","5":"has-post-thumbnail","7":"category-julkkikset","8":"tag-aki-tykki","9":"tag-celebrities","10":"tag-entertainment","11":"tag-fi","12":"tag-finland","13":"tag-finnish","14":"tag-happoradio","15":"tag-julkkikset","16":"tag-kiertue","17":"tag-lifestyle","18":"tag-musta-pipo","19":"tag-suomi","20":"tag-viihde"},"share_on_mastodon":{"url":"https:\/\/pubeurope.com\/@fi\/115797216912465007","error":""},"_links":{"self":[{"href":"https:\/\/www.europesays.com\/fi\/wp-json\/wp\/v2\/posts\/127842","targetHints":{"allow":["GET"]}}],"collection":[{"href":"https:\/\/www.europesays.com\/fi\/wp-json\/wp\/v2\/posts"}],"about":[{"href":"https:\/\/www.europesays.com\/fi\/wp-json\/wp\/v2\/types\/post"}],"author":[{"embeddable":true,"href":"https:\/\/www.europesays.com\/fi\/wp-json\/wp\/v2\/users\/2"}],"replies":[{"embeddable":true,"href":"https:\/\/www.europesays.com\/fi\/wp-json\/wp\/v2\/comments?post=127842"}],"version-history":[{"count":0,"href":"https:\/\/www.europesays.com\/fi\/wp-json\/wp\/v2\/posts\/127842\/revisions"}],"wp:featuredmedia":[{"embeddable":true,"href":"https:\/\/www.europesays.com\/fi\/wp-json\/wp\/v2\/media\/127843"}],"wp:attachment":[{"href":"https:\/\/www.europesays.com\/fi\/wp-json\/wp\/v2\/media?parent=127842"}],"wp:term":[{"taxonomy":"category","embeddable":true,"href":"https:\/\/www.europesays.com\/fi\/wp-json\/wp\/v2\/categories?post=127842"},{"taxonomy":"post_tag","embeddable":true,"href":"https:\/\/www.europesays.com\/fi\/wp-json\/wp\/v2\/tags?post=127842"}],"curies":[{"name":"wp","href":"https:\/\/api.w.org\/{rel}","templated":true}]}}