{"id":127846,"date":"2025-12-28T12:41:08","date_gmt":"2025-12-28T12:41:08","guid":{"rendered":"https:\/\/www.europesays.com\/fi\/127846\/"},"modified":"2025-12-28T12:41:08","modified_gmt":"2025-12-28T12:41:08","slug":"14-vuotias-viulisti-hakellytti-elamani-biisissa-katsojilta-satelee-kiitosta","status":"publish","type":"post","link":"https:\/\/www.europesays.com\/fi\/127846\/","title":{"rendered":"14-vuotias viulisti h\u00e4kellytti El\u00e4m\u00e4ni biisiss\u00e4 \u2013 Katsojilta satelee kiitosta"},"content":{"rendered":"<p>El\u00e4m\u00e4ni biisi -ohjelmassa n\u00e4htiin lauantai-iltana klassisen musiikin erikoisjakso.<\/p>\n<p><img decoding=\"async\" class=\"image image-show image-preview\" src=\"https:\/\/www.europesays.com\/fi\/wp-content\/uploads\/2025\/12\/d51a27b5d7eaa77a1bd28dc313a714abf34ee3bd9beb1ec60c38b87f6bb85844.jpg\" alt=\"\"\/><img decoding=\"async\" class=\"image image-show\" src=\"https:\/\/www.europesays.com\/fi\/wp-content\/uploads\/2025\/12\/1766812150_665_d51a27b5d7eaa77a1bd28dc313a714abf34ee3bd9beb1ec60c38b87f6bb85844.jpg\" alt=\"\"\/><\/p>\n<p>Lauantai-illan El\u00e4m\u00e4ni biisi -vieraat olivat Tommy Fr\u00e4nti, Raakel Lignell, Sampo Marjomaa, Anna-Mari K\u00e4h\u00e4r\u00e4 ja Lenni-Kalle Taipale. Yle<\/p>\n<p class=\"paragraph\">El\u00e4m\u00e4ni biisi -ohjelmassa n\u00e4htiin lauantai-iltana klassisen musiikin erikoisjakso. Ohjelmassa arvuuteltiin pianisti <a href=\"https:\/\/www.iltalehti.fi\/henkilot\/Lenni-Kalle Taipale\" class=\"article-link-person-page\" rel=\"nofollow noopener\" target=\"_blank\">Lenni-Kalle Taipaleen<\/a>, kirjailija-muusikko <a href=\"https:\/\/www.iltalehti.fi\/henkilot\/Raakel Lignell\" class=\"article-link-person-page\" rel=\"nofollow noopener\" target=\"_blank\">Raakel Lignellin<\/a>, tv-kasvo <a href=\"https:\/\/www.iltalehti.fi\/henkilot\/Sampo Marjomaa\" class=\"article-link-person-page\" rel=\"nofollow noopener\" target=\"_blank\">Sampo Marjomaan<\/a>, uutisankkuri <a href=\"https:\/\/www.iltalehti.fi\/henkilot\/Tommy Fr\u00e4nti\" class=\"article-link-person-page\" rel=\"nofollow noopener\" target=\"_blank\">Tommy Fr\u00e4ntin<\/a> ja muusikko <a href=\"https:\/\/www.iltalehti.fi\/henkilot\/Anna-Mari K\u00e4h\u00e4r\u00e4\" class=\"article-link-person-page\" rel=\"nofollow noopener\" target=\"_blank\">Anna-Mari K\u00e4h\u00e4r\u00e4n<\/a> klassisen musiikin suosikkeja.<\/p>\n<p class=\"paragraph\">Nelj\u00e4nten\u00e4 kappaleena ohjelmassa kuultiin ranskalaiss\u00e4velt\u00e4j\u00e4 <a href=\"https:\/\/www.iltalehti.fi\/henkilot\/Jules Massenet\" class=\"article-link-person-page\" rel=\"nofollow noopener\" target=\"_blank\">Jules Massenetin<\/a> M\u00e9ditation-teos oopperasta Tha\u00efs. Esityksen viulusolistina toimi 14-vuotias <a href=\"https:\/\/www.iltalehti.fi\/henkilot\/Lilja Haatainen\" class=\"article-link-person-page\" rel=\"nofollow noopener\" target=\"_blank\">Lilja Haatainen<\/a>.<\/p>\n<p class=\"paragraph\">Esityksen aikana selv\u00e4sti liikuttuneita olivat ainakin Taipale ja Marjomaa.<\/p>\n<p class=\"paragraph\">Haataisen nuori ik\u00e4 nousi keskusteluun v\u00e4litt\u00f6m\u00e4sti esityksen j\u00e4lkeen, kun juontaja <a href=\"https:\/\/www.iltalehti.fi\/henkilot\/Katja St\u00e5hl\" class=\"article-link-person-page\" rel=\"nofollow noopener\" target=\"_blank\">Katja St\u00e5hl<\/a> avasi oopperan taustoja.<\/p>\n<p class=\"paragraph\">\u2013 Ooppera perustuu vanhaan legendaan kurtisaanista nimelt\u00e4 Tha\u00efs. Eli aivan passeli soitettavaksi 14-vuotiaalle tyt\u00f6lle, St\u00e5hl sanaili.<\/p>\n<p class=\"paragraph\">Arvauskierroksen aloitti Taipale.<\/p>\n<p class=\"paragraph\">\u2013 Olipa mielet\u00f6nt\u00e4 soittoa. Ja mietin, ett\u00e4 hei, 14 \u2013 mopo, Taipale murjaisi saaden yleis\u00f6n nauramaan.<\/p>\n<p class=\"paragraph\">\u2013 H\u00e4n saisi sen. Ihan mink\u00e4 tahansa mopon, St\u00e5hl komppasi.<\/p>\n<p>14-vuotias Lilja Haatainen soitti l\u00e4hetyksess\u00e4 viulusoolon. Yle<\/p>\n<p class=\"paragraph\">My\u00f6s katsojat kehuvat Haataista El\u00e4m\u00e4ni biisi -ohjelman Facebook-sivulla.<\/p>\n<p class=\"paragraph\">\u2013 Upea kokonaisuus. Nuori Lilja Haatainen syk\u00e4hdytt\u00e4\u00e4 varmalla soitollaan.<\/p>\n<p class=\"paragraph\">\u2013 Paras El\u00e4m\u00e4ni biisi -l\u00e4hetys ikin\u00e4. Nuori lahjakas viulisti viel\u00e4 kirsikkana kakun p\u00e4\u00e4ll\u00e4. Kiitos!<\/p>\n<p class=\"paragraph\">\u2013 Oli t\u00e4ydellisen upea kokonaisuus. Ihanaa klassista ja vaikuttavat vieraat. Lilja Haataisesta kuulemme viel\u00e4.<\/p>\n<p class=\"paragraph\">\u2013 T\u00e4m\u00e4 jakso oli tosi hyv\u00e4, varsinkin tuo 14-vuotias tytt\u00f6, el\u00e4ytyi niin t\u00e4ysin.<\/p>\n<p class=\"paragraph\"><a href=\"https:\/\/koululainen.fi\/jutut\/artikkelit\/viulisti-lilja-haatainen\/\" rel=\"noopener nofollow\" target=\"_blank\">Koululainen-lehden<\/a> mukaan Haatainen on aloittanut viulunsoiton kolmevuotiaana, kun h\u00e4n n\u00e4ki konsertissa itse\u00e4\u00e4n vuotta vanhemman viulistin.<\/p>\n<p class=\"paragraph\">\u2013 Kun sain ensimm\u00e4isen viuluni, halusin katsella sit\u00e4 koko ajan ja ottaa sen mukaan leikkeihini. Alusta asti tuntui, ett\u00e4 viulu on minun juttuni, Haatainen kertoi lehdelle.<\/p>\n<p class=\"paragraph\"><a href=\"https:\/\/www.hs.fi\/kulttuuri\/art-2000010037879.html\" rel=\"noopener nofollow\" target=\"_blank\">Helsingin Sanomien<\/a> mukaan Haatainen debytoi kymmenvuotiaana Musiikkitalossa Radion sinfonia\u00adorkesterin solistina Nuoret solistit -konsertissa. H\u00e4n on my\u00f6s soittanut muun muassa Sinfonia Lahden, Oulu Sinfonian sek\u00e4 Lappeenrannan kaupungin\u00adorkesterin kanssa. Vuonna 2022 Haatainen voitti Saksassa kansainv\u00e4lisen Louis Spohr -viulukilpailun alle 14-vuotiaiden sarjan.<\/p>\n<p class=\"paragraph\">M\u00e9ditation paljastui ohjelmassa Tommy Fr\u00e4ntin valinnaksi.<\/p>\n","protected":false},"excerpt":{"rendered":"El\u00e4m\u00e4ni biisi -ohjelmassa n\u00e4htiin lauantai-iltana klassisen musiikin erikoisjakso. Lauantai-illan El\u00e4m\u00e4ni biisi -vieraat olivat Tommy Fr\u00e4nti, Raakel Lignell, Sampo&hellip;\n","protected":false},"author":2,"featured_media":126789,"comment_status":"","ping_status":"","sticky":false,"template":"","format":"standard","meta":{"footnotes":""},"categories":[130],"tags":[35,138,137,33,31,30,47,141,742,32,484,109],"class_list":{"0":"post-127846","1":"post","2":"type-post","3":"status-publish","4":"format-standard","5":"has-post-thumbnail","7":"category-viihde","8":"tag-24h","9":"tag-audio","10":"tag-entertainment","11":"tag-fi","12":"tag-finland","13":"tag-finnish","14":"tag-musiikki","15":"tag-muusikot-bandit","16":"tag-suomalainen-musiikki","17":"tag-suomi","18":"tag-taiteellinen-ilmaisu-ja-mediat","19":"tag-viihde"},"share_on_mastodon":{"url":"https:\/\/pubeurope.com\/@fi\/115797248506587727","error":""},"_links":{"self":[{"href":"https:\/\/www.europesays.com\/fi\/wp-json\/wp\/v2\/posts\/127846","targetHints":{"allow":["GET"]}}],"collection":[{"href":"https:\/\/www.europesays.com\/fi\/wp-json\/wp\/v2\/posts"}],"about":[{"href":"https:\/\/www.europesays.com\/fi\/wp-json\/wp\/v2\/types\/post"}],"author":[{"embeddable":true,"href":"https:\/\/www.europesays.com\/fi\/wp-json\/wp\/v2\/users\/2"}],"replies":[{"embeddable":true,"href":"https:\/\/www.europesays.com\/fi\/wp-json\/wp\/v2\/comments?post=127846"}],"version-history":[{"count":0,"href":"https:\/\/www.europesays.com\/fi\/wp-json\/wp\/v2\/posts\/127846\/revisions"}],"wp:featuredmedia":[{"embeddable":true,"href":"https:\/\/www.europesays.com\/fi\/wp-json\/wp\/v2\/media\/126789"}],"wp:attachment":[{"href":"https:\/\/www.europesays.com\/fi\/wp-json\/wp\/v2\/media?parent=127846"}],"wp:term":[{"taxonomy":"category","embeddable":true,"href":"https:\/\/www.europesays.com\/fi\/wp-json\/wp\/v2\/categories?post=127846"},{"taxonomy":"post_tag","embeddable":true,"href":"https:\/\/www.europesays.com\/fi\/wp-json\/wp\/v2\/tags?post=127846"}],"curies":[{"name":"wp","href":"https:\/\/api.w.org\/{rel}","templated":true}]}}