{"id":127847,"date":"2025-12-28T12:44:16","date_gmt":"2025-12-28T12:44:16","guid":{"rendered":"https:\/\/www.europesays.com\/fi\/127847\/"},"modified":"2025-12-28T12:44:16","modified_gmt":"2025-12-28T12:44:16","slug":"lukijoiden-suosikki-marko-seppala-sai-tarpeekseen-hyvapalkkaisesta-vuorotyosta-nyt-tyomatka-on-parikymmenta-metria","status":"publish","type":"post","link":"https:\/\/www.europesays.com\/fi\/127847\/","title":{"rendered":"Lukijoiden suosikki | Marko Sepp\u00e4l\u00e4 sai tarpeekseen hyv\u00e4palkkaisesta vuoroty\u00f6st\u00e4 \u2013 Nyt ty\u00f6matka on parikymment\u00e4 metri\u00e4"},"content":{"rendered":"<p class=\"gb-ingress__content\">\n\t\t\t\tYritt\u00e4j\u00e4n podcast vieraili raumalaisen yksinyritt\u00e4j\u00e4n verstaassa.\t\t\t<\/p>\n<p>Yritt\u00e4j\u00e4t.fi julkaisee vuoden vaihtuessa uudelleen vuoden 2025 j\u00e4lkimm\u00e4isen puoliskon suosituimpia juttuja. T\u00e4m\u00e4 juttu on julkaistu ensimm\u00e4isen kerran 5.11.2025.<\/p>\n<p>Raumalaisen Puusuti Oy:n yksinyritt\u00e4j\u00e4\u00a0<strong>Marko Sepp\u00e4l\u00e4<\/strong>\u00a0avaa kotitalonsa pihalla sijaitsevan puusep\u00e4nverstaan oven ja esittelee tiloja. Sepp\u00e4l\u00e4 on vieraana<a href=\"https:\/\/open.spotify.com\/episode\/4y9k9NX0K4JAPuFhvzXhPw\" rel=\"nofollow noopener\" target=\"_blank\">Yritt\u00e4j\u00e4n podcastin uusimmassa jaksossa<\/a>.<\/p>\n<p>\u2013\u00a0Olin vuorot\u00f6iss\u00e4 paperitehtaalla parikymment\u00e4 vuotta. Se oli aika staattista ja raskasta ty\u00f6t\u00e4, jossa ei p\u00e4\u00e4ssyt paljon k\u00e4sill\u00e4 tekem\u00e4\u00e4n. Se rupesi k\u00e4ym\u00e4\u00e4n voimille, yritt\u00e4j\u00e4 kertoo taustastaan.<\/p>\n<p>Raumalainen opetteli puusep\u00e4n t\u00f6it\u00e4 ensin sivutoimisen yritt\u00e4jyyden kautta ja j\u00e4i sitten pariksi vuodeksi opintovapaalle. Sen j\u00e4lkeen h\u00e4n jatkoi viel\u00e4 parisen vuotta sivutoimisena yritt\u00e4j\u00e4n\u00e4 ja j\u00e4i sitten pois p\u00e4iv\u00e4t\u00f6ist\u00e4.<\/p>\n<p>\u2013\u00a0Koin, ett\u00e4 koulusta ja hyvist\u00e4 harjoittelupaikoista oli valtavasti apua. Paperity\u00f6n palkat ovat eri luokkaa kuin k\u00e4sity\u00f6l\u00e4isell\u00e4, mutta nyt minulla on aivan erilainen vapaus. Ty\u00f6matka on parikymment\u00e4 metri\u00e4 ja saan nukkua y\u00f6ni rauhassa, Sepp\u00e4l\u00e4 kertoo podcastissa.<\/p>\n<p>Alkuvaiheessa h\u00e4nell\u00e4 oli vain yhdeks\u00e4n neli\u00f6n ty\u00f6tila ennen kuin tiloja laajennettiin nykyiseen yli sataan neli\u00f6\u00f6n vuonna 2021.<\/p>\n<p>\u2013\u00a0Kyll\u00e4 siin\u00e4kin tilassa yhdet puiset keitti\u00f6kalusteetkin syntyiv\u00e4t. Aikamoista opettelua, mutta kova into minulla oli. Markkinointi hoitui puskaradiolla. Kun ty\u00f6n tekee hyvin, asiakas tulee toisenkin kerran, yksinyritt\u00e4j\u00e4 sanoo.<\/p>\n<p>K\u00e4yt\u00e4nn\u00f6llinen on pitk\u00e4ik\u00e4inen<\/p>\n<p>Sepp\u00e4l\u00e4 aloitti toimintansa toiminimell\u00e4, mutta py\u00f6ritt\u00e4\u00e4 nykyisin osakeyhti\u00f6t\u00e4. Yritt\u00e4j\u00e4 koki, ett\u00e4 osakeyhti\u00f6 oli uskottavuuden kannalta parempi vaihtoehto. Asiakaskunta on kasvanut sittemmin lupaavasti.<\/p>\n<p>\u2013\u00a0Verkostoituminen on ollut ratkaisevassa roolissa. Sen avulla olen saanut asiakkaita esimerkiksi sisustussuunnitelijoista. Itse olen verkostoinut vain ottamalla puhelimen k\u00e4teen. Olen soittanut my\u00f6s muille satakuntalaisille puusepille ja kysynyt, miten he ovat jonkin asian tehneet. Kyll\u00e4 he ovat auttaneet, Sepp\u00e4l\u00e4 kertoo podcastissa.<\/p>\n<p>Mutta millainen on Sepp\u00e4l\u00e4n mielest\u00e4 laadukas p\u00f6yt\u00e4?<\/p>\n<p>\u2013\u00a0Kyll\u00e4 bulkkitavarastakin voi l\u00f6yty\u00e4 hyvi\u00e4. En tosin ole koskaan k\u00e4ynyt Ikeassa, h\u00e4n tunnustaa. Sepp\u00e4l\u00e4ll\u00e4 on omissa valikoimissaankin koottavia tuotteita. H\u00e4n ei pid\u00e4 koottavuutta huonona asiana.<\/p>\n<p>\u2013\u00a0Sellainen voi olla toimiva, kunhan liitokset tehd\u00e4\u00e4n hyvin.<\/p>\n<p><img decoding=\"async\" src=\"https:\/\/www.europesays.com\/fi\/wp-content\/uploads\/2025\/12\/markoseppala_yksinyrittaja-1024x768.jpg\" alt=\"\"\/>Marko Sepp\u00e4l\u00e4n apuna on v\u00e4lill\u00e4 harjoittelijoita. Takana 18-vuotias Jasper.<\/p>\n<p>Itsen\u00e4isi\u00e4 puuseppi\u00e4 on Suomessa yh\u00e4 v\u00e4hemm\u00e4n, eik\u00e4 tilanne todenn\u00e4k\u00f6isesti parane l\u00e4hivuosina. Sepp\u00e4l\u00e4 luottaa omiin vahvuuksiinsa.<\/p>\n<p>\u2013\u00a0Osaan ajatella k\u00e4yt\u00e4nn\u00f6llisyyden kautta. Tuotteen pit\u00e4\u00e4 olla kaunis ja kest\u00e4v\u00e4, mutta haluan aina, ett\u00e4 se on my\u00f6s k\u00e4yt\u00e4nn\u00f6llinen. Sellainen tuote on my\u00f6s pitk\u00e4ik\u00e4inen.<\/p>\n<p>Asiakkaat kysyv\u00e4t etenkin tammisia huonekaluja. Tammi on ollut jo pitk\u00e4\u00e4n suosittu materiaali. Sepp\u00e4l\u00e4n puhelin saattaa soida esimerkiksi silloin, kun haluttuun tilaan ei l\u00f6ydy juuri sopivan kokoista p\u00f6yt\u00e4\u00e4 kaupan hyllylt\u00e4.<\/p>\n<blockquote class=\"wp-block-quote is-layout-flow wp-block-quote-is-layout-flow\">\n<p>\u201dMinulle on t\u00e4rke\u00e4\u00e4 opetella uutta koko ajan.\u201d<\/p>\n<p>Marko Sepp\u00e4l\u00e4, yksinyritt\u00e4j\u00e4<\/p>\n<\/blockquote>\n<p>\u201dSaan suunnitella ja toteuttaa\u201d<\/p>\n<p>Podcastin \u00e4\u00e4nityshetkell\u00e4 Sepp\u00e4l\u00e4 ty\u00f6st\u00e4\u00e4 kokonaista massiivipuista keitti\u00f6t\u00e4, jonka tekemiseen uppoaa aikaa kuukauden ty\u00f6tunnit. T\u00e4llaisia keitti\u00f6it\u00e4 hankitaan my\u00f6s vanhempiin omakotitaloihin.<\/p>\n<p>\u2013\u00a0Keitti\u00f6 tehd\u00e4\u00e4n suoraan tarkkaan mittaan. Mit\u00e4\u00e4n heittoa ei saa olla. Peitelistoja ei tule, eik\u00e4 tarvita viinipullohyllyj\u00e4 tyhjiin v\u00e4leihin. T\u00e4m\u00e4n keitti\u00f6n materiaali on koivuliimalevy, yritt\u00e4j\u00e4 selvitt\u00e4\u00e4.<\/p>\n<p>Puhe k\u00e4\u00e4ntyy Kiinan halpatuontiin ja taloustilanteeseen, joka ei v\u00e4ltt\u00e4m\u00e4tt\u00e4 kannusta kuluttajaa valitsemaan kalliimpaa k\u00e4sity\u00f6t\u00e4.<\/p>\n<p>\u2013\u00a0Sellaiset asiakkaat eiv\u00e4t v\u00e4ltt\u00e4m\u00e4tt\u00e4 kyselisi muutenkaan palveluitani. Toisaalta en pysty tekem\u00e4\u00e4n itse isoja m\u00e4\u00e4ri\u00e4, mink\u00e4 vuoksi yrit\u00e4n panostaa yksil\u00f6llisyyteen ja mittatilausty\u00f6h\u00f6n. Suuremmat tuotantom\u00e4\u00e4r\u00e4t edellytt\u00e4isiv\u00e4t yhteisty\u00f6t\u00e4 jonkun isomman valmistajan kanssa, raumalaisyritt\u00e4j\u00e4 kertoo. H\u00e4n haluaa jatkossakin tehd\u00e4 tuotteet itse.<\/p>\n<p>\u2013\u00a0Minulle on t\u00e4rke\u00e4\u00e4 opetella uutta koko ajan. Puusep\u00e4n ty\u00f6ss\u00e4 saa aina ratkaista, miten tuotteen jokin yksityiskohta tehd\u00e4\u00e4n. Saan suunnitella ja toteuttaa sen.<\/p>\n<p>Kuuntele podcastista, miten Sepp\u00e4l\u00e4 n\u00e4kee ty\u00f6ns\u00e4 arvostuksen ja alan tulevaisuuden. Yritt\u00e4j\u00e4n podcast on kuunneltavissa\u00a0<a href=\"https:\/\/www.supla.fi\/episode\/4c7fcadd-80d3-5d27-b76e-01ef4d562f1f\" rel=\"nofollow noopener\" target=\"_blank\">Suplassa<\/a>,\u00a0<a href=\"https:\/\/open.spotify.com\/episode\/4y9k9NX0K4JAPuFhvzXhPw\" rel=\"nofollow noopener\" target=\"_blank\">Spotifyssa<\/a>\u00a0ja\u00a0<a href=\"https:\/\/podcasts.apple.com\/fi\/podcast\/yritt%C3%A4j%C3%A4n-podcast\/id1770487273\" rel=\"nofollow noopener\" target=\"_blank\">Apple Podcast<\/a>\u00a0-palvelussa.<\/p>\n<p>\t\t\t\t\t\tVinkkaa meille juttuaihe!<\/p>\n<p>                            Vinkkaa meille juttuaihe!<\/p>\n","protected":false},"excerpt":{"rendered":"Yritt\u00e4j\u00e4n podcast vieraili raumalaisen yksinyritt\u00e4j\u00e4n verstaassa. Yritt\u00e4j\u00e4t.fi julkaisee vuoden vaihtuessa uudelleen vuoden 2025 j\u00e4lkimm\u00e4isen puoliskon suosituimpia juttuja. T\u00e4m\u00e4&hellip;\n","protected":false},"author":2,"featured_media":127848,"comment_status":"","ping_status":"","sticky":false,"template":"","format":"standard","meta":{"footnotes":""},"categories":[76],"tags":[79,77,33,31,30,32,78,15163,22580],"class_list":{"0":"post-127847","1":"post","2":"type-post","3":"status-publish","4":"format-standard","5":"has-post-thumbnail","7":"category-talous","8":"tag-business","9":"tag-economy","10":"tag-fi","11":"tag-finland","12":"tag-finnish","13":"tag-suomi","14":"tag-talous","15":"tag-yksinyrittu00e4ju00e4t","16":"tag-yrittu00e4ju00e4n-podcast"},"share_on_mastodon":{"url":"https:\/\/pubeurope.com\/@fi\/115797260218133586","error":""},"_links":{"self":[{"href":"https:\/\/www.europesays.com\/fi\/wp-json\/wp\/v2\/posts\/127847","targetHints":{"allow":["GET"]}}],"collection":[{"href":"https:\/\/www.europesays.com\/fi\/wp-json\/wp\/v2\/posts"}],"about":[{"href":"https:\/\/www.europesays.com\/fi\/wp-json\/wp\/v2\/types\/post"}],"author":[{"embeddable":true,"href":"https:\/\/www.europesays.com\/fi\/wp-json\/wp\/v2\/users\/2"}],"replies":[{"embeddable":true,"href":"https:\/\/www.europesays.com\/fi\/wp-json\/wp\/v2\/comments?post=127847"}],"version-history":[{"count":0,"href":"https:\/\/www.europesays.com\/fi\/wp-json\/wp\/v2\/posts\/127847\/revisions"}],"wp:featuredmedia":[{"embeddable":true,"href":"https:\/\/www.europesays.com\/fi\/wp-json\/wp\/v2\/media\/127848"}],"wp:attachment":[{"href":"https:\/\/www.europesays.com\/fi\/wp-json\/wp\/v2\/media?parent=127847"}],"wp:term":[{"taxonomy":"category","embeddable":true,"href":"https:\/\/www.europesays.com\/fi\/wp-json\/wp\/v2\/categories?post=127847"},{"taxonomy":"post_tag","embeddable":true,"href":"https:\/\/www.europesays.com\/fi\/wp-json\/wp\/v2\/tags?post=127847"}],"curies":[{"name":"wp","href":"https:\/\/api.w.org\/{rel}","templated":true}]}}