{"id":127849,"date":"2025-12-28T12:45:09","date_gmt":"2025-12-28T12:45:09","guid":{"rendered":"https:\/\/www.europesays.com\/fi\/127849\/"},"modified":"2025-12-28T12:45:09","modified_gmt":"2025-12-28T12:45:09","slug":"asiantuntija-varoittaa-kiina-valmistautuu-sotaan-2027","status":"publish","type":"post","link":"https:\/\/www.europesays.com\/fi\/127849\/","title":{"rendered":"Asiantuntija varoittaa: Kiina valmistautuu sotaan 2027"},"content":{"rendered":"<p class=\"ai-optimize-6 ai-optimize-introduction\" data-start=\"23\" data-end=\"335\">Kiina valmistautuu sotaan vuoteen 2027 menness\u00e4. N\u00e4in varoittaa Strategic Analysis Australia -ajatushautomon johtaja <strong>Peter Jennings\u00a0<\/strong><a href=\"https:\/\/www.skynews.com.au\/world-news\/china\/australia-is-not-ready-for-war-as-it-squeezes-defence-capabilities-to-fund-future-submarines-defence-expert-peter-jennings-warns\/news-story\/d13fd794af4b733d311c9fc2fddbcc62\" target=\"_blank\" rel=\"noopener nofollow\">Sky News Australian<\/a>\u00a0haastattelussa. Kiinan kommunistinen puolue on h\u00e4nen mukaansa valmistellut suunnitelman koko Tyynenmeren alueen varalle.<\/p>\n<p class=\"ai-optimize-11\" data-start=\"1437\" data-end=\"1646\">V\u00e4litt\u00f6min turvallisuusuhka liittyy Jenningsin mukaan Kiinan haluun vallata Taiwanin saari. Kiinan sotilaallinen voimank\u00e4ytt\u00f6 todenn\u00e4k\u00f6isesti horjuttaisi koko Tyynenmeren aluetta.<\/p>\n<p class=\"ai-optimize-12\" data-start=\"1648\" data-end=\"1996\">\u2013 Monet \u2013 min\u00e4 mukaan lukien \u2013 sanoisivat, ett\u00e4 (hy\u00f6kk\u00e4ys) on todenn\u00e4k\u00f6inen hyvin lyhyell\u00e4 aikav\u00e4lill\u00e4. (Kiinan presidentti) <strong>Xi Jinping<\/strong> kehottaa s\u00e4\u00e4nn\u00f6llisesti armeijaansa olemaan valmiina sotaan vuoteen 2027 menness\u00e4, Jennings sanoo.<\/p>\n<p class=\"ai-optimize-13\" data-start=\"1998\" data-end=\"2311\">\u2013 En usko, ett\u00e4 t\u00e4lle voi asettaa tarkkaa p\u00e4iv\u00e4m\u00e4\u00e4r\u00e4\u00e4, mutta konfliktin riski \u2013 k\u00e4yt\u00e4nn\u00f6ss\u00e4 t\u00e4st\u00e4 hetkest\u00e4 seuraavan Xi Jinpingin toimikauden loppuun Kiinan ylimp\u00e4n\u00e4 johtajana \u2013 on mielest\u00e4ni kriittisin ajanjakso.<\/p>\n<p class=\"ai-optimize-16\" data-start=\"2750\" data-end=\"2952\">Kiina harjoittelee kiihtyv\u00e4ll\u00e4 tahdilla Taiwanin valtaamista erilaisilla simuloiduilla skenaarioilla. Jenningsin mukaan Taiwanin mahdollinen maihinnousu sis\u00e4lt\u00e4isi todenn\u00e4k\u00f6isesti satamien ja rahtireittien haltuunoton.<\/p>\n<p class=\"ai-optimize-19\" data-start=\"3257\" data-end=\"3367\">\u2013 Ongelma on siin\u00e4, ettei se rajoittuisi Taiwaniin. Se painuisi etel\u00e4\u00e4n Filippiineille ja pohjoiseen Japaniin.<\/p>\n<p class=\"ai-optimize-8\" data-start=\"3257\" data-end=\"3367\">Jennings painottaa, ettei Australiakaan voi tuudittautua sivustakatsojan rooliin. Kiinan valtahalut ulottuisivat nimitt\u00e4in ennen pitk\u00e4\u00e4 my\u00f6s sen l\u00e4hipiiriin.<\/p>\n<p class=\"ai-optimize-20\" data-start=\"3369\" data-end=\"3583\">\u2013 Kiinalla on kokonaisvaltainen suunnitelma. Taiwan on osa sit\u00e4, mutta laajempi tavoite on nousta t\u00e4m\u00e4n maailmanosan hallitsevaksi sotilaalliseksi toimijaksi \u2013 emmek\u00e4 me voi my\u00f6t\u00e4ill\u00e4 itse\u00e4mme ulos t\u00e4st\u00e4 tilanteesta..<\/p>\n<p class=\"ai-optimize-7\" data-start=\"1998\" data-end=\"2311\">Puolustusasiantuntija kehottaakin Australiaa varustautumaan ripe\u00e4sti.<\/p>\n<p class=\"ai-optimize-15\" data-start=\"2533\" data-end=\"2748\">\u2013 Meid\u00e4n on todella p\u00e4\u00e4st\u00e4v\u00e4 liikkeelle nopeasti, jos aiomme rakentaa pelotetta \u2013 eli yritt\u00e4\u00e4 vakuuttaa Kiina siit\u00e4, ett\u00e4 t\u00e4m\u00e4 ei ole oikea toimintatapa ja ett\u00e4 sotilaallista toimintaa tulisi v\u00e4ltt\u00e4\u00e4 kaikin keinoin.<\/p>\n","protected":false},"excerpt":{"rendered":"Kiina valmistautuu sotaan vuoteen 2027 menness\u00e4. N\u00e4in varoittaa Strategic Analysis Australia -ajatushautomon johtaja Peter Jennings\u00a0Sky News Australian\u00a0haastattelussa. Kiinan&hellip;\n","protected":false},"author":2,"featured_media":127850,"comment_status":"","ping_status":"","sticky":false,"template":"","format":"standard","meta":{"footnotes":""},"categories":[14],"tags":[3751,22,23,26,27,33,31,30,17,510,24,25,28,29,15,18,21,32,19,20,56,16,59,60,61],"class_list":{"0":"post-127849","1":"post","2":"type-post","3":"status-publish","4":"format-standard","5":"has-post-thumbnail","7":"category-ulkomaat","8":"tag-australia","9":"tag-breaking-news","10":"tag-breakingnews","11":"tag-featured-news","12":"tag-featurednews","13":"tag-fi","14":"tag-finland","15":"tag-finnish","16":"tag-headlines","17":"tag-kiina","18":"tag-latest-news","19":"tag-latestnews","20":"tag-main-news","21":"tag-mainnews","22":"tag-news","23":"tag-otsikot","24":"tag-paauutiset","25":"tag-suomi","26":"tag-top-stories","27":"tag-topstories","28":"tag-ulkomaat","29":"tag-uutiset","30":"tag-world","31":"tag-world-news","32":"tag-worldnews"},"share_on_mastodon":{"url":"https:\/\/pubeurope.com\/@fi\/115797263995528372","error":""},"_links":{"self":[{"href":"https:\/\/www.europesays.com\/fi\/wp-json\/wp\/v2\/posts\/127849","targetHints":{"allow":["GET"]}}],"collection":[{"href":"https:\/\/www.europesays.com\/fi\/wp-json\/wp\/v2\/posts"}],"about":[{"href":"https:\/\/www.europesays.com\/fi\/wp-json\/wp\/v2\/types\/post"}],"author":[{"embeddable":true,"href":"https:\/\/www.europesays.com\/fi\/wp-json\/wp\/v2\/users\/2"}],"replies":[{"embeddable":true,"href":"https:\/\/www.europesays.com\/fi\/wp-json\/wp\/v2\/comments?post=127849"}],"version-history":[{"count":0,"href":"https:\/\/www.europesays.com\/fi\/wp-json\/wp\/v2\/posts\/127849\/revisions"}],"wp:featuredmedia":[{"embeddable":true,"href":"https:\/\/www.europesays.com\/fi\/wp-json\/wp\/v2\/media\/127850"}],"wp:attachment":[{"href":"https:\/\/www.europesays.com\/fi\/wp-json\/wp\/v2\/media?parent=127849"}],"wp:term":[{"taxonomy":"category","embeddable":true,"href":"https:\/\/www.europesays.com\/fi\/wp-json\/wp\/v2\/categories?post=127849"},{"taxonomy":"post_tag","embeddable":true,"href":"https:\/\/www.europesays.com\/fi\/wp-json\/wp\/v2\/tags?post=127849"}],"curies":[{"name":"wp","href":"https:\/\/api.w.org\/{rel}","templated":true}]}}