{"id":127851,"date":"2025-12-28T12:46:09","date_gmt":"2025-12-28T12:46:09","guid":{"rendered":"https:\/\/www.europesays.com\/fi\/127851\/"},"modified":"2025-12-28T12:46:09","modified_gmt":"2025-12-28T12:46:09","slug":"rovaniemen-lentokentalla-kaaos-ilta-sanomat","status":"publish","type":"post","link":"https:\/\/www.europesays.com\/fi\/127851\/","title":{"rendered":"Rovaniemen lentokent\u00e4ll\u00e4 kaaos &#8211; Ilta-Sanomat"},"content":{"rendered":"<p>Matkailijoilla on ollut rankka y\u00f6 Rovaniemen lentokent\u00e4ll\u00e4, eik\u00e4 piina hellitt\u00e4nyt viel\u00e4k\u00e4\u00e4n.<\/p>\n<p class=\"article-body mb-nof-24 px-nof-16\">Helsinkiin palaava <a class=\"article-personlink\" href=\"https:\/\/www.is.fi\/haku\/?query=Suvi\" rel=\"nofollow noopener\" target=\"_blank\">Suvi<\/a> j\u00e4rkyttyi Rovaniemen lentokent\u00e4ll\u00e4 \u201dhallitsemattomaksi kaaokseksi\u201d kuvaamaansa tilannetta Hannes-talvimyrskyn j\u00e4ljilt\u00e4. Lauantaina vaaralliset tuulet pakottivat koneita muille kentille.<\/p>\n<p class=\"article-body mb-nof-24 px-nof-16\">Suvin oli m\u00e4\u00e4r\u00e4 lent\u00e4\u00e4 Finnairilla Helsinkiin, mutta parin tunnin jonottelun j\u00e4lkeen h\u00e4n totesi tilanteen toivottomaksi ja sai vaihdettua lennon. H\u00e4nen oli m\u00e4\u00e4r\u00e4 palata K\u00f6\u00f6penhaminan kautta Helsinkiin t\u00e4n\u00e4\u00e4n sunnuntaina.<\/p>\n<p class=\"article-body mb-nof-24 px-nof-16\">Suvin palattua lentokent\u00e4lle sunnuntaina tilanne oli edelleen j\u00e4rkytt\u00e4v\u00e4. Matkailijoiden jono kiersi check-in-pisteist\u00e4 pihalle ja Suvi katsoi, ett\u00e4 ei ehdi edelleenk\u00e4\u00e4n koneeseen.<\/p>\n<p class=\"article-body mb-nof-24 px-nof-16\">Kolmas yritys on edess\u00e4 huomenna maanantaina.<\/p>\n<p><img decoding=\"async\" src=\"https:\/\/www.europesays.com\/fi\/wp-content\/uploads\/2025\/12\/1766925969_211_468.jpg\" alt=\"Jono l\u00e4ht\u00f6selvitykseen kiemurteli sunnuntaina ulos asti.\" class=\"_Img_1rerz_1\" style=\"aspect-ratio:0.5625\" loading=\"eager\"\/><\/p>\n<p class=\"article-picture-caption\">Jono l\u00e4ht\u00f6selvitykseen kiemurteli sunnuntaina ulos asti. Kuva:\u00a0Lukijan kuva \/ Kuvakaappaus videolta<\/p>\n<p class=\"article-body mb-nof-24 px-nof-16\">\u2013 En ole ikin\u00e4 n\u00e4hnyt t\u00e4\u00e4ll\u00e4 t\u00e4llaista v\u00e4kim\u00e4\u00e4r\u00e4\u00e4. Ihan j\u00e4rkytt\u00e4v\u00e4\u00e4, mik\u00e4 muutos on Rovaniemell\u00e4 tapahtunut parissa vuodessa, h\u00e4n sanoo.<\/p>\n<p class=\"article-body mb-nof-24 px-nof-16\">Nainen haluaa kertoa kokemuksestaan mieluiten etunimell\u00e4. Rovaniemelt\u00e4 kotoisin oleva Suvi viittaa yleisemminkin kasvaneeseen matkailijavirtaan Rovaniemell\u00e4 ja katsoo, ettei lentokentt\u00e4 laajennettunakaan pysty vastaamaan ainakaan poikkeuksellisissa ruuhkatilanteissa matkustajam\u00e4\u00e4riin.<\/p>\n<p class=\"article-body mb-nof-24 px-nof-16\">My\u00f6s muut ISn lukijat ovat kertoneet kent\u00e4n kaoottisesta tilanteesta. Suvin mukaan matkustajat istuivat ja makasivat lattioilla ja matkalaukkuja oli ker\u00e4\u00e4ntynyt kymmenitt\u00e4in, ellei sadoittain hihnoille.<\/p>\n<p class=\"article-body mb-nof-24 px-nof-16\">Er\u00e4s lukija kuvasi oloja kolmelta y\u00f6ll\u00e4 kent\u00e4ll\u00e4. H\u00e4nen olisi pit\u00e4nyt p\u00e4\u00e4st\u00e4 kello nelj\u00e4lt\u00e4 Rovaniemelle Amsterdamista, mutta \u201d30 ihmist\u00e4 heitettiin lennolta pois jotta he saisivat enemm\u00e4n polttoainetta matkaan\u201d. Lopulta lentokone laskeutui Ouluun eik\u00e4 Rovaniemelle.<\/p>\n<p class=\"article-body mb-nof-24 px-nof-16\">Finavia tiedotti, ett\u00e4 Rovaniemen lentoasemalla on sunnuntaina lauantailta siirtyneiden lentojen vuoksi tavanomaista p\u00e4iv\u00e4\u00e4 runsaammin matkustajia, mik\u00e4 n\u00e4kyy jonoutumisena terminaalin eri toiminnoissa.<\/p>\n<p class=\"article-body mb-nof-24 px-nof-16\">Finavian Ivalon, Kittil\u00e4n ja Rovaniemen lentoasemilla oli lauantaina lentoliikenteen rajoituksia ja keskeytyksi\u00e4 kello 16 ja 22.40 v\u00e4lisen\u00e4 aikana vaikeiden s\u00e4\u00e4olojen vuoksi.<\/p>\n","protected":false},"excerpt":{"rendered":"Matkailijoilla on ollut rankka y\u00f6 Rovaniemen lentokent\u00e4ll\u00e4, eik\u00e4 piina hellitt\u00e4nyt viel\u00e4k\u00e4\u00e4n. Helsinkiin palaava Suvi j\u00e4rkyttyi Rovaniemen lentokent\u00e4ll\u00e4 \u201dhallitsemattomaksi&hellip;\n","protected":false},"author":2,"featured_media":127852,"comment_status":"","ping_status":"","sticky":false,"template":"","format":"standard","meta":{"footnotes":""},"categories":[12],"tags":[22,23,26,27,33,31,30,17,34,24,25,28,29,15,18,21,32,19,20,16],"class_list":{"0":"post-127851","1":"post","2":"type-post","3":"status-publish","4":"format-standard","5":"has-post-thumbnail","7":"category-suomi","8":"tag-breaking-news","9":"tag-breakingnews","10":"tag-featured-news","11":"tag-featurednews","12":"tag-fi","13":"tag-finland","14":"tag-finnish","15":"tag-headlines","16":"tag-ilta-sanomat","17":"tag-latest-news","18":"tag-latestnews","19":"tag-main-news","20":"tag-mainnews","21":"tag-news","22":"tag-otsikot","23":"tag-paauutiset","24":"tag-suomi","25":"tag-top-stories","26":"tag-topstories","27":"tag-uutiset"},"share_on_mastodon":{"url":"https:\/\/pubeurope.com\/@fi\/115797268154601066","error":""},"_links":{"self":[{"href":"https:\/\/www.europesays.com\/fi\/wp-json\/wp\/v2\/posts\/127851","targetHints":{"allow":["GET"]}}],"collection":[{"href":"https:\/\/www.europesays.com\/fi\/wp-json\/wp\/v2\/posts"}],"about":[{"href":"https:\/\/www.europesays.com\/fi\/wp-json\/wp\/v2\/types\/post"}],"author":[{"embeddable":true,"href":"https:\/\/www.europesays.com\/fi\/wp-json\/wp\/v2\/users\/2"}],"replies":[{"embeddable":true,"href":"https:\/\/www.europesays.com\/fi\/wp-json\/wp\/v2\/comments?post=127851"}],"version-history":[{"count":0,"href":"https:\/\/www.europesays.com\/fi\/wp-json\/wp\/v2\/posts\/127851\/revisions"}],"wp:featuredmedia":[{"embeddable":true,"href":"https:\/\/www.europesays.com\/fi\/wp-json\/wp\/v2\/media\/127852"}],"wp:attachment":[{"href":"https:\/\/www.europesays.com\/fi\/wp-json\/wp\/v2\/media?parent=127851"}],"wp:term":[{"taxonomy":"category","embeddable":true,"href":"https:\/\/www.europesays.com\/fi\/wp-json\/wp\/v2\/categories?post=127851"},{"taxonomy":"post_tag","embeddable":true,"href":"https:\/\/www.europesays.com\/fi\/wp-json\/wp\/v2\/tags?post=127851"}],"curies":[{"name":"wp","href":"https:\/\/api.w.org\/{rel}","templated":true}]}}