{"id":127855,"date":"2025-12-28T12:59:09","date_gmt":"2025-12-28T12:59:09","guid":{"rendered":"https:\/\/www.europesays.com\/fi\/127855\/"},"modified":"2025-12-28T12:59:09","modified_gmt":"2025-12-28T12:59:09","slug":"macron-kommentoi-brigitte-bardotn-kuolemaa","status":"publish","type":"post","link":"https:\/\/www.europesays.com\/fi\/127855\/","title":{"rendered":"Macron kommentoi Brigitte Bardot&#8217;n kuolemaa"},"content":{"rendered":"<p><strong class=\"typography-bold\">N\u00e4yttelij\u00e4 Brigitte <\/strong><strong class=\"typography-bold\">Bardot kuoli 91-vuotiaana.\u00a0<\/strong><\/p>\n<p>Ranskan presidentti <strong class=\"typography-bold\">Emmanuel Macron<\/strong> kommentoi n\u00e4yttelij\u00e4 <strong class=\"typography-bold\">Brigitte Bardot<\/strong>\u2019n kuolemaa viestipalvelu X:ss\u00e4.<\/p>\n<p>\u2013 Elokuvillaan, \u00e4\u00e4nell\u00e4\u00e4n, h\u00e4ik\u00e4isev\u00e4ll\u00e4 maineellaan, nimikirjaimillaan, suruillaan, anteliaalla intohimollaan el\u00e4imi\u00e4 kohtaan, h\u00e4nen kasvoistaan tullut Marianne, Brigitte Bardot ilmensi vapauden ruumiillistumaa. Ranskalainen el\u00e4m\u00e4, universaali loisto. H\u00e4n kosketti meit\u00e4. Suremme vuosisadan legendaa, Macron kirjoittaa julkaisussaan.<\/p>\n<p>Mariannella Macron viittaa Ranskan t\u00e4rkeimp\u00e4\u00e4n kansallissymboliin, Marianneen. Brigitte Bardot valittiin Mariannen virallisiksi kasvoiksi 1960-luvulla.<\/p>\n<p>Bardot kuoli 91-vuotiaana. Kuolemasta kertoi h\u00e4nen perustamansa el\u00e4inoikeuksia puolustava s\u00e4\u00e4ti\u00f6.<\/p>\n<p>S\u00e4\u00e4ti\u00f6 ei kertonut uutisen yhteydess\u00e4, miss\u00e4 ja milloin Bardot oli kuollut.<\/p>\n<p>Lue lis\u00e4\u00e4: <a class=\"cursor-pointer underline\" data-testid=\"internal-link\" role=\"link\" data-sentry-element=\"Link\" data-sentry-component=\"InternalLink\" data-sentry-source-file=\"InternalLink.tsx\" href=\"https:\/\/www.mtvuutiset.fi\/artikkeli\/brigitte-bardot-on-kuollut\/9275566\" rel=\"nofollow noopener\" target=\"_blank\">Brigitte Bardot on kuollut<\/a><\/p>\n<p>Jos alla oleva julkaisu ei n\u00e4y, voit katsoa sen <a class=\"underline\" data-testid=\"external-link\" href=\"https:\/\/x.com\/EmmanuelMacron\/status\/2005225451707617285\" rel=\"noopener noreferrer nofollow\" target=\"_blank\" data-sentry-component=\"ExternalLink\" data-sentry-source-file=\"ExternalLink.tsx\">t\u00e4\u00e4lt\u00e4<\/a>.<\/p>\n","protected":false},"excerpt":{"rendered":"N\u00e4yttelij\u00e4 Brigitte Bardot kuoli 91-vuotiaana.\u00a0 Ranskan presidentti Emmanuel Macron kommentoi n\u00e4yttelij\u00e4 Brigitte Bardot\u2019n kuolemaa viestipalvelu X:ss\u00e4. \u2013 Elokuvillaan,&hellip;\n","protected":false},"author":2,"featured_media":127856,"comment_status":"","ping_status":"","sticky":false,"template":"","format":"standard","meta":{"footnotes":""},"categories":[136],"tags":[407,137,33,31,30,408,32,109],"class_list":{"0":"post-127855","1":"post","2":"type-post","3":"status-publish","4":"format-standard","5":"has-post-thumbnail","7":"category-julkkikset","8":"tag-celebrities","9":"tag-entertainment","10":"tag-fi","11":"tag-finland","12":"tag-finnish","13":"tag-julkkikset","14":"tag-suomi","15":"tag-viihde"},"share_on_mastodon":{"url":"https:\/\/pubeurope.com\/@fi\/115797318932002743","error":""},"_links":{"self":[{"href":"https:\/\/www.europesays.com\/fi\/wp-json\/wp\/v2\/posts\/127855","targetHints":{"allow":["GET"]}}],"collection":[{"href":"https:\/\/www.europesays.com\/fi\/wp-json\/wp\/v2\/posts"}],"about":[{"href":"https:\/\/www.europesays.com\/fi\/wp-json\/wp\/v2\/types\/post"}],"author":[{"embeddable":true,"href":"https:\/\/www.europesays.com\/fi\/wp-json\/wp\/v2\/users\/2"}],"replies":[{"embeddable":true,"href":"https:\/\/www.europesays.com\/fi\/wp-json\/wp\/v2\/comments?post=127855"}],"version-history":[{"count":0,"href":"https:\/\/www.europesays.com\/fi\/wp-json\/wp\/v2\/posts\/127855\/revisions"}],"wp:featuredmedia":[{"embeddable":true,"href":"https:\/\/www.europesays.com\/fi\/wp-json\/wp\/v2\/media\/127856"}],"wp:attachment":[{"href":"https:\/\/www.europesays.com\/fi\/wp-json\/wp\/v2\/media?parent=127855"}],"wp:term":[{"taxonomy":"category","embeddable":true,"href":"https:\/\/www.europesays.com\/fi\/wp-json\/wp\/v2\/categories?post=127855"},{"taxonomy":"post_tag","embeddable":true,"href":"https:\/\/www.europesays.com\/fi\/wp-json\/wp\/v2\/tags?post=127855"}],"curies":[{"name":"wp","href":"https:\/\/api.w.org\/{rel}","templated":true}]}}