{"id":127859,"date":"2025-12-28T13:06:08","date_gmt":"2025-12-28T13:06:08","guid":{"rendered":"https:\/\/www.europesays.com\/fi\/127859\/"},"modified":"2025-12-28T13:06:08","modified_gmt":"2025-12-28T13:06:08","slug":"jasmi-joensuulta-hyva-veto-tour-de-skin-avauksessa-ruotsin-miehilla-katastrofi","status":"publish","type":"post","link":"https:\/\/www.europesays.com\/fi\/127859\/","title":{"rendered":"Jasmi Joensuulta hyv\u00e4 veto Tour de Skin avauksessa \u2013 Ruotsin miehill\u00e4 katastrofi"},"content":{"rendered":"<p>Maastohiihdon Tour de Ski startattiin Italian Toblachissa sprinttikarsinnalla. Suomalaisista miehiss\u00e4 ja naisissa molemmissa er\u00e4vaiheeseen eteni kaksi suomalaista.<\/p>\n<p>Lue my\u00f6s: <a class=\"cursor-pointer underline\" data-testid=\"internal-link\" role=\"link\" data-sentry-element=\"Link\" data-sentry-component=\"InternalLink\" data-sentry-source-file=\"InternalLink.tsx\" href=\"https:\/\/www.mtvuutiset.fi\/artikkeli\/pelin-henki-muuttui-tour-de-skilla-saanut-varmasti-monen-hiihtajan-miettimaan\/9274130\" rel=\"nofollow noopener\" target=\"_blank\">Pelin henki muuttui Tour de Skill\u00e4 \u2013 &#8221;Saanut varmasti monen hiiht\u00e4j\u00e4n miettim\u00e4\u00e4n&#8221;<\/a>Lue my\u00f6s: <a class=\"cursor-pointer underline\" data-testid=\"internal-link\" role=\"link\" data-sentry-element=\"Link\" data-sentry-component=\"InternalLink\" data-sentry-source-file=\"InternalLink.tsx\" href=\"https:\/\/www.mtvuutiset.fi\/artikkeli\/ruotsalaishiihtajilta-suorat-sanat-katastrofista-kuin-olisin-seissyt-paikoillani\/9275592\" rel=\"nofollow noopener\" target=\"_blank\">Ruotsalaishiiht\u00e4jilt\u00e4 suorat sanat katastrofista<\/a><\/p>\n<p>Miesten pyr\u00e4hdyksess\u00e4 kovinta vauhtia piti odotetusti <strong class=\"typography-bold\">Johannes H\u00f6sflot Kl\u00e4bo<\/strong>, joka sivakoi 1,76 sekunnin erolla k\u00e4rkipaikkaaan ennen Yhdysvaltain <strong class=\"typography-bold\">Gus Schumacheria<\/strong>.<\/p>\n<p>Suomalaisista <strong class=\"typography-bold\">Niilo Moilanen<\/strong> oli 27:s ja <strong class=\"typography-bold\">Joni M\u00e4ki<\/strong> 28:s. <strong class=\"typography-bold\">Lauri Vuorinen<\/strong> karsiutui ensimm\u00e4isen\u00e4 ollen 31:s. Karsinnassa erot olivat hyvin pieni\u00e4, sill\u00e4 Vuorinen j\u00e4i 0,06 sekunnin p\u00e4\u00e4h\u00e4n jatkopaikasta.<\/p>\n<p>Vuorisen lis\u00e4ksi suomalaisista karsiutuivat <strong class=\"typography-bold\">Ristomatti Hakola<\/strong>, <strong class=\"typography-bold\">Niko Anttola<\/strong>, <strong class=\"typography-bold\">Petteri Koivisto<\/strong>,<strong class=\"typography-bold\"> Iivo Niskanen<\/strong> ja <strong class=\"typography-bold\">Perttu Hyv\u00e4rinen<\/strong>.<\/p>\n<p>Ruotsilla miesten karsinta oli katastrofi, sill\u00e4 vain <strong class=\"typography-bold\">Edvin Anger<\/strong> meni er\u00e4vaiheeseen ollen 17:s nopein.<\/p>\n<p>Naisten karsinnassa suomalaisista jatkoon eteniv\u00e4t varmasti kolmanneksi nopeimman ajan kellottanut <strong class=\"typography-bold\">Jasmi Joensuu <\/strong>ja <strong class=\"typography-bold\">Jasmin K\u00e4h\u00e4r\u00e4<\/strong>, joka oli 19:s. Nopeimman ajan hiihti Ruotsin <strong class=\"typography-bold\">Johanna Hagstr\u00f6m<\/strong>, josta Joensuu j\u00e4i 2,25 sekuntia.<\/p>\n<p><strong class=\"typography-bold\">Kerttu Niskanen<\/strong>, <strong class=\"typography-bold\">Krista P\u00e4rm\u00e4koski<\/strong>, <strong class=\"typography-bold\">Vilma Nissinen<\/strong>, <strong class=\"typography-bold\">Johanna Matintalo<\/strong> ja <strong class=\"typography-bold\">Vilma Ryytty<\/strong> karsiutuivat. Ruotsin suurista nimist\u00e4 <strong class=\"typography-bold\">Ebba Andersson<\/strong> ja <strong class=\"typography-bold\">Frida Karlsson<\/strong> j\u00e4iv\u00e4t my\u00f6s karsintaan.<\/p>\n","protected":false},"excerpt":{"rendered":"Maastohiihdon Tour de Ski startattiin Italian Toblachissa sprinttikarsinnalla. Suomalaisista miehiss\u00e4 ja naisissa molemmissa er\u00e4vaiheeseen eteni kaksi suomalaista. Lue&hellip;\n","protected":false},"author":2,"featured_media":127860,"comment_status":"","ping_status":"","sticky":false,"template":"","format":"standard","meta":{"footnotes":""},"categories":[158],"tags":[33,31,30,159,32,160],"class_list":{"0":"post-127859","1":"post","2":"type-post","3":"status-publish","4":"format-standard","5":"has-post-thumbnail","7":"category-urheilu","8":"tag-fi","9":"tag-finland","10":"tag-finnish","11":"tag-sports","12":"tag-suomi","13":"tag-urheilu"},"share_on_mastodon":{"url":"https:\/\/pubeurope.com\/@fi\/115797346571296029","error":""},"_links":{"self":[{"href":"https:\/\/www.europesays.com\/fi\/wp-json\/wp\/v2\/posts\/127859","targetHints":{"allow":["GET"]}}],"collection":[{"href":"https:\/\/www.europesays.com\/fi\/wp-json\/wp\/v2\/posts"}],"about":[{"href":"https:\/\/www.europesays.com\/fi\/wp-json\/wp\/v2\/types\/post"}],"author":[{"embeddable":true,"href":"https:\/\/www.europesays.com\/fi\/wp-json\/wp\/v2\/users\/2"}],"replies":[{"embeddable":true,"href":"https:\/\/www.europesays.com\/fi\/wp-json\/wp\/v2\/comments?post=127859"}],"version-history":[{"count":0,"href":"https:\/\/www.europesays.com\/fi\/wp-json\/wp\/v2\/posts\/127859\/revisions"}],"wp:featuredmedia":[{"embeddable":true,"href":"https:\/\/www.europesays.com\/fi\/wp-json\/wp\/v2\/media\/127860"}],"wp:attachment":[{"href":"https:\/\/www.europesays.com\/fi\/wp-json\/wp\/v2\/media?parent=127859"}],"wp:term":[{"taxonomy":"category","embeddable":true,"href":"https:\/\/www.europesays.com\/fi\/wp-json\/wp\/v2\/categories?post=127859"},{"taxonomy":"post_tag","embeddable":true,"href":"https:\/\/www.europesays.com\/fi\/wp-json\/wp\/v2\/tags?post=127859"}],"curies":[{"name":"wp","href":"https:\/\/api.w.org\/{rel}","templated":true}]}}