{"id":127861,"date":"2025-12-28T13:07:07","date_gmt":"2025-12-28T13:07:07","guid":{"rendered":"https:\/\/www.europesays.com\/fi\/127861\/"},"modified":"2025-12-28T13:07:07","modified_gmt":"2025-12-28T13:07:07","slug":"huhu-tama-yllatysnimi-nahdaan-robert-de-niron-tilalla-heat-2-elokuvassa","status":"publish","type":"post","link":"https:\/\/www.europesays.com\/fi\/127861\/","title":{"rendered":"Huhu: T\u00e4m\u00e4 yll\u00e4tysnimi n\u00e4hd\u00e4\u00e4n Robert De Niron tilalla Heat 2 -elokuvassa"},"content":{"rendered":"<p><a href=\"https:\/\/www.nexuspointnews.com\/exclusive-stephen-graham-offered-a-role-in-heat-2\" rel=\"nofollow noopener\" target=\"_blank\">Nexus Point News<\/a> uutisoi, ett\u00e4 <strong>Michael Mannin<\/strong> Heat 2 olisi l\u00f6yt\u00e4nyt n\u00e4yttelij\u00e4n <strong>Robert De Niron<\/strong> Neil McCauleyn nuoremmalle versiolle.<\/p>\n<p>Median mukaan Adolescence\u2013 ja Peaky Blinders -t\u00e4hti <strong>Stephen Graham <\/strong>olisi saamassa roolin. Erikoiseksi jutun tekee se, ett\u00e4 Graham on l\u00e4hes saman ik\u00e4inen kuin De Niro oli ensimm\u00e4isess\u00e4 Heat-elokuvassa.<\/p>\n<p>Graham on n\u00e4ytellyt aikaisemmin Mannin elokuvassa, Public Enemiesiss\u00e4, joten ihan hatusta vedetty uutinen ei v\u00e4ltt\u00e4m\u00e4tt\u00e4 ole. Ainakin Movie Web on lainannut uutista.<\/p>\n<p>Kaikenlaisia huhuja Heat 2 -elokuvasta liikkuu. Toisten mukaan <strong>Leonardo DiCaprio <\/strong>haluttaisi <strong>Val Kilmerin <\/strong>hahmon rooliin, kun taas <strong>Al Pacinon<\/strong> Vincent Hannan rooliin tavoiteltaisi <strong>Christian Balea<\/strong>. Saa n\u00e4hd\u00e4 realisoituuko mik\u00e4\u00e4n.<\/p>\n<p><a href=\"https:\/\/www.episodi.fi\/uutiset\/heat-2-on-jalleen-paivan-lahempana-tuottajanero-paljasti-kuvausaikataulun\/\" rel=\"nofollow noopener\" target=\"_blank\">Lue my\u00f6s: Heat 2 on j\u00e4lleen p\u00e4iv\u00e4n l\u00e4hemp\u00e4n\u00e4 \u2013 tuottajanero paljasti kuvausaikataulun<\/a><\/p>\n<p>Lue my\u00f6s: <a href=\"https:\/\/www.episodi.fi\/uutiskirje\/?uutiskirjemainos=tekstilinkkimainos\" title=\"Tilaa Episodin uutiskirje ja voit voittaa leffalippuja! Nappaa tv-vinkit suoraan s\u00e4hk\u00f6postiin t\u00e4st\u00e4.\" class=\"underline-custom !font-montserrat !font-bold !underline-offset-4 !decoration-4 !decoration-episodi-blue !text-md\" rel=\"nofollow noopener\" target=\"_blank\">Tilaa Episodin uutiskirje ja voit voittaa leffalippuja! Nappaa katseluvinkit suoraan s\u00e4hk\u00f6postiin t\u00e4st\u00e4.<\/a><\/p>\n","protected":false},"excerpt":{"rendered":"Nexus Point News uutisoi, ett\u00e4 Michael Mannin Heat 2 olisi l\u00f6yt\u00e4nyt n\u00e4yttelij\u00e4n Robert De Niron Neil McCauleyn nuoremmalle&hellip;\n","protected":false},"author":2,"featured_media":127862,"comment_status":"","ping_status":"","sticky":false,"template":"","format":"standard","meta":{"footnotes":""},"categories":[130],"tags":[137,33,31,30,2003,6302,12959,32,109],"class_list":{"0":"post-127861","1":"post","2":"type-post","3":"status-publish","4":"format-standard","5":"has-post-thumbnail","7":"category-viihde","8":"tag-entertainment","9":"tag-fi","10":"tag-finland","11":"tag-finnish","12":"tag-heat-2","13":"tag-ignostot","14":"tag-stephen-graham","15":"tag-suomi","16":"tag-viihde"},"share_on_mastodon":{"url":"https:\/\/pubeurope.com\/@fi\/115797350336390711","error":""},"_links":{"self":[{"href":"https:\/\/www.europesays.com\/fi\/wp-json\/wp\/v2\/posts\/127861","targetHints":{"allow":["GET"]}}],"collection":[{"href":"https:\/\/www.europesays.com\/fi\/wp-json\/wp\/v2\/posts"}],"about":[{"href":"https:\/\/www.europesays.com\/fi\/wp-json\/wp\/v2\/types\/post"}],"author":[{"embeddable":true,"href":"https:\/\/www.europesays.com\/fi\/wp-json\/wp\/v2\/users\/2"}],"replies":[{"embeddable":true,"href":"https:\/\/www.europesays.com\/fi\/wp-json\/wp\/v2\/comments?post=127861"}],"version-history":[{"count":0,"href":"https:\/\/www.europesays.com\/fi\/wp-json\/wp\/v2\/posts\/127861\/revisions"}],"wp:featuredmedia":[{"embeddable":true,"href":"https:\/\/www.europesays.com\/fi\/wp-json\/wp\/v2\/media\/127862"}],"wp:attachment":[{"href":"https:\/\/www.europesays.com\/fi\/wp-json\/wp\/v2\/media?parent=127861"}],"wp:term":[{"taxonomy":"category","embeddable":true,"href":"https:\/\/www.europesays.com\/fi\/wp-json\/wp\/v2\/categories?post=127861"},{"taxonomy":"post_tag","embeddable":true,"href":"https:\/\/www.europesays.com\/fi\/wp-json\/wp\/v2\/tags?post=127861"}],"curies":[{"name":"wp","href":"https:\/\/api.w.org\/{rel}","templated":true}]}}