{"id":127870,"date":"2025-12-29T07:37:07","date_gmt":"2025-12-29T07:37:07","guid":{"rendered":"https:\/\/www.europesays.com\/fi\/127870\/"},"modified":"2025-12-29T07:37:07","modified_gmt":"2025-12-29T07:37:07","slug":"loimaan-tyovaenopiston-kevatkausi-alkaa-ke-7-1-2026","status":"publish","type":"post","link":"https:\/\/www.europesays.com\/fi\/127870\/","title":{"rendered":"Loimaan ty\u00f6v\u00e4enopiston kev\u00e4tkausi alkaa ke 7.1.2026"},"content":{"rendered":"<p>Ty\u00f6v\u00e4enopiston kev\u00e4\u00e4n kursseille ilmoittautuminen on k\u00e4ynniss\u00e4 ja vapaita paikkoja my\u00f6s muilla kursseilla. Viel\u00e4 ehdit ilmoittautua mukaan! <br \/>Ilmoittaudu ty\u00f6v\u00e4enopiston sivuilla osoitteessa <a href=\"https:\/\/uusi.opistopalvelut.fi\/loimaa\/fi\/\" rel=\"nofollow noopener\" target=\"_blank\">opistopalvelut.fi\/loimaa <\/a>tai puhelimitse 050 311 4691 opistojen toimistoon 7.1. alkaen.<\/p>\n<p><strong>110233 Vauvasirkus \u2013 Loimaa<\/strong><br \/>Ylistaronkatu 36, liikuntatila<br \/>Ke 14.15\u201315.00, 7.1.- 4.2.2026<\/p>\n<p><strong>110235 Taaperosirkus \u2013 Loimaa (uusi kurssi)<\/strong><br \/>Ylistaronkatu 36, liikuntatila<br \/>Ke 15.10\u201315.55, 7.1. \u2013 1.4.2026<\/p>\n<p><strong>110311 Kuvataiteen virikeryhm\u00e4 (opintosetelikurssi)<\/strong><br \/>Taidetalo, luokka 3, Rantatie 2<br \/>To 15.30\u201317.00, 8.1. \u2013 9.4.2026<\/p>\n<p><strong>110333 Posliini- ja lasimaalaus, lasinsulatus<\/strong><br \/>Taidetalo, luokka 2, Rantatie 2<br \/>To 10.00\u201314.00, 22.1.- 26.3.2026<\/p>\n<p><strong>110414 Aamup\u00e4iv\u00e4n k\u00e4sit\u00f6it\u00e4 ja kudontaa yhteisloimiin (opintosetelikurssi)<\/strong><br \/>Vesikoskitalo, kutomo ja tekstiilitila, Juvantie 11<br \/>Ma 10.00\u201312.15, 12.1. \u2013 13.4.2026<\/p>\n<p><strong>110418 Virttaan k\u00e4sity\u00f6t<\/strong><br \/>Virttaan kyl\u00e4talo, Virttaanraitti 113 B<br \/>Ke 18.00\u201320.15, 7.1. \u2013 1.4.2026<\/p>\n<p><strong>110423 Vesikoskitalon kev\u00e4tkudonta<\/strong><br \/>Vesikoskitalo, kutomo ja tekstiilitila, Juvantie 11<br \/>Ma 17.00\u201321.00, 20.4. \u2013 25.5.2026<\/p>\n<p><strong>110426 Lasipalatsin kev\u00e4tkudonta<\/strong><br \/>Lasipalatsi, kutomo, Loimijoentie 77<br \/>Ti 17.00\u201321.00, 7.4. \u2013 26.5.2026<\/p>\n<p><strong>110428 Mellil\u00e4n kev\u00e4tkudonta<\/strong><br \/>Mellil\u00e4n ent. kirjasto, Asemantie 14<br \/>Ti 16.30\u201318.45, 14.4. \u2013 26.5.2026<\/p>\n<p><strong>110465 Ikkunoiden kunnostus (kansalaistaitokurssi)<\/strong><br \/>Hirvikosken yhten\u00e4iskoulu, teknisen ty\u00f6n luokka, Opintie 2<br \/>Pe 18.00\u201318.45, La 10.00\u201313.00, 17.4. \u2013 16.5.2026<\/p>\n<p><strong>110502 Aikuisbaletti alkeiskurssi<\/strong><br \/>Ylistaronkatu 36, liikuntatila<br \/>Ma 15.45 \u2013 16.45, 12.1.- 13.4.2026<\/p>\n<p><strong>110508 Senioritanssi (opintosetelikurssi)<\/strong><br \/>Ylistaronkatu 36, liikuntatila<br \/>Pe 12.00 \u2013 13.30, 16.1.- 17.4.2026<\/p>\n<p><strong>120104 Suomen kielen jatkokurssi \u2013 Finnish for Advanced<\/strong><br \/>Puistokadun koulu, luokka A017, Puistokatu 16<br \/>Ti 18.45\u201320.15, 13.1. \u2013 7.4.2026<\/p>\n<p><strong>830106 Tanssijumppaa<\/strong><br \/>Ylistaronkatu 36, liikuntatila<br \/>Pe 13.45\u201314.45, 16.1. \u2013 17.4.2026<\/p>\n<p><strong>830119 Sirkusliikunta, kehitysvammaiset (opintosetelikurssi)<\/strong><br \/>Ylistaronkatu 36, liikuntatila<br \/>Ke 16.00\u201317.00, 7.1. \u2013 1.4.2026<\/p>\n<p><strong>830208 Taiteesta hyvinvointia, jatkokurssi (uusi kurssi)<\/strong><br \/>Puistokadun koulu, kuvataideluokka A129, Puistokatu 16<br \/>Pe 17.00\u201319.15, La 10.00\u201315.15, 10.4. \u2013 11.4.2026<\/p>\n<p><strong>Tervetuloa kursseille!<\/strong> <\/p>\n<p>Ps. Ota seurantaan Facebook kanavamme  <a href=\"https:\/\/www.facebook.com\/loimaankaupunginopistot\" rel=\"nofollow noopener\" target=\"_blank\">https:\/\/www.facebook.com\/loimaankaupunginopistot<\/a> <br \/>ja Instagram kanavamme <a href=\"https:\/\/www.instagram.com\/loimaan.kaupungin.opistot\/\" rel=\"nofollow noopener\" target=\"_blank\">https:\/\/www.instagram.com\/loimaan.kaupungin.opistot\/<\/a><\/p>\n<p>\t\t\t\t\t\t\t\t<script async src=\"\/\/www.instagram.com\/embed.js\"><\/script><\/p>\n","protected":false},"excerpt":{"rendered":"Ty\u00f6v\u00e4enopiston kev\u00e4\u00e4n kursseille ilmoittautuminen on k\u00e4ynniss\u00e4 ja vapaita paikkoja my\u00f6s muilla kursseilla. Viel\u00e4 ehdit ilmoittautua mukaan! Ilmoittaudu ty\u00f6v\u00e4enopiston&hellip;\n","protected":false},"author":2,"featured_media":127871,"comment_status":"","ping_status":"","sticky":false,"template":"","format":"standard","meta":{"footnotes":""},"categories":[5],"tags":[22,23,26,27,33,31,30,17,24,25,28,29,15,18,21,32,19,20,16],"class_list":{"0":"post-127870","1":"post","2":"type-post","3":"status-publish","4":"format-standard","5":"has-post-thumbnail","7":"category-otsikot","8":"tag-breaking-news","9":"tag-breakingnews","10":"tag-featured-news","11":"tag-featurednews","12":"tag-fi","13":"tag-finland","14":"tag-finnish","15":"tag-headlines","16":"tag-latest-news","17":"tag-latestnews","18":"tag-main-news","19":"tag-mainnews","20":"tag-news","21":"tag-otsikot","22":"tag-paauutiset","23":"tag-suomi","24":"tag-top-stories","25":"tag-topstories","26":"tag-uutiset"},"share_on_mastodon":{"url":"https:\/\/pubeurope.com\/@fi\/115801715130538422","error":""},"_links":{"self":[{"href":"https:\/\/www.europesays.com\/fi\/wp-json\/wp\/v2\/posts\/127870","targetHints":{"allow":["GET"]}}],"collection":[{"href":"https:\/\/www.europesays.com\/fi\/wp-json\/wp\/v2\/posts"}],"about":[{"href":"https:\/\/www.europesays.com\/fi\/wp-json\/wp\/v2\/types\/post"}],"author":[{"embeddable":true,"href":"https:\/\/www.europesays.com\/fi\/wp-json\/wp\/v2\/users\/2"}],"replies":[{"embeddable":true,"href":"https:\/\/www.europesays.com\/fi\/wp-json\/wp\/v2\/comments?post=127870"}],"version-history":[{"count":0,"href":"https:\/\/www.europesays.com\/fi\/wp-json\/wp\/v2\/posts\/127870\/revisions"}],"wp:featuredmedia":[{"embeddable":true,"href":"https:\/\/www.europesays.com\/fi\/wp-json\/wp\/v2\/media\/127871"}],"wp:attachment":[{"href":"https:\/\/www.europesays.com\/fi\/wp-json\/wp\/v2\/media?parent=127870"}],"wp:term":[{"taxonomy":"category","embeddable":true,"href":"https:\/\/www.europesays.com\/fi\/wp-json\/wp\/v2\/categories?post=127870"},{"taxonomy":"post_tag","embeddable":true,"href":"https:\/\/www.europesays.com\/fi\/wp-json\/wp\/v2\/tags?post=127870"}],"curies":[{"name":"wp","href":"https:\/\/api.w.org\/{rel}","templated":true}]}}