{"id":127874,"date":"2025-12-29T07:40:07","date_gmt":"2025-12-29T07:40:07","guid":{"rendered":"https:\/\/www.europesays.com\/fi\/127874\/"},"modified":"2025-12-29T07:40:07","modified_gmt":"2025-12-29T07:40:07","slug":"mitn-plasmafysiikan-professori-loydettiin-kuolleena-kotoaan-stara-fi","status":"publish","type":"post","link":"https:\/\/www.europesays.com\/fi\/127874\/","title":{"rendered":"MIT:n plasmafysiikan professori l\u00f6ydettiin kuolleena kotoaan \u2013 Stara.fi"},"content":{"rendered":"<p>Massachusettsissa Yhdysvalloissa on k\u00e4ynnistetty henkirikostutkinta, kun arvostetun MIT-yliopiston professori ja tutkimusjohtaja Nuno Loureiro l\u00f6ydettiin kuolleena kotoaan. Brooklinessa asunut Loureiro oli 47-vuotias. Mies ty\u00f6skenteli plasmafysiikan ja fuusiotutkimuksen huippututkijana MIT:n Plasma Science and Fusion Centeriss\u00e4.<\/p>\n<p>MAINOS ALKAAMAINOS LOPPUU<\/p>\n<p>Paikallispoliisin mukaan Loureiro l\u00f6ydettiin maanantai-iltana ammuttuna asunnostaan. H\u00e4net kuljetettiin sairaalaan vakavien ampumavammojen vuoksi. Mies todettiin kuolleeksi tiistaiaamuna. <\/p>\n<p>Tapausta tutkitaan parhaillaan henkirikoksena. Tutkintaa johtaa Massachusettsin osavaltion poliisi. Ep\u00e4ilty\u00e4 ei ole toistaiseksi saatu kiinni.<\/p>\n<p>MAINOS ALKAAMAINOS LOPPUU<\/p>\n<p><a href=\"https:\/\/news.mit.edu\/2025\/nuno-loureiro-professor-director-plasma-science-and-fusion-center-dies-1216\" rel=\"nofollow noopener\" target=\"_blank\">MIT vahvisti<\/a> Loureiron kuoleman ja kertoi h\u00e4nen toimineen ydintekniikan ja fysiikan laitoksilla sek\u00e4 johtaneen yliopiston fuusiotutkimuskeskusta.<\/p>\n<p>Portugalissa syntynyt Loureiro opiskeli fysiikkaa Lissabonissa ja suoritti tohtorintutkinnon Imperial College Londonissa. H\u00e4n ty\u00f6skenteli uransa aikana muun muassa Princetonin plasmafysiikan laboratoriossa ja Iso-Britannian Culham Centre for Fusion Energy -tutkimuskeskuksessa ennen siirtymist\u00e4\u00e4n MIT:hen vuonna 2016. <\/p>\n<p>MAINOS ALKAAMAINOS LOPPUU<\/p>\n<p>H\u00e4nen tutkimuksensa keskittyi plasman dynamiikkaan, magneettiseen j\u00e4lleenyhdistymiseen sek\u00e4 kehittyneisiin laskennallisiin menetelmiin, kuten koneoppimiseen ja kvanttilaskentaan. Loureiro palkittiin uransa aikana useilla merkitt\u00e4vill\u00e4 tieteellisill\u00e4 tunnustuksilla. H\u00e4n sai viel\u00e4 vuonna 2025 Yhdysvaltain presidentin my\u00f6nt\u00e4m\u00e4n varhaisen uran huippututkijapalkinnon.<\/p>\n<p>\n\t\t\t\tVoit halutessasi lukea Starassa my\u00f6s lis\u00e4\u00e4 juuri t\u00e4h\u00e4n artikkeliin liittyvist\u00e4 teemoista ja aiheista, kuten <a href=\"https:\/\/www.stara.fi\/asiasanat\/kuolema\/\" rel=\"tag nofollow noopener\" target=\"_blank\">kuolema<\/a>, <a href=\"https:\/\/www.stara.fi\/asiasanat\/laboratorio\/\" rel=\"tag nofollow noopener\" target=\"_blank\">laboratorio<\/a>, <a href=\"https:\/\/www.stara.fi\/asiasanat\/ydinvoima\/\" rel=\"tag nofollow noopener\" target=\"_blank\">ydinvoima<\/a> tai laajemmin t\u00e4st\u00e4 aihealueesta <a href=\"https:\/\/www.stara.fi\/category\/uutiset\/\" rel=\"category tag nofollow noopener\" target=\"_blank\">Uutiset<\/a> -osioistamme.\n\t\t\t<\/p>\n","protected":false},"excerpt":{"rendered":"Massachusettsissa Yhdysvalloissa on k\u00e4ynnistetty henkirikostutkinta, kun arvostetun MIT-yliopiston professori ja tutkimusjohtaja Nuno Loureiro l\u00f6ydettiin kuolleena kotoaan. Brooklinessa asunut&hellip;\n","protected":false},"author":2,"featured_media":21042,"comment_status":"","ping_status":"","sticky":false,"template":"","format":"standard","meta":{"footnotes":""},"categories":[115],"tags":[33,31,30,455,454,118,32,119],"class_list":{"0":"post-127874","1":"post","2":"type-post","3":"status-publish","4":"format-standard","5":"has-post-thumbnail","7":"category-fysiikka","8":"tag-fi","9":"tag-finland","10":"tag-finnish","11":"tag-fysiikka","12":"tag-physics","13":"tag-science","14":"tag-suomi","15":"tag-tiede"},"share_on_mastodon":{"url":"https:\/\/pubeurope.com\/@fi\/115801726915563502","error":""},"_links":{"self":[{"href":"https:\/\/www.europesays.com\/fi\/wp-json\/wp\/v2\/posts\/127874","targetHints":{"allow":["GET"]}}],"collection":[{"href":"https:\/\/www.europesays.com\/fi\/wp-json\/wp\/v2\/posts"}],"about":[{"href":"https:\/\/www.europesays.com\/fi\/wp-json\/wp\/v2\/types\/post"}],"author":[{"embeddable":true,"href":"https:\/\/www.europesays.com\/fi\/wp-json\/wp\/v2\/users\/2"}],"replies":[{"embeddable":true,"href":"https:\/\/www.europesays.com\/fi\/wp-json\/wp\/v2\/comments?post=127874"}],"version-history":[{"count":0,"href":"https:\/\/www.europesays.com\/fi\/wp-json\/wp\/v2\/posts\/127874\/revisions"}],"wp:featuredmedia":[{"embeddable":true,"href":"https:\/\/www.europesays.com\/fi\/wp-json\/wp\/v2\/media\/21042"}],"wp:attachment":[{"href":"https:\/\/www.europesays.com\/fi\/wp-json\/wp\/v2\/media?parent=127874"}],"wp:term":[{"taxonomy":"category","embeddable":true,"href":"https:\/\/www.europesays.com\/fi\/wp-json\/wp\/v2\/categories?post=127874"},{"taxonomy":"post_tag","embeddable":true,"href":"https:\/\/www.europesays.com\/fi\/wp-json\/wp\/v2\/tags?post=127874"}],"curies":[{"name":"wp","href":"https:\/\/api.w.org\/{rel}","templated":true}]}}