{"id":127881,"date":"2025-12-29T07:49:08","date_gmt":"2025-12-29T07:49:08","guid":{"rendered":"https:\/\/www.europesays.com\/fi\/127881\/"},"modified":"2025-12-29T07:49:08","modified_gmt":"2025-12-29T07:49:08","slug":"soturiprinsessa-xena-nayttelijan-ura-ja-elama","status":"publish","type":"post","link":"https:\/\/www.europesays.com\/fi\/127881\/","title":{"rendered":"Soturiprinsessa Xena: N\u00e4yttelij\u00e4n ura ja el\u00e4m\u00e4"},"content":{"rendered":"<p>\n            Lucy Lawless, Xena.<br \/>\n            McaTv\/All Over Press\n        <\/p>\n<p class=\"subtitle \">N\u00e4yttelij\u00e4 Lucy Lawless joutui oikeuden eteen ilmastoaktivismista.<\/p>\n<p class=\"article-content article-content-width !bg-background\">Kriitikoiden ylist\u00e4m\u00e4 seikkailufantasiasarja Xena sai ensi-illan 30 vuotta sitten syyskuussa 1995. Sit\u00e4 kuvattiin aina vuoteen 2001 asti.<\/p>\n<p class=\"font-weight-bold m-font-weight-bold article-content article-content-width !bg-background\">Videolla Terapia-n\u00e4yttelij\u00e4t avautuvat yliluonnollisista kokemuksistaan.\u00a0<\/p>\n<p class=\"article-content article-content-width !bg-background\">P\u00e4\u00e4osassa soturiprinsessana n\u00e4htiin uusiseelantilainen n\u00e4yttelij\u00e4 , jolle ikimuistoinen rooli on j\u00e4\u00e4nyt t\u00e4h\u00e4nastisen uransa merkitt\u00e4vimm\u00e4ksi.<\/p>\n<p>        <a itemprop=\"url\" href=\"https:\/\/www.seiska.fi\/katso\/pieni-talo-preerialla-tahti-tilittaa-sarja-kuvottaa\/2019974\" rel=\"nofollow noopener\" target=\"_blank\"><\/p>\n<p>\nPieni talo preerialla -t\u00e4hti\n<\/p>\n<p class=\"section-date\">\n        <strong class=\"article-section\" data-section=\"katso\"><br \/>\n            katso<br \/>\n        <\/strong><br \/>\n        14.12. 09:15\n    <\/p>\n<p>Pieni talo preerialla -t\u00e4hti tilitt\u00e4\u00e4: Sarja kuvottaa\n    <\/p>\n<p itemprop=\"description\" class=\"subtitle \">\n    N\u00e4yttelij\u00e4n mukaan 2020-luvulla klassikkosarja n\u00e4ytt\u00e4ytyy jopa moraalittomana.\n<\/p>\n<p>        <\/a><\/p>\n<p class=\"article-content article-content-width !bg-background\">Alkujaan Lucy esiintyi Xenana televisiosarjassa Hercules, jossa naishahmon oli tarkoitus k\u00e4sikirjoituituksen mukaan kuolla.\u00a0<\/p>\n<p>                <img decoding=\"async\" src=\"https:\/\/www.europesays.com\/fi\/wp-content\/uploads\/2025\/12\/2029624.webp.jpeg\" width=\"576\" height=\"744\" alt=\"Sarja oli yhdysvaltalainen, mutta se kuvattiin Uudessa-Seelannissa. Mielikuvituksillinen tarina sijoittui antiikin Kreikkaan Amfipoliksen kaupunkiin.\" loading=\"lazy\" \/>            <\/p>\n<p>\n            Sarja oli yhdysvaltalainen, mutta se kuvattiin Uudessa-Seelannissa. Mielikuvituksillinen tarina sijoittui antiikin Kreikkaan Amfipoliksen kaupunkiin.<br \/>\n            Jorgensen\/All Over Press\n        <\/p>\n<p class=\"article-content article-content-width !bg-background\">Lucyn esitt\u00e4m\u00e4st\u00e4 soturiprinsessasta tuli kuitenkin katsojien suosikki, joten kuoleman sijaan Xena sai oman spin-off-sarjan, joka sittemmin on noussut suoranaiseen kulttiasemaan.<\/p>\n<p>Puoliso l\u00f6ytyi kuvauksista<\/p>\n<p class=\"article-content article-content-width !bg-background\">Xena oli merkitt\u00e4v\u00e4 ty\u00f6 Lucyn yksityisel\u00e4m\u00e4n kannalta, sill\u00e4 sarjan kuvauksista h\u00e4n l\u00f6ysi itselleen aviomiehen, tuottaja .\u00a0<\/p>\n<p class=\"article-content article-content-width !bg-background\">Pari avioitui vuonna 1998, ja heill\u00e4 on kaksi yhteist\u00e4 lasta  ja .<\/p>\n<p>                <img decoding=\"async\" src=\"https:\/\/www.europesays.com\/fi\/wp-content\/uploads\/2025\/12\/2029778.webp.jpeg\" width=\"576\" height=\"725\" alt=\"Lucy ja puolisonsa Robert vuonna 2004.\" loading=\"lazy\" \/>            <\/p>\n<p>\n            Lucy ja puolisonsa Robert vuonna 2004.<br \/>\n            Jim SmealAll Over Press\n        <\/p>\n<p class=\"article-content article-content-width !bg-background\">Kulttisarjan j\u00e4lkeen Lucy esiintyi useissa elokuva- ja televisiorooleissa, kuten Salaiset kansiot, Spider-Man \u2013 h\u00e4m\u00e4h\u00e4kkimies (2002) ja S.H.I.E.L.D. Agentit.<\/p>\n<p class=\"article-content article-content-width !bg-background\">Edelleen suomalainen tv-yleis\u00f6 n\u00e4kee n\u00e4yttelij\u00e4n viikoittain ruudussa, sill\u00e4 Lucy t\u00e4hditt\u00e4\u00e4 TV1:ll\u00e4 n\u00e4ht\u00e4v\u00e4\u00e4 australialaissarjaa Alexa ratkaisee.<\/p>\n<p>                <img decoding=\"async\" src=\"https:\/\/www.europesays.com\/fi\/wp-content\/uploads\/2025\/12\/2029664.webp.jpeg\" width=\"576\" height=\"720\" title=\"Lucy on esitt\u00e4nyt rikostutkija Alexa Crowea vuodesta 2019.\" alt=\"Alexa ratkaisee, Lucy Lawless, Ebony Vagulans, Rawiri Jobe, Joe Naufahu.\" loading=\"lazy\" \/>            <\/p>\n<p>\n            Lucy on esitt\u00e4nyt rikostutkija Alexa Crowea vuodesta 2019.<br \/>\n            Matt Klitscher\/Yle\n        <\/p>\n<p class=\"article-content article-content-width !bg-background\">Australialaissarjassa 57-vuotias Lucy esitt\u00e4\u00e4 ter\u00e4v\u00e4\u00e4 yksityisetsiv\u00e4\u00e4 Alexa Crowea, joka tutkii rikoksia avustajansa Maddien kanssa Aucklandissa Uudessa-Seelannissa.<\/p>\n<p>        <a itemprop=\"url\" href=\"https:\/\/www.seiska.fi\/katso\/tunnistaisitko-talta-jaana-saarinen-naytti-lapsitahtena\/2025276\" rel=\"nofollow noopener\" target=\"_blank\"><\/p>\n<p>\nJaana Saarinen\n<\/p>\n<p class=\"section-date\">\n        <strong class=\"article-section\" data-section=\"katso\"><br \/>\n            katso<br \/>\n        <\/strong><br \/>\n        18.12. 11:15\n    <\/p>\n<p>Tunnistaisitko? T\u00e4lt\u00e4 Jaana Saarinen n\u00e4ytti lapsit\u00e4hten\u00e4\n    <\/p>\n<p itemprop=\"description\" class=\"subtitle \">\n    Entinen Salatut el\u00e4m\u00e4t -n\u00e4yttelij\u00e4 aloitti uransa jo leikki-ik\u00e4isen\u00e4 naperona.\n<\/p>\n<p>        <\/a><\/p>\n<p class=\"article-content article-content-width !bg-background\">Parhaillaan Yle esitt\u00e4\u00e4 cozy crime -sarjan viidennen tuotantokauden jaksoja.<\/p>\n<p>Tuomio ilmastoprotestista<\/p>\n<p class=\"article-content article-content-width !bg-background\">Uransa lis\u00e4ksi Lucy on noussut otsikoihin ilmastoaktivistina.<\/p>\n<p class=\"article-content article-content-width !bg-background\">Vuonna 2012 n\u00e4yttelij\u00e4 pid\u00e4tettiin sen j\u00e4lkeen, kun h\u00e4n kuuden muuan Greenpeace-aktivistin kanssa nousi Shellin Noble Discoverer- alukseen.<\/p>\n<p class=\"article-content article-content-width !bg-background\">Shell vaati aktivisteilta yli 540 000 dollarin korvauksia, mutta oikeus hylk\u00e4si vaateen.<\/p>\n<p class=\"article-content article-content-width !bg-background\">Seuraavana vuonna Lucy tuomittiin Shellin protestoinnista 120 tunniksi yhdyskuntapalvelukseen ja m\u00e4\u00e4r\u00e4ttiin maksamaan yli 500 dollarin sakot.<\/p>\n<p class=\"italic m-italic article-content article-content-width !bg-background\">Xena on katsottavissa suoratoistopalvelu Sky Showtimessa.<\/p>\n<p class=\"italic m-italic article-content article-content-width !bg-background\">Alexa ratkaisee n\u00e4hd\u00e4\u00e4n lauantaisin klo 17.10 TV1:ll\u00e4 sek\u00e4 Yle Areenassa.<\/p>\n<p>        <a itemprop=\"url\" href=\"https:\/\/www.seiska.fi\/katso\/muistatko-laura-ruoholan-talta-ex-ruutukasvo-nayttaa-nyt\/2025550\" rel=\"nofollow noopener\" target=\"_blank\"><\/p>\n<p>\nMuistatko ex-ruutukasvon?\n<\/p>\n<p class=\"section-date\">\n        <strong class=\"article-section\" data-section=\"katso\"><br \/>\n            katso<br \/>\n        <\/strong><br \/>\n        21.12. 09:15\n    <\/p>\n<p>Muistatko Laura Ruoholan? T\u00e4lt\u00e4 ex-ruutukasvo n\u00e4ytt\u00e4\u00e4 nyt\n    <\/p>\n<p itemprop=\"description\" class=\"subtitle \">\n    Laura on osaltaan my\u00f6s jonkinlainen pioneeri, sill\u00e4 h\u00e4nen aikanaan naisurheilutoimittajat olivat viel\u00e4 melkoinen harvinaisuus \u2013 toisin kuin vuonna 2025.\n<\/p>\n<p>        <\/a><\/p>\n","protected":false},"excerpt":{"rendered":"Lucy Lawless, Xena. McaTv\/All Over Press N\u00e4yttelij\u00e4 Lucy Lawless joutui oikeuden eteen ilmastoaktivismista. Kriitikoiden ylist\u00e4m\u00e4 seikkailufantasiasarja Xena sai&hellip;\n","protected":false},"author":2,"featured_media":127882,"comment_status":"","ping_status":"","sticky":false,"template":"","format":"standard","meta":{"footnotes":""},"categories":[136],"tags":[944,1075,407,22626,137,33,31,30,20479,22625,408,22624,941,1305,98,4895,22623,4911,13879,22628,32,3810,344,109,22622,22627,14143],"class_list":{"0":"post-127881","1":"post","2":"type-post","3":"status-publish","4":"format-standard","5":"has-post-thumbnail","7":"category-julkkikset","8":"tag-aktivismi","9":"tag-avioliitto","10":"tag-celebrities","11":"tag-cosy-crime","12":"tag-entertainment","13":"tag-fi","14":"tag-finland","15":"tag-finnish","16":"tag-greenpeace","17":"tag-ilmastoaktivisti","18":"tag-julkkikset","19":"tag-lucy-lawless","20":"tag-nostalgia","21":"tag-oikeudenkaynti","22":"tag-perhe","23":"tag-pidatys","24":"tag-robert-tapert","25":"tag-sakko","26":"tag-soft-crime","27":"tag-soturiprinsessa","28":"tag-suomi","29":"tag-tuomio","30":"tag-tv-sarja","31":"tag-viihde","32":"tag-xena","33":"tag-xena-warrior-princess","34":"tag-yhdyskuntapalvelu"},"share_on_mastodon":{"url":"https:\/\/pubeurope.com\/@fi\/115801762311704278","error":""},"_links":{"self":[{"href":"https:\/\/www.europesays.com\/fi\/wp-json\/wp\/v2\/posts\/127881","targetHints":{"allow":["GET"]}}],"collection":[{"href":"https:\/\/www.europesays.com\/fi\/wp-json\/wp\/v2\/posts"}],"about":[{"href":"https:\/\/www.europesays.com\/fi\/wp-json\/wp\/v2\/types\/post"}],"author":[{"embeddable":true,"href":"https:\/\/www.europesays.com\/fi\/wp-json\/wp\/v2\/users\/2"}],"replies":[{"embeddable":true,"href":"https:\/\/www.europesays.com\/fi\/wp-json\/wp\/v2\/comments?post=127881"}],"version-history":[{"count":0,"href":"https:\/\/www.europesays.com\/fi\/wp-json\/wp\/v2\/posts\/127881\/revisions"}],"wp:featuredmedia":[{"embeddable":true,"href":"https:\/\/www.europesays.com\/fi\/wp-json\/wp\/v2\/media\/127882"}],"wp:attachment":[{"href":"https:\/\/www.europesays.com\/fi\/wp-json\/wp\/v2\/media?parent=127881"}],"wp:term":[{"taxonomy":"category","embeddable":true,"href":"https:\/\/www.europesays.com\/fi\/wp-json\/wp\/v2\/categories?post=127881"},{"taxonomy":"post_tag","embeddable":true,"href":"https:\/\/www.europesays.com\/fi\/wp-json\/wp\/v2\/tags?post=127881"}],"curies":[{"name":"wp","href":"https:\/\/api.w.org\/{rel}","templated":true}]}}