{"id":127885,"date":"2025-12-29T07:52:07","date_gmt":"2025-12-29T07:52:07","guid":{"rendered":"https:\/\/www.europesays.com\/fi\/127885\/"},"modified":"2025-12-29T07:52:07","modified_gmt":"2025-12-29T07:52:07","slug":"kahdeksan-kiinnostavaa-tv-ohjelmaa-talle-viikolle","status":"publish","type":"post","link":"https:\/\/www.europesays.com\/fi\/127885\/","title":{"rendered":"Kahdeksan kiinnostavaa tv-ohjelmaa t\u00e4lle viikolle"},"content":{"rendered":"<p>Televisio|Vuodenvaihteeseen tupsahtaa valtavasti kiinnostavaa ohjelmaa y\u00f6el\u00e4imist\u00e4, amerikanmatkaajiin ja poliisity\u00f6st\u00e4 hiihtokuningattariin.<\/p>\n<p>H\u00e4m\u00e4r\u00e4 luonto, Yle Areena maanantaina 29.12.<\/p>\n<p class=\"article-body mb-nof-24 px-nof-16\">Mit\u00e4 touhuavat y\u00f6el\u00e4imet, kun muu maailma nukkuu? Kuusiosaisessa dokumenttisarjassa kuljetaan pikkutunneille yhdess\u00e4 luontovalokuvaaja <a class=\"article-personlink\" href=\"https:\/\/www.hs.fi\/haku\/?query=Konsta%20Punkan\" rel=\"nofollow noopener\" target=\"_blank\">Konsta Punkan<\/a>, lintuharrastaja <a class=\"article-personlink\" href=\"https:\/\/www.hs.fi\/haku\/?query=Heidi%20Koivusen\" rel=\"nofollow noopener\" target=\"_blank\">Heidi Koivusen<\/a>, kiiltomatotutkija <a class=\"article-personlink\" href=\"https:\/\/www.hs.fi\/haku\/?query=Linnea%20Kivel%C3%A4n\" rel=\"nofollow noopener\" target=\"_blank\">Linnea Kivel\u00e4n <\/a>sek\u00e4 lepakoiden el\u00e4m\u00e4\u00e4n paneutuneiden <a class=\"article-personlink\" href=\"https:\/\/www.hs.fi\/haku\/?query=Anna%20Blombergin\" rel=\"nofollow noopener\" target=\"_blank\">Anna Blombergin <\/a>ja <a class=\"article-personlink\" href=\"https:\/\/www.hs.fi\/haku\/?query=Ville%20Vaskon\" rel=\"nofollow noopener\" target=\"_blank\">Ville Vaskon <\/a>kanssa. Eik\u00e4 siin\u00e4 kaikki: ohjelman esittelytekstin mukaan huippuluokan kameratekniikka paljastaa \u00f6isen el\u00e4m\u00e4n kerrassaan ennenn\u00e4kem\u00e4tt\u00f6m\u00e4ll\u00e4 tavalla.<\/p>\n","protected":false},"excerpt":{"rendered":"Televisio|Vuodenvaihteeseen tupsahtaa valtavasti kiinnostavaa ohjelmaa y\u00f6el\u00e4imist\u00e4, amerikanmatkaajiin ja poliisity\u00f6st\u00e4 hiihtokuningattariin. H\u00e4m\u00e4r\u00e4 luonto, Yle Areena maanantaina 29.12. Mit\u00e4 touhuavat&hellip;\n","protected":false},"author":2,"featured_media":127886,"comment_status":"","ping_status":"","sticky":false,"template":"","format":"standard","meta":{"footnotes":""},"categories":[133],"tags":[137,33,31,30,46,32,206,156,109],"class_list":{"0":"post-127885","1":"post","2":"type-post","3":"status-publish","4":"format-standard","5":"has-post-thumbnail","7":"category-televisiot","8":"tag-entertainment","9":"tag-fi","10":"tag-finland","11":"tag-finnish","12":"tag-helsingin-sanomat","13":"tag-suomi","14":"tag-televisiot","15":"tag-tv","16":"tag-viihde"},"share_on_mastodon":{"url":"https:\/\/pubeurope.com\/@fi\/115801774194146415","error":""},"_links":{"self":[{"href":"https:\/\/www.europesays.com\/fi\/wp-json\/wp\/v2\/posts\/127885","targetHints":{"allow":["GET"]}}],"collection":[{"href":"https:\/\/www.europesays.com\/fi\/wp-json\/wp\/v2\/posts"}],"about":[{"href":"https:\/\/www.europesays.com\/fi\/wp-json\/wp\/v2\/types\/post"}],"author":[{"embeddable":true,"href":"https:\/\/www.europesays.com\/fi\/wp-json\/wp\/v2\/users\/2"}],"replies":[{"embeddable":true,"href":"https:\/\/www.europesays.com\/fi\/wp-json\/wp\/v2\/comments?post=127885"}],"version-history":[{"count":0,"href":"https:\/\/www.europesays.com\/fi\/wp-json\/wp\/v2\/posts\/127885\/revisions"}],"wp:featuredmedia":[{"embeddable":true,"href":"https:\/\/www.europesays.com\/fi\/wp-json\/wp\/v2\/media\/127886"}],"wp:attachment":[{"href":"https:\/\/www.europesays.com\/fi\/wp-json\/wp\/v2\/media?parent=127885"}],"wp:term":[{"taxonomy":"category","embeddable":true,"href":"https:\/\/www.europesays.com\/fi\/wp-json\/wp\/v2\/categories?post=127885"},{"taxonomy":"post_tag","embeddable":true,"href":"https:\/\/www.europesays.com\/fi\/wp-json\/wp\/v2\/tags?post=127885"}],"curies":[{"name":"wp","href":"https:\/\/api.w.org\/{rel}","templated":true}]}}