{"id":127893,"date":"2025-12-29T07:56:08","date_gmt":"2025-12-29T07:56:08","guid":{"rendered":"https:\/\/www.europesays.com\/fi\/127893\/"},"modified":"2025-12-29T07:56:08","modified_gmt":"2025-12-29T07:56:08","slug":"ruotsin-nhl-maalivahdista-salamyhkainen-tiedote-suomalaiselle-tarjolla-iso-naytonpaikka","status":"publish","type":"post","link":"https:\/\/www.europesays.com\/fi\/127893\/","title":{"rendered":"Ruotsin NHL-maalivahdista salamyhk\u00e4inen tiedote \u2013\u2009Suomalaiselle tarjolla iso n\u00e4yt\u00f6npaikka"},"content":{"rendered":"<p>Linus Ullmark on toistaiseksi sivussa kokoonpanosta.<\/p>\n<p><img decoding=\"async\" class=\"image image-show image-preview\" src=\"https:\/\/www.europesays.com\/fi\/wp-content\/uploads\/2025\/12\/5a68564a7b8edbabafd345fbfa65a1ba5a4d371c29491899eca75b4c71743155.jpg\" alt=\"\"\/><img decoding=\"async\" class=\"image image-show\" src=\"https:\/\/www.europesays.com\/fi\/wp-content\/uploads\/2025\/12\/1766994968_991_5a68564a7b8edbabafd345fbfa65a1ba5a4d371c29491899eca75b4c71743155.jpg\" alt=\"\"\/><\/p>\n<p>Linus Ullmark on yksi Ruotsin potentiaalisista maalivahdeista olympialaisiin. AOP<\/p>\n<p class=\"paragraph\">Ottawa Senatorsin maalivahti <strong>Linus Ullmark<\/strong>, 32, on vet\u00e4ytynyt joukkueen kokoonpanosta henkil\u00f6kohtaisiin syihin vedoten, seura tiedotti sunnuntaina.<\/p>\n<p class=\"paragraph\">\u2013\u202fLinuksella on koko organisaation tuki t\u00e4n\u00e4 aikana. Kunnioittaaksemme h\u00e4nt\u00e4 emme anna asiasta lis\u00e4kommentteja, Senatorsin GM ja j\u00e4\u00e4kiekkotoiminnan puheenjohtaja <strong>Steve Staios<\/strong> kommentoi seuran tiedotteessa.<\/p>\n<p class=\"paragraph\">Ruotsalaisvahti Ullmarkilla on t\u00e4ll\u00e4 kaudella 28 peliss\u00e4 14 voittoa, 8 tappiota ja 5 jatkoaikatappiota. Torjuntaprosentti h\u00e4nell\u00e4 on 88,1 ja p\u00e4\u00e4stettyjen maalien keskiarvo 2,95.<\/p>\n<p class=\"paragraph\">Ullmark pelaa ensimm\u00e4ist\u00e4 vuottaan nelj\u00e4n vuoden ja 33 miljoonan dollarin jatkosopimuksessa, jonka h\u00e4n allekirjoitti lokakuussa 2024 sen j\u00e4lkeen, kun Boston Bruins oli kaupannut h\u00e4net Ottawaan.<\/p>\n<p class=\"paragraph\">Ullmarkin poissaollessa torjuntavastuun Senatorsin maalilla ottaa todenn\u00e4k\u00f6isesti suomalaisvahti <strong>Leevi Meril\u00e4inen<\/strong>, joka on pelannut t\u00e4ll\u00e4 kaudella kymmeness\u00e4 NHL-ottelussa ja odottaa nyt isoa n\u00e4yt\u00f6npaikkaa.<\/p>\n","protected":false},"excerpt":{"rendered":"Linus Ullmark on toistaiseksi sivussa kokoonpanosta. Linus Ullmark on yksi Ruotsin potentiaalisista maalivahdeista olympialaisiin. AOP Ottawa Senatorsin maalivahti&hellip;\n","protected":false},"author":2,"featured_media":127894,"comment_status":"","ping_status":"","sticky":false,"template":"","format":"standard","meta":{"footnotes":""},"categories":[158],"tags":[35,1144,33,31,30,1143,41,1146,159,32,1145,160],"class_list":{"0":"post-127893","1":"post","2":"type-post","3":"status-publish","4":"format-standard","5":"has-post-thumbnail","7":"category-urheilu","8":"tag-24h","9":"tag-ammattilaisjaakiekko","10":"tag-fi","11":"tag-finland","12":"tag-finnish","13":"tag-jaakiekko","14":"tag-liikunta-ja-urheilu","15":"tag-miesten-jaakiekko","16":"tag-sports","17":"tag-suomi","18":"tag-talviurheilu","19":"tag-urheilu"},"share_on_mastodon":{"url":"https:\/\/pubeurope.com\/@fi\/115801789808489145","error":""},"_links":{"self":[{"href":"https:\/\/www.europesays.com\/fi\/wp-json\/wp\/v2\/posts\/127893","targetHints":{"allow":["GET"]}}],"collection":[{"href":"https:\/\/www.europesays.com\/fi\/wp-json\/wp\/v2\/posts"}],"about":[{"href":"https:\/\/www.europesays.com\/fi\/wp-json\/wp\/v2\/types\/post"}],"author":[{"embeddable":true,"href":"https:\/\/www.europesays.com\/fi\/wp-json\/wp\/v2\/users\/2"}],"replies":[{"embeddable":true,"href":"https:\/\/www.europesays.com\/fi\/wp-json\/wp\/v2\/comments?post=127893"}],"version-history":[{"count":0,"href":"https:\/\/www.europesays.com\/fi\/wp-json\/wp\/v2\/posts\/127893\/revisions"}],"wp:featuredmedia":[{"embeddable":true,"href":"https:\/\/www.europesays.com\/fi\/wp-json\/wp\/v2\/media\/127894"}],"wp:attachment":[{"href":"https:\/\/www.europesays.com\/fi\/wp-json\/wp\/v2\/media?parent=127893"}],"wp:term":[{"taxonomy":"category","embeddable":true,"href":"https:\/\/www.europesays.com\/fi\/wp-json\/wp\/v2\/categories?post=127893"},{"taxonomy":"post_tag","embeddable":true,"href":"https:\/\/www.europesays.com\/fi\/wp-json\/wp\/v2\/tags?post=127893"}],"curies":[{"name":"wp","href":"https:\/\/api.w.org\/{rel}","templated":true}]}}