{"id":127905,"date":"2025-12-29T08:03:06","date_gmt":"2025-12-29T08:03:06","guid":{"rendered":"https:\/\/www.europesays.com\/fi\/127905\/"},"modified":"2025-12-29T08:03:06","modified_gmt":"2025-12-29T08:03:06","slug":"varha-tiedottaa-varhan-asiakasmaksut-muuttuvat-1-tammikuuta-2026","status":"publish","type":"post","link":"https:\/\/www.europesays.com\/fi\/127905\/","title":{"rendered":"Varha tiedottaa: Varhan asiakasmaksut muuttuvat 1. tammikuuta 2026"},"content":{"rendered":"<p><strong>Osaan Varhan hinnoista on tulossa korotuksia, osaan taas alennuksia.<\/strong><\/p>\n<p>K\u00e4ytt\u00e4m\u00e4tt\u00e4 ja peruuttamatta j\u00e4tetyst\u00e4 sosiaali- ja terveydenhuollon palvelusta peritt\u00e4v\u00e4 enimm\u00e4ishinta nousee 56,70 eurosta 73,70 euroon. Maksu voidaan peri\u00e4 my\u00f6s k\u00e4ytt\u00e4m\u00e4tt\u00e4 j\u00e4tetyst\u00e4 et\u00e4vastaanotosta.<\/p>\n<p><strong>Esimerkkej\u00e4 hinnankorotuksista<\/strong><\/p>\n<ul class=\"wp-block-list\">\n<li>Perusterveydenhuollon l\u00e4\u00e4k\u00e4ripalvelut: 30,20 \u20ac\/k\u00e4ynti<\/li>\n<li>Erikoissairaanhoidon poliklinikkamaksu: 71,30 \u20ac\/k\u00e4ynti<\/li>\n<li>Suuhygienistin vastaanotto: 14,80 \u20ac\/k\u00e4ynti<\/li>\n<li>Hammasl\u00e4\u00e4k\u00e4rin vastaanotto 19,10 \u20ac\/k\u00e4ynti<\/li>\n<li>Sarjahoito: 19,90 \u20ac\/k\u00e4ynti<\/li>\n<li>P\u00e4iv\u00e4kirurgia: 233,80 \u20ac\/k\u00e4ynti<\/li>\n<li>Kauppapalvelu: 17,40 \u20ac\/kerta<\/li>\n<\/ul>\n<p><strong>Alennuksia tai samaa hintatasoa ehdotetaan esimerkiksi seuraaviin palveluihin:<\/strong><\/p>\n<ul class=\"wp-block-list\">\n<li>Turva-auttamispalvelut (sis\u00e4lt\u00e4\u00e4 turvapuhelimen vuokran 9,50 \u20ac\/kk, lis\u00e4ranneke 3,50 \u20ac\/kk, turvapuhelimen asennus ja poisto 45 \u20ac\/kerta, turva-auttajak\u00e4ynti 35 \u20ac\/kerta).<\/li>\n<li>Toimintakyky\u00e4 tukevien palvelujen ryhm\u00e4sarjahoito: 9,30 \u20ac\/kerta + indeksikorotus<\/li>\n<li>Lapsiperheiden kotipalvelu: tuntihinta s\u00e4ilyy vuoden 2025 tasossa. Yli 3 kuukautta jatkuva s\u00e4\u00e4nn\u00f6llinen kotipalvelu on maksutonta.<\/li>\n<li>Ateriamaksu: p\u00e4iv\u00e4hintaan hinnan alennus.<\/li>\n<li>Tilap\u00e4inen yhteis\u00f6llinen asuminen: esitet\u00e4\u00e4n maksuttomaksi.<\/li>\n<\/ul>\n<p>Osa asiakasmaksuista m\u00e4\u00e4r\u00e4ytyy asiakkaan maksukyvyn mukaan. Hyvinvointialue voi p\u00e4\u00e4tt\u00e4\u00e4 peri\u00e4 laissa tai asetuksessa s\u00e4\u00e4dettyj\u00e4 enimm\u00e4ismaksuja tai pienempi\u00e4 maksuja, ja asiakkaalta voidaan peri\u00e4 enimmill\u00e4\u00e4n vain palvelun tuottamisesta aiheutuva hinta. Hyvinvointialue voi my\u00f6s p\u00e4\u00e4tt\u00e4\u00e4 olla perim\u00e4tt\u00e4 maksua.<\/p>\n<p>Varhan aluevaltuusto hyv\u00e4ksyi uudet asiakasmaksut kokouksessaan 3.12.2025.<\/p>\n<p>Uudet asiakasmaksut p\u00e4ivittyv\u00e4t osoitteeseen varha.fi\/asiakasmaksut tammikuun alusta 2026.<\/p>\n","protected":false},"excerpt":{"rendered":"Osaan Varhan hinnoista on tulossa korotuksia, osaan taas alennuksia. K\u00e4ytt\u00e4m\u00e4tt\u00e4 ja peruuttamatta j\u00e4tetyst\u00e4 sosiaali- ja terveydenhuollon palvelusta peritt\u00e4v\u00e4&hellip;\n","protected":false},"author":2,"featured_media":121957,"comment_status":"","ping_status":"","sticky":false,"template":"","format":"standard","meta":{"footnotes":""},"categories":[5],"tags":[22,23,26,27,33,31,30,17,24,25,28,29,15,18,21,32,19,20,16],"class_list":{"0":"post-127905","1":"post","2":"type-post","3":"status-publish","4":"format-standard","5":"has-post-thumbnail","7":"category-otsikot","8":"tag-breaking-news","9":"tag-breakingnews","10":"tag-featured-news","11":"tag-featurednews","12":"tag-fi","13":"tag-finland","14":"tag-finnish","15":"tag-headlines","16":"tag-latest-news","17":"tag-latestnews","18":"tag-main-news","19":"tag-mainnews","20":"tag-news","21":"tag-otsikot","22":"tag-paauutiset","23":"tag-suomi","24":"tag-top-stories","25":"tag-topstories","26":"tag-uutiset"},"share_on_mastodon":{"url":"https:\/\/pubeurope.com\/@fi\/115801817252915142","error":""},"_links":{"self":[{"href":"https:\/\/www.europesays.com\/fi\/wp-json\/wp\/v2\/posts\/127905","targetHints":{"allow":["GET"]}}],"collection":[{"href":"https:\/\/www.europesays.com\/fi\/wp-json\/wp\/v2\/posts"}],"about":[{"href":"https:\/\/www.europesays.com\/fi\/wp-json\/wp\/v2\/types\/post"}],"author":[{"embeddable":true,"href":"https:\/\/www.europesays.com\/fi\/wp-json\/wp\/v2\/users\/2"}],"replies":[{"embeddable":true,"href":"https:\/\/www.europesays.com\/fi\/wp-json\/wp\/v2\/comments?post=127905"}],"version-history":[{"count":0,"href":"https:\/\/www.europesays.com\/fi\/wp-json\/wp\/v2\/posts\/127905\/revisions"}],"wp:featuredmedia":[{"embeddable":true,"href":"https:\/\/www.europesays.com\/fi\/wp-json\/wp\/v2\/media\/121957"}],"wp:attachment":[{"href":"https:\/\/www.europesays.com\/fi\/wp-json\/wp\/v2\/media?parent=127905"}],"wp:term":[{"taxonomy":"category","embeddable":true,"href":"https:\/\/www.europesays.com\/fi\/wp-json\/wp\/v2\/categories?post=127905"},{"taxonomy":"post_tag","embeddable":true,"href":"https:\/\/www.europesays.com\/fi\/wp-json\/wp\/v2\/tags?post=127905"}],"curies":[{"name":"wp","href":"https:\/\/api.w.org\/{rel}","templated":true}]}}