{"id":127908,"date":"2025-12-29T08:16:07","date_gmt":"2025-12-29T08:16:07","guid":{"rendered":"https:\/\/www.europesays.com\/fi\/127908\/"},"modified":"2025-12-29T08:16:07","modified_gmt":"2025-12-29T08:16:07","slug":"arkistosta-assi-sairaalan-pelottaviksi-koetut-varjokuvat-herattivat-somekohun-taiteilija-iloitsee-ei-ole-ainakaan-mitaansanomaton-koriste-paikalliset","status":"publish","type":"post","link":"https:\/\/www.europesays.com\/fi\/127908\/","title":{"rendered":"Arkistosta | Assi-sairaalan pelottaviksi koetut varjokuvat her\u00e4ttiv\u00e4t somekohun \u2013 Taiteilija iloitsee: &#8221;Ei ole ainakaan mit\u00e4\u00e4nsanomaton koriste&#8221; | Paikalliset"},"content":{"rendered":"<p>Juttu on julkaistu ensimm\u00e4isen kerran 1.9. 2025. Tuula N\u00e4rhinen kertoo, miten teokset syntyiv\u00e4t ja miten suunnitelma muuttui matkan varrella.<\/p>\n<p>H\u00e4meenlinnassa on t\u00e4n\u00e4 kes\u00e4n\u00e4 puhuttu taiteesta. Aiheen on antanut Assi-sairaalan eli uuden keskussairaalan Ahvenistontien puoleiseen julkisivuun toteutettu teossarja, <strong>Tuula N\u00e4rhisen<\/strong> Tervetulijat.<\/p>\n","protected":false},"excerpt":{"rendered":"Juttu on julkaistu ensimm\u00e4isen kerran 1.9. 2025. Tuula N\u00e4rhinen kertoo, miten teokset syntyiv\u00e4t ja miten suunnitelma muuttui matkan&hellip;\n","protected":false},"author":2,"featured_media":127909,"comment_status":"","ping_status":"","sticky":false,"template":"","format":"standard","meta":{"footnotes":""},"categories":[135],"tags":[389,387,388,6589,390,137,33,31,30,16297,22632,108,22633,32,394,485,393,391,392,22631,109],"class_list":{"0":"post-127908","1":"post","2":"type-post","3":"status-publish","4":"format-standard","5":"has-post-thumbnail","7":"category-taiteet-ja-suunnittelu","8":"tag-arts","9":"tag-arts-and-design","10":"tag-artsanddesign","11":"tag-assi-sairaala","12":"tag-design","13":"tag-entertainment","14":"tag-fi","15":"tag-finland","16":"tag-finnish","17":"tag-julkinen-taide","18":"tag-kirsi-pitkanen","19":"tag-kulttuuri","20":"tag-pentti-kukkonen","21":"tag-suomi","22":"tag-suunnittelu","23":"tag-taide-yleista","24":"tag-taiteet","25":"tag-taiteet-ja-suunnittelu","26":"tag-taiteetsuunnittelu","27":"tag-tuula-narhinen","28":"tag-viihde"},"share_on_mastodon":{"url":"","error":""},"_links":{"self":[{"href":"https:\/\/www.europesays.com\/fi\/wp-json\/wp\/v2\/posts\/127908","targetHints":{"allow":["GET"]}}],"collection":[{"href":"https:\/\/www.europesays.com\/fi\/wp-json\/wp\/v2\/posts"}],"about":[{"href":"https:\/\/www.europesays.com\/fi\/wp-json\/wp\/v2\/types\/post"}],"author":[{"embeddable":true,"href":"https:\/\/www.europesays.com\/fi\/wp-json\/wp\/v2\/users\/2"}],"replies":[{"embeddable":true,"href":"https:\/\/www.europesays.com\/fi\/wp-json\/wp\/v2\/comments?post=127908"}],"version-history":[{"count":0,"href":"https:\/\/www.europesays.com\/fi\/wp-json\/wp\/v2\/posts\/127908\/revisions"}],"wp:featuredmedia":[{"embeddable":true,"href":"https:\/\/www.europesays.com\/fi\/wp-json\/wp\/v2\/media\/127909"}],"wp:attachment":[{"href":"https:\/\/www.europesays.com\/fi\/wp-json\/wp\/v2\/media?parent=127908"}],"wp:term":[{"taxonomy":"category","embeddable":true,"href":"https:\/\/www.europesays.com\/fi\/wp-json\/wp\/v2\/categories?post=127908"},{"taxonomy":"post_tag","embeddable":true,"href":"https:\/\/www.europesays.com\/fi\/wp-json\/wp\/v2\/tags?post=127908"}],"curies":[{"name":"wp","href":"https:\/\/api.w.org\/{rel}","templated":true}]}}