{"id":127910,"date":"2025-12-29T08:18:08","date_gmt":"2025-12-29T08:18:08","guid":{"rendered":"https:\/\/www.europesays.com\/fi\/127910\/"},"modified":"2025-12-29T08:18:08","modified_gmt":"2025-12-29T08:18:08","slug":"emmerdale-uudet-hahmot-ja-rubyn-menneisyyden-paljastukset","status":"publish","type":"post","link":"https:\/\/www.europesays.com\/fi\/127910\/","title":{"rendered":"Emmerdale: Uudet hahmot ja Rubyn menneisyyden paljastukset"},"content":{"rendered":"<p>            MTV\n        <\/p>\n<p class=\"subtitle \">Suosikkisarjaan saapuu per\u00e4ti kaksi uutta hahmoa.<\/p>\n<p class=\"article-content article-content-width !bg-background\">Emmerdalen n\u00e4yttelij\u00e4kaarti saa piakkoin vahvistusta, kun sarjassa aloittaa kaksi uutta henkil\u00f6\u00e4, joilla on yhteys Ruby Fox-Miliganiin. <\/p>\n<p class=\"article-content article-content-width !bg-background\">Suomessa meneill\u00e4\u00e4n olevissa jaksoissa tutustuttiin t\u00e4n\u00e4 vuonna hiukan hankalaan Ruby Fox-Miliganiin, jota esitt\u00e4\u00e4 , 49. Emmerdalen tulevissa jaksoissa Ruby saa lis\u00e4\u00e4 inhimillisyytt\u00e4, kun hahmon rankka menneisyys alkaa paljastua.<\/p>\n<p>        <a itemprop=\"url\" href=\"https:\/\/www.seiska.fi\/katso\/uusi-keski-ikainen-kaunotar-saapuu-emmerdaleen-han-on-sahikainen\/1598084\" rel=\"nofollow noopener\" target=\"_blank\"><\/p>\n<p>\nUusi hahmo Emmerdaleen\n<\/p>\n<p class=\"section-date\">\n        <strong class=\"article-section\" data-section=\"katso\"><br \/>\n            katso<br \/>\n        <\/strong><br \/>\n        2.2. 13:15\n    <\/p>\n<p>Uusi keski-ik\u00e4inen kaunotar saapuu Emmerdaleen: &#8221;H\u00e4n on s\u00e4hik\u00e4inen&#8221;\n    <\/p>\n<p itemprop=\"description\" class=\"subtitle \">\n    Emmerdaleen ilmestyy vaaleaverikk\u00f6, joka kantaa sis\u00e4ll\u00e4\u00e4n synkk\u00e4\u00e4 traumaa.\n<\/p>\n<p>        <\/a><\/p>\n<p>Menneisyys tulee kyl\u00e4\u00e4n<\/p>\n<p class=\"article-content article-content-width !bg-background\">MTV3:lla loppiaisena 6. tammikuuta esitett\u00e4viss\u00e4 kahdessa osassa Emmerdaleen pelmahtaa Rubyn sukulaisia. Uusina hahmona aloittavat Rubyn tyt\u00e4r Steph Miligan, jota esitt\u00e4\u00e4  sek\u00e4 Rubyn is\u00e4 Anthony Fox, jota n\u00e4yttelee , 78.<\/p>\n<p>                <img decoding=\"async\" src=\"https:\/\/www.europesays.com\/fi\/wp-content\/uploads\/2025\/12\/2026538.webp.jpeg\" width=\"576\" height=\"274\" alt=\"Anthony ja Steph ovat Emmerdalen uudet tulokkaat.\" loading=\"lazy\" \/>            <\/p>\n<p>\n            Anthony ja Steph ovat Emmerdalen uudet tulokkaat.<br \/>\n            ITV\n        <\/p>\n<p class=\"article-content article-content-width !bg-background\">\u2013 Iloisina toivotamme tervetulleiksi Nicholaksen ja Georgian osaksi Emmerdaleen osana Miliganin perhett\u00e4. Rubyss\u00e4 on viel\u00e4 paljon selvitett\u00e4v\u00e4\u00e4. H\u00e4nen is\u00e4ns\u00e4 ja tytt\u00e4rens\u00e4 saapuminen avaa Rubyn menneisyytt\u00e4\u00e4n, Emmerdalen tuottaja  kertoo ITV:n tiedotteessa.<\/p>\n<p class=\"article-content article-content-width !bg-background\">Rubyn v\u00e4lit teini-ik\u00e4isen\u00e4 saamaansa Stephiin ovat et\u00e4iset. Nopeasti k\u00e4y ilmi, ett\u00e4 Rubyn is\u00e4 Anthony ja \u00e4iti Helen yrittiv\u00e4t pakottaa Ruby\u00e4 tekem\u00e4\u00e4n aikanaan abortin. Steph kuitenkin syntyi, mutta syytt\u00e4\u00e4 nyt Ruby\u00e4 huonosta lapsuudestaan ja saa \u00e4idilt\u00e4\u00e4n palkaksi litsarin.<\/p>\n<p>        <a itemprop=\"url\" href=\"https:\/\/www.seiska.fi\/katso\/emmerdale-suosikkijuonittelijan-shokkipaluu\/2011765\" rel=\"nofollow noopener\" target=\"_blank\"><\/p>\n<p>\nEmmedale\n<\/p>\n<p class=\"section-date\">\n        <strong class=\"article-section\" data-section=\"katso\"><br \/>\n            katso<br \/>\n        <\/strong><br \/>\n        9.12. 05:15\n    <\/p>\n<p>Emmerdale: Suosikkijuonittelijan shokkipaluu\n    <\/p>\n<p itemprop=\"description\" class=\"subtitle \">\n    Emmerdaleen ilmestyy vuosikymmeni\u00e4 poissa ollut hahmo, joka her\u00e4tt\u00e4\u00e4 n\u00e4r\u00e4\u00e4.\n<\/p>\n<p>        <\/a><\/p>\n<p class=\"article-content article-content-width !bg-background\">Anthony-is\u00e4\u00e4ns\u00e4 Ruby ei ole n\u00e4hnyt noin kolmeenkymmeneen vuoteen eik\u00e4 haluaisi n\u00e4hd\u00e4 nytk\u00e4\u00e4n. Anthony yritt\u00e4\u00e4 hieroa sopua, mutta j\u00e4\u00e4 ilman vastakaikua. Rubyn mies Caleb Miliganin () ei t\u00e4ysin ymm\u00e4rr\u00e4 vaimonsa k\u00e4yt\u00f6st\u00e4, vaikka tiet\u00e4\u00e4kin Anthonyn olevan lurjus. Tulevissa jaksoissa Anthony onnistuu kuitenkin luikertelemaan l\u00e4helle tyt\u00e4rt\u00e4\u00e4n.<\/p>\n<p>Luvassa on hurjia k\u00e4\u00e4nteit\u00e4<\/p>\n<p class=\"article-content article-content-width !bg-background\">Ruby tulee olemaan Emmerdalessa isojen juonikuvioiden keski\u00f6ss\u00e4, kun h\u00e4nen perhesuhteisiinsa liittyv\u00e4t synk\u00e4t ja raastavan kipe\u00e4t salaisuudet paljastuvat yksi toisensa j\u00e4lkeen. Eiv\u00e4tk\u00e4 hurjat k\u00e4\u00e4nteet suinkaan lopu siihen, sill\u00e4 paljastuksilla tulee olemaan my\u00f6s isoja ja vakavia seurauksia.<\/p>\n<p>                <img decoding=\"async\" src=\"https:\/\/www.europesays.com\/fi\/wp-content\/uploads\/2025\/12\/2026585.webp.jpeg\" width=\"576\" height=\"274\" alt=\"Perheen j\u00e4lleenn\u00e4keminen on kaikkea muuta kuin mukava.\" loading=\"lazy\" \/>            <\/p>\n<p>\n            Perheen j\u00e4lleenn\u00e4keminen on kaikkea muuta kuin mukava.<br \/>\n            ITV\n        <\/p>\n<p class=\"article-content article-content-width !bg-background\"> Sukulaisten ilmaantuminen tulee testaamaan my\u00f6s Rubyn ja Calebin pitk\u00e4\u00e4 ja paljon kest\u00e4nytt\u00e4 liittoa.\u00a0<\/p>\n<p class=\"article-content article-content-width !bg-background\">\u2013 Ruby\u00e4 ja Calebia tullaan koettelemaan ennenn\u00e4kem\u00e4tt\u00f6m\u00e4ll\u00e4 tavalla, tuottaja Sophie Roper lupaa.<\/p>\n<p class=\"article-content article-content-width !bg-background\">Nicholas Day tunnetaan muun muassa rikosdraamasarjoista Minder sek\u00e4 Ryhm\u00e4 Pullman. H\u00e4n teki my\u00f6s hetki sitten vierailun Star Wars spin-off-sarja Andorin toisen kauden jaksossa.<\/p>\n<p class=\"italic m-italic article-content article-content-width !bg-background\">Emmerdale MTV3:lla maanantaista perjantaihin. Juhlakaudella tuplajaksot 6.1. asti.<\/p>\n<p>        <a itemprop=\"url\" href=\"https:\/\/www.seiska.fi\/katso\/emmerdalen-juonipaljastukset-charityn-ex-rakas-palaa-maisemiin\/2019953\" rel=\"nofollow noopener\" target=\"_blank\"><\/p>\n<p>\nEmmerdalen juonipaljastukset\n<\/p>\n<p class=\"section-date\">\n        <strong class=\"article-section\" data-section=\"katso\"><br \/>\n            katso<br \/>\n        <\/strong><br \/>\n        17.12. 05:15\n    <\/p>\n<p>Emmerdalen juonipaljastukset: Charityn ex-rakas palaa maisemiin\n    <\/p>\n<p itemprop=\"description\" class=\"subtitle \">\n    Ensi viikon Emmerdale-jaksoissa Tomin tabletin kohtalo paljastuu, Liam kertoo tunteistaan Chasille ja Charityn ex-kumppani saapuu kyl\u00e4\u00e4n.\n<\/p>\n<p>        <\/a><\/p>\n<p>        <a itemprop=\"url\" href=\"https:\/\/www.seiska.fi\/katso\/emmerdale-katsojien-kaipaama-seksikkain-mies-palaa\/2011783\" rel=\"nofollow noopener\" target=\"_blank\"><\/p>\n<p>\nKatsojien suosikki\n<\/p>\n<p class=\"section-date\">\n        <strong class=\"article-section\" data-section=\"katso\"><br \/>\n            katso<br \/>\n        <\/strong><br \/>\n        16.12. 05:15\n    <\/p>\n<p>Emmerdale: Katsojien kaipaama &#8221;seksikk\u00e4in mies&#8221; palaa\n    <\/p>\n<p itemprop=\"description\" class=\"subtitle \">\n    Saippuasarja Emmerdale saa takaisin hahmon, jota moni on ehtinyt haikailla.\n<\/p>\n<p>        <\/a><\/p>\n","protected":false},"excerpt":{"rendered":"MTV Suosikkisarjaan saapuu per\u00e4ti kaksi uutta hahmoa. Emmerdalen n\u00e4yttelij\u00e4kaarti saa piakkoin vahvistusta, kun sarjassa aloittaa kaksi uutta henkil\u00f6\u00e4,&hellip;\n","protected":false},"author":2,"featured_media":127911,"comment_status":"","ping_status":"","sticky":false,"template":"","format":"standard","meta":{"footnotes":""},"categories":[133],"tags":[1192,22634,3169,1186,6532,22635,22636,5649,137,33,31,30,101,905,32,206,156,109],"class_list":{"0":"post-127910","1":"post","2":"type-post","3":"status-publish","4":"format-standard","5":"has-post-thumbnail","7":"category-televisiot","8":"tag-draamasarja","9":"tag-emmerdale-anthony","10":"tag-emmerdale-caleb","11":"tag-emmerdale-juonipaljastukset","12":"tag-emmerdale-ruby","13":"tag-emmerdale-salaisuus","14":"tag-emmerdale-steph","15":"tag-emmerdale-uusi-hahmo","16":"tag-entertainment","17":"tag-fi","18":"tag-finland","19":"tag-finnish","20":"tag-ihmissuhteet","21":"tag-mtv3","22":"tag-suomi","23":"tag-televisiot","24":"tag-tv","25":"tag-viihde"},"share_on_mastodon":{"url":"https:\/\/pubeurope.com\/@fi\/115801876418371319","error":""},"_links":{"self":[{"href":"https:\/\/www.europesays.com\/fi\/wp-json\/wp\/v2\/posts\/127910","targetHints":{"allow":["GET"]}}],"collection":[{"href":"https:\/\/www.europesays.com\/fi\/wp-json\/wp\/v2\/posts"}],"about":[{"href":"https:\/\/www.europesays.com\/fi\/wp-json\/wp\/v2\/types\/post"}],"author":[{"embeddable":true,"href":"https:\/\/www.europesays.com\/fi\/wp-json\/wp\/v2\/users\/2"}],"replies":[{"embeddable":true,"href":"https:\/\/www.europesays.com\/fi\/wp-json\/wp\/v2\/comments?post=127910"}],"version-history":[{"count":0,"href":"https:\/\/www.europesays.com\/fi\/wp-json\/wp\/v2\/posts\/127910\/revisions"}],"wp:featuredmedia":[{"embeddable":true,"href":"https:\/\/www.europesays.com\/fi\/wp-json\/wp\/v2\/media\/127911"}],"wp:attachment":[{"href":"https:\/\/www.europesays.com\/fi\/wp-json\/wp\/v2\/media?parent=127910"}],"wp:term":[{"taxonomy":"category","embeddable":true,"href":"https:\/\/www.europesays.com\/fi\/wp-json\/wp\/v2\/categories?post=127910"},{"taxonomy":"post_tag","embeddable":true,"href":"https:\/\/www.europesays.com\/fi\/wp-json\/wp\/v2\/tags?post=127910"}],"curies":[{"name":"wp","href":"https:\/\/api.w.org\/{rel}","templated":true}]}}