{"id":127924,"date":"2025-12-29T08:27:06","date_gmt":"2025-12-29T08:27:06","guid":{"rendered":"https:\/\/www.europesays.com\/fi\/127924\/"},"modified":"2025-12-29T08:27:06","modified_gmt":"2025-12-29T08:27:06","slug":"entinen-komentaja-valerii-zaluznyi-palaamassa-ukrainaan","status":"publish","type":"post","link":"https:\/\/www.europesays.com\/fi\/127924\/","title":{"rendered":"Entinen komentaja Valerii Zalu\u017enyi palaamassa Ukrainaan"},"content":{"rendered":"<p class=\"ai-optimize-6 ai-optimize-introduction\"><strong>Valerii Zalu\u017enyi<\/strong> on j\u00e4tt\u00e4m\u00e4ss\u00e4 teht\u00e4v\u00e4ns\u00e4 Britannian suurl\u00e4hettil\u00e4\u00e4n\u00e4, kertovat ukrainalaisen mediaj\u00e4tti <a href=\"https:\/\/nv.ua\/ukr\/ukraine\/politics\/zaluzhniy-planuye-zvilnennya-z-posadi-posla-ukrajini-u-britaniji-50571787.html\" target=\"_blank\" rel=\"noopener nofollow\">NV:n<\/a> l\u00e4hteet. Zalu\u017enyi toimi Ukrainan asevoimien komentajana hein\u00e4kuusta 2021 helmikuuhun 2024. Ukrainan suurl\u00e4hettil\u00e4\u00e4n\u00e4 Britanniassa h\u00e4n on toiminut kev\u00e4\u00e4st\u00e4 2024 alkaen.<\/p>\n<p class=\"ai-optimize-7\">NV:n l\u00e4hteiden mukaan presidentti <strong>Volodymyr Zelenskyi<\/strong> ja Zalu\u017enyi keskustelivat asiasta joitakin viikkoja sitten Zalu\u017enyin vieraillessa Kiovassa. Tuolloin oli puhetta Zalu\u017enyin seuraavista teht\u00e4vist\u00e4: tapetilla olivat niin p\u00e4\u00e4ministerin kuin presidentin kanslian johtoteht\u00e4v\u00e4t, mutta Zalu\u017enyin ei tiedet\u00e4 olleen niist\u00e4 kiinnostunut.<\/p>\n<p class=\"ai-optimize-8\">Muiden l\u00e4hteiden mukaan Zalu\u017enyi harkitsi jonkin aikaa jopa Yhdysvaltain-suurl\u00e4hettil\u00e4\u00e4n teht\u00e4v\u00e4\u00e4 tai paluuta Ukrainan asevoimien komentajaksi, mutta asiasta ei ole t\u00e4ll\u00e4 hetkell\u00e4 tehty p\u00e4\u00e4t\u00f6ksi\u00e4. Yhden NV:n l\u00e4hteen mukaan Zalu\u017enyi haluaa luultavasti palata Kiovaan, ja saattaa ilmoittaa t\u00e4st\u00e4 jo tammikuun nelj\u00e4nnen tai viidennen p\u00e4iv\u00e4n tienoilla.<\/p>\n<p class=\"ai-optimize-9\">NV ei tavoittanut Ukrainan l\u00e4hetyst\u00f6\u00e4 Britanniassa kommentoimaan l\u00e4hteidens\u00e4 tietoja.<\/p>\n<p class=\"ai-optimize-10\">Zalu\u017enyi on ukrainalaisten kesken niin suosittu, ett\u00e4 hypoteettisissa presidentinvaaligallupeissa h\u00e4n vet\u00e4\u00e4 vertoja presidentti Zelenskyille. <a href=\"https:\/\/kyivindependent.com\/ukraine-election-poll-shows-tight-first-round-decisive-zaluzhnyi-runoff-win-over-zelensky\/\" target=\"_blank\" rel=\"noopener nofollow\">Kyiv Independent<\/a> kertoi jouluna tutkimusyhti\u00f6 Sociksen viimeisimm\u00e4st\u00e4 mielipidemittauksesta, jossa Zalu\u017enyin \u00e4\u00e4nest\u00e4isi presidentinvaalissa toiselle kierrokselle l\u00e4hes yht\u00e4 moni kuin Zelenskyin. Zalu\u017enyi saisi kyselyn mukaan ensimm\u00e4isell\u00e4 kierroksella 21 prosenttia ukrainalaisten \u00e4\u00e4nist\u00e4, Zelenskyi 22 prosenttia.<\/p>\n<p class=\"ai-optimize-11\">Jos toisella kierroksella olisivat vastakkain Zalu\u017enyi ja Zelenskyi, Sociksen vastaajien mielest\u00e4 Zalu\u017enyi voittaisi kirkkaasti. L\u00e4hes kaksi kolmannesta \u00e4\u00e4nest\u00e4isi Zalu\u017enyin presidentiksi, Zelenskyin runsas kolmannes.<\/p>\n<p class=\"ai-optimize-12\">Zelenskyin presidenttikausi p\u00e4\u00e4ttyi virallisesti vuonna 2024, mutta Ukrainan perustuslaki ei mahdollista vaalien j\u00e4rjest\u00e4mist\u00e4 kun sotatila on voimassa. Osana rauhansuunnitelmaa, jota pallotellaan Yhdysvaltojen ja Euroopan \u201dhalukkaiden koalition\u201d avustuksella, harkitaan nyt mahdollisuutta ett\u00e4 vaalit j\u00e4rjestett\u00e4isiin sittenkin. Zelenskyin mukaan t\u00e4m\u00e4 voisi olla mahdollista, jos Ukrainan turvallisuus vaalien aikana taattaisiin. K\u00e4yt\u00e4nn\u00f6ss\u00e4 t\u00e4m\u00e4 tarkoittaisi, ett\u00e4 Ven\u00e4j\u00e4n pit\u00e4isi suostua v\u00e4hint\u00e4\u00e4nkin tulitaukoon.<\/p>\n","protected":false},"excerpt":{"rendered":"Valerii Zalu\u017enyi on j\u00e4tt\u00e4m\u00e4ss\u00e4 teht\u00e4v\u00e4ns\u00e4 Britannian suurl\u00e4hettil\u00e4\u00e4n\u00e4, kertovat ukrainalaisen mediaj\u00e4tti NV:n l\u00e4hteet. Zalu\u017enyi toimi Ukrainan asevoimien komentajana hein\u00e4kuusta&hellip;\n","protected":false},"author":2,"featured_media":127925,"comment_status":"","ping_status":"","sticky":false,"template":"","format":"standard","meta":{"footnotes":""},"categories":[14],"tags":[22,23,26,27,33,31,30,17,24,25,28,29,15,18,21,32,19,20,56,16,987,59,60,61],"class_list":{"0":"post-127924","1":"post","2":"type-post","3":"status-publish","4":"format-standard","5":"has-post-thumbnail","7":"category-ulkomaat","8":"tag-breaking-news","9":"tag-breakingnews","10":"tag-featured-news","11":"tag-featurednews","12":"tag-fi","13":"tag-finland","14":"tag-finnish","15":"tag-headlines","16":"tag-latest-news","17":"tag-latestnews","18":"tag-main-news","19":"tag-mainnews","20":"tag-news","21":"tag-otsikot","22":"tag-paauutiset","23":"tag-suomi","24":"tag-top-stories","25":"tag-topstories","26":"tag-ulkomaat","27":"tag-uutiset","28":"tag-venajan-hyokkays","29":"tag-world","30":"tag-world-news","31":"tag-worldnews"},"share_on_mastodon":{"url":"https:\/\/pubeurope.com\/@fi\/115801912006980865","error":""},"_links":{"self":[{"href":"https:\/\/www.europesays.com\/fi\/wp-json\/wp\/v2\/posts\/127924","targetHints":{"allow":["GET"]}}],"collection":[{"href":"https:\/\/www.europesays.com\/fi\/wp-json\/wp\/v2\/posts"}],"about":[{"href":"https:\/\/www.europesays.com\/fi\/wp-json\/wp\/v2\/types\/post"}],"author":[{"embeddable":true,"href":"https:\/\/www.europesays.com\/fi\/wp-json\/wp\/v2\/users\/2"}],"replies":[{"embeddable":true,"href":"https:\/\/www.europesays.com\/fi\/wp-json\/wp\/v2\/comments?post=127924"}],"version-history":[{"count":0,"href":"https:\/\/www.europesays.com\/fi\/wp-json\/wp\/v2\/posts\/127924\/revisions"}],"wp:featuredmedia":[{"embeddable":true,"href":"https:\/\/www.europesays.com\/fi\/wp-json\/wp\/v2\/media\/127925"}],"wp:attachment":[{"href":"https:\/\/www.europesays.com\/fi\/wp-json\/wp\/v2\/media?parent=127924"}],"wp:term":[{"taxonomy":"category","embeddable":true,"href":"https:\/\/www.europesays.com\/fi\/wp-json\/wp\/v2\/categories?post=127924"},{"taxonomy":"post_tag","embeddable":true,"href":"https:\/\/www.europesays.com\/fi\/wp-json\/wp\/v2\/tags?post=127924"}],"curies":[{"name":"wp","href":"https:\/\/api.w.org\/{rel}","templated":true}]}}