{"id":127926,"date":"2025-12-29T08:28:07","date_gmt":"2025-12-29T08:28:07","guid":{"rendered":"https:\/\/www.europesays.com\/fi\/127926\/"},"modified":"2025-12-29T08:28:07","modified_gmt":"2025-12-29T08:28:07","slug":"helsingissa-jarjestetaan-erikoinen-festivaali","status":"publish","type":"post","link":"https:\/\/www.europesays.com\/fi\/127926\/","title":{"rendered":"Helsingiss\u00e4 j\u00e4rjestet\u00e4\u00e4n erikoinen festivaali"},"content":{"rendered":"<p>Helsingiss\u00e4 j\u00e4rjestet\u00e4\u00e4n uusi festivaali, joka saa inspiraatiota vitutuksesta.<\/p>\n<p><img decoding=\"async\" class=\"image image-show image-preview\" src=\"https:\/\/www.europesays.com\/fi\/wp-content\/uploads\/2025\/12\/f7f23fbfdfc13d42562b2e2f7501049fb76937fde86e6d5fa9b6ff29ba1fa006.jpg\" alt=\"\"\/><img decoding=\"async\" class=\"image image-show\" src=\"https:\/\/www.europesays.com\/fi\/wp-content\/uploads\/2025\/12\/1766996887_543_f7f23fbfdfc13d42562b2e2f7501049fb76937fde86e6d5fa9b6ff29ba1fa006.jpg\" alt=\"\"\/><\/p>\n<p>\u201dOn erityisen hienoa, ett\u00e4 voimme Suomessa purkaa vitutuksemme rauhanomaisesti laulujen ja musiikin avulla kuten on Suomessa tehty siit\u00e4 asti, kun V\u00e4in\u00e4m\u00f6inen nappasi kanteleen k\u00e4teens\u00e4 ja antoi palaa\u201d, tapahtuman infossa kuvaillaan. ILTALEHTI<\/p>\n<p class=\"paragraph\">Helsingiss\u00e4 j\u00e4rjestet\u00e4\u00e4n alkuvuodesta uusi hard rock -musiikin festivaali nimelt\u00e4 New Finnish Hard Rock Music \u2013 Valtakunnallinen Vitutusfestivaali.<\/p>\n<p class=\"paragraph\"><a href=\"https:\/\/www.lippu.fi\/artist\/new-finnish-hard-rock-music\/?fbclid=IwY2xjawO-_gFleHRuA2FlbQIxMABicmlkETAwQVNXaTU2cm5yWWFvTWpSc3J0YwZhcHBfaWQQMjIyMDM5MTc4ODIwMDg5MgABHmHpCbhzMG159Hx-oJWUEJae_ZIJyrYI6X3k_-ZkVRgADEau4Zt-Y28YtuFS_aem_2C6DPK73DO10JyF7UI4yqw\" target=\"_blank\" rel=\"noopener nofollow\">Lippu.fi:ss\u00e4<\/a> tapahtuman kuvauksessa kerrotaan, ett\u00e4 festivaali saa inspiraationsa hard rockin juurista ja sen perusluonteesta vastavoimana ja purkukanavana.<\/p>\n<p class=\"paragraph\">\u2013 On erityisen hienoa, ett\u00e4 voimme Suomessa purkaa vitutuksemme rauhanomaisesti laulujen ja musiikin avulla kuten on Suomessa tehty siit\u00e4 asti, kun V\u00e4in\u00e4m\u00f6inen nappasi kanteleen k\u00e4teens\u00e4 ja antoi palaa, sivulla kuvaillaan.<\/p>\n<p class=\"paragraph\">Tapahtuman tarkoituksena on tuoda esille hard rock- musiikkia tekevi\u00e4 suomalaisia b\u00e4ndej\u00e4 ja artisteja.<\/p>\n<p class=\"paragraph\">Sivulla todetaan, ett\u00e4 ilman uusia hard rock -tekij\u00f6it\u00e4 my\u00f6s lajin pioneerit ja perint\u00f6 uhkaavat v\u00e4hitellen j\u00e4\u00e4d\u00e4 unohduksiin. Pelkk\u00e4 klassikoiden kuuntelu ei j\u00e4rjest\u00e4j\u00e4n mukaan korvaa el\u00e4v\u00e4\u00e4 taidekokemusta, sill\u00e4 musiikista katoaa jotain olennaista, jos lajiin vihkiytyneet tekij\u00e4t puuttuvat.<\/p>\n<p class=\"paragraph\">\u2013 Lienee paikallaan, ett\u00e4 otamme k\u00e4ytt\u00f6\u00f6n kautta aikain ensimm\u00e4isess\u00e4 vitutusfestivaalissa suomalaisten ikiaikaisen luovuuden l\u00e4hteen \u2013 vittuuntumisen voimavarana \u2013 keskell\u00e4 pimeint\u00e4 ja kylmint\u00e4 vuodenaikaa.<\/p>\n<p class=\"paragraph\">Tapahtumaa j\u00e4rjest\u00e4v\u00e4 tuottaja ja muusikko <strong>Jake Lepp\u00e4l\u00e4<\/strong> kertoo <a href=\"https:\/\/www.helsinginuutiset.fi\/paikalliset\/9100640\" target=\"_blank\" rel=\"noopener nofollow\">Helsingin Uutisille<\/a>, ett\u00e4 syit\u00e4 Vitutusfestivaalin j\u00e4rjest\u00e4miseen on monia.<\/p>\n<p class=\"paragraph\">H\u00e4n kertoo, ett\u00e4 erityisen suurta vitutus on musiikintekij\u00f6iden parissa.<\/p>\n<p class=\"paragraph\">\u2013 Osa festivaalilla esiintyvist\u00e4 muusikoista on ollut kuuluisienkin b\u00e4ndien taustalla, mutta kun he tekev\u00e4t omaa musiikkia, heid\u00e4n on hyvin vaikea p\u00e4\u00e4st\u00e4 tuntemattomuudesta esiin, h\u00e4n kuvailee lehdelle.<\/p>\n<p class=\"paragraph\">Nyt Vitutusfestivaali tarjoaa noille tympiintyneille muusikoille estradin esiinty\u00e4. Lepp\u00e4l\u00e4 huomauttaa, ettei vitutusta pid\u00e4 n\u00e4hd\u00e4 ainoastaan negatiivisena tilana.<\/p>\n<p class=\"paragraph\">\u2013 Se on monelle luovuuden l\u00e4hde. Etenkin hard rock -puolella sen voi k\u00e4\u00e4nt\u00e4\u00e4 voimavaraksi.<\/p>\n<p class=\"paragraph\">New Finnish Hard Rock Music \u2013 Valtakunnallinen Vitutusfestivaali j\u00e4rjestet\u00e4\u00e4n Korjaamolla 5. tammikuuta.<\/p>\n","protected":false},"excerpt":{"rendered":"Helsingiss\u00e4 j\u00e4rjestet\u00e4\u00e4n uusi festivaali, joka saa inspiraatiota vitutuksesta. \u201dOn erityisen hienoa, ett\u00e4 voimme Suomessa purkaa vitutuksemme rauhanomaisesti laulujen&hellip;\n","protected":false},"author":2,"featured_media":127927,"comment_status":"","ping_status":"","sticky":false,"template":"","format":"standard","meta":{"footnotes":""},"categories":[12],"tags":[35,138,22,23,26,27,33,31,30,17,524,24,25,28,29,47,15,18,21,32,484,2599,19,20,16],"class_list":{"0":"post-127926","1":"post","2":"type-post","3":"status-publish","4":"format-standard","5":"has-post-thumbnail","7":"category-suomi","8":"tag-24h","9":"tag-audio","10":"tag-breaking-news","11":"tag-breakingnews","12":"tag-featured-news","13":"tag-featurednews","14":"tag-fi","15":"tag-finland","16":"tag-finnish","17":"tag-headlines","18":"tag-kulttuuri-ja-taidetapahtumat-ja-nayttelyt","19":"tag-latest-news","20":"tag-latestnews","21":"tag-main-news","22":"tag-mainnews","23":"tag-musiikki","24":"tag-news","25":"tag-otsikot","26":"tag-paauutiset","27":"tag-suomi","28":"tag-taiteellinen-ilmaisu-ja-mediat","29":"tag-tapahtumat-ja-tapahtumatiedot","30":"tag-top-stories","31":"tag-topstories","32":"tag-uutiset"},"share_on_mastodon":{"url":"https:\/\/pubeurope.com\/@fi\/115801915632478233","error":""},"_links":{"self":[{"href":"https:\/\/www.europesays.com\/fi\/wp-json\/wp\/v2\/posts\/127926","targetHints":{"allow":["GET"]}}],"collection":[{"href":"https:\/\/www.europesays.com\/fi\/wp-json\/wp\/v2\/posts"}],"about":[{"href":"https:\/\/www.europesays.com\/fi\/wp-json\/wp\/v2\/types\/post"}],"author":[{"embeddable":true,"href":"https:\/\/www.europesays.com\/fi\/wp-json\/wp\/v2\/users\/2"}],"replies":[{"embeddable":true,"href":"https:\/\/www.europesays.com\/fi\/wp-json\/wp\/v2\/comments?post=127926"}],"version-history":[{"count":0,"href":"https:\/\/www.europesays.com\/fi\/wp-json\/wp\/v2\/posts\/127926\/revisions"}],"wp:featuredmedia":[{"embeddable":true,"href":"https:\/\/www.europesays.com\/fi\/wp-json\/wp\/v2\/media\/127927"}],"wp:attachment":[{"href":"https:\/\/www.europesays.com\/fi\/wp-json\/wp\/v2\/media?parent=127926"}],"wp:term":[{"taxonomy":"category","embeddable":true,"href":"https:\/\/www.europesays.com\/fi\/wp-json\/wp\/v2\/categories?post=127926"},{"taxonomy":"post_tag","embeddable":true,"href":"https:\/\/www.europesays.com\/fi\/wp-json\/wp\/v2\/tags?post=127926"}],"curies":[{"name":"wp","href":"https:\/\/api.w.org\/{rel}","templated":true}]}}