{"id":127941,"date":"2025-12-29T08:48:08","date_gmt":"2025-12-29T08:48:08","guid":{"rendered":"https:\/\/www.europesays.com\/fi\/127941\/"},"modified":"2025-12-29T08:48:08","modified_gmt":"2025-12-29T08:48:08","slug":"halli-hiljeni-valko-venajan-itsevaltainen-presidentti-aljaksandr-lukasenka-71-kaadettiin-jaakiekko-ottelussa-urheilua-lyhyesti","status":"publish","type":"post","link":"https:\/\/www.europesays.com\/fi\/127941\/","title":{"rendered":"Halli hiljeni: Valko-Ven\u00e4j\u00e4n itsevaltainen presidentti Aljaksandr Luka\u0161enka, 71, kaadettiin j\u00e4\u00e4kiekko-ottelussa | Urheilua lyhyesti"},"content":{"rendered":"<p class=\"aw-1gybjub aw-5vja16 kEtdKx kmuxyA yle__article__paragraph\">Luka\u0161enka sanoo, ett\u00e4 h\u00e4nell\u00e4 ven\u00e4hti selk\u00e4lihas. \u201dPresidentin joukkue\u201d on juhlinut sarjan mestaruutta 16 kertaa.<\/p>\n<p><img decoding=\"async\" alt=\"Viiksek\u00e4s mies Valko-Ven\u00e4j\u00e4n pelipaidassa tekee nyrkkitervehdyksi\u00e4 riviss\u00e4 seisovien j\u00e4\u00e4kiekon pelaajien kanssa.\" src=\"https:\/\/www.europesays.com\/fi\/wp-content\/uploads\/2025\/12\/39-157503069522687209dc.jpeg\" class=\"aw-1l9m598 hKVVvP\"\/><\/p>\n<p>Avaa kuvien katselu<\/p>\n<p>Arkistokuva. Aljaksandr Luka\u0161enka osallistui joulukuussa 2023 Kiinassa Pekingin yliopistolla pelattuun yst\u00e4vyysotteluun. Kuva: AOP<\/p>\n<p class=\"aw-1gybjub aw-1p7kakr kEtdKx cEmitX yle__article__paragraph\">Valko-Ven\u00e4j\u00e4n presidentist\u00e4 <strong class=\"aw-ak79eh KyCXm yle__article__strong\">Aljaksandr Luka\u0161enkasta<\/strong>, 71, levi\u00e4\u00e4 verkossa video, jossa h\u00e4n kaatuu pahann\u00e4k\u00f6isesti j\u00e4\u00e4kiekko-ottelussa.<\/p>\n<p class=\"aw-1gybjub aw-1p7kakr kEtdKx cEmitX yle__article__paragraph\">Videolla Luka\u0161enkan oman joukkueen takaperin luisteleva pelaaja <strong class=\"aw-ak79eh KyCXm yle__article__strong\">Yaroslav Chupris<\/strong> t\u00f6rm\u00e4\u00e4 ep\u00e4huomiossa presidenttiin, joka kaatuu sel\u00e4lleen j\u00e4\u00e4lle. Chupris rynt\u00e4si saman tien Luka\u0161enkan apuun, ja ottelu keskeytettiin nopeasti. Samalla koko halli hiljeni.<\/p>\n<p class=\"aw-1gybjub aw-1p7kakr kEtdKx cEmitX yle__article__paragraph\">Valkoven\u00e4l\u00e4isen valtiollisen uutistoimiston <a class=\"aw-iao6s4 iHOxEa yle__article__link\" href=\"https:\/\/eng.belta.by\/sport\/view\/belarus-presidents-team-draw-with-brest-oblast-team-in-rhl-match-175304-2025\/\" role=\"link\" rel=\"nofollow noopener\" target=\"_blank\">Beltan<\/a> mukaan kyseess\u00e4 oli 27. joulukuuta Minskiss\u00e4 pelattu ottelu, jossa Luka\u0161enkan joukkue kohtasi Brest Oblast Teamin amat\u00f6\u00f6ritason Republican Hockey League -sarjassa.<\/p>\n<p class=\"aw-1gybjub aw-1p7kakr kEtdKx cEmitX yle__article__paragraph\">Ottelu p\u00e4\u00e4ttyi 5\u20135-tasapeliin. Viime hetken tasoitusmaalin teki Luka\u0161enkan poika <strong class=\"aw-ak79eh KyCXm yle__article__strong\">Nikolai Luka\u0161enka<\/strong>.<\/p>\n<p class=\"aw-1gybjub aw-1p7kakr kEtdKx cEmitX yle__article__paragraph\"><a class=\"aw-iao6s4 iHOxEa yle__article__link\" href=\"https:\/\/eng.belta.by\/president\/view\/lukashenko-comments-on-his-condition-after-on-ice-slip-175324-2025\/\" role=\"link\" rel=\"nofollow noopener\" target=\"_blank\">Belta<\/a> kertoi seuraavana p\u00e4iv\u00e4n\u00e4, ett\u00e4 Luka\u0161enka on kommentoinut RT-televisiokanavalle olevansa kunnossa.<\/p>\n<p class=\"aw-1gybjub aw-1p7kakr kEtdKx cEmitX yle__article__paragraph\">\u2013 Ihan tavallinen ty\u00f6tilanne: kovistellaan omia, jotta muut miettisiv\u00e4t kahdesti. Kaikki on hyvin. Olo on hyv\u00e4 ven\u00e4ht\u00e4nytt\u00e4 selk\u00e4lihasta lukuun ottamatta. Valmistaudun seuraavaan peliin, Luka\u0161enka sanoi.<\/p>\n<p class=\"aw-1gybjub aw-1p7kakr kEtdKx cEmitX yle__article__paragraph\">Luka\u0161enkan joukkueen nimi sarjassa on \u201dPresidentin joukkue\u201d. Se on voittanut mestaruuden 16 kertaa.<\/p>\n<p class=\"aw-1gybjub aw-1p7kakr kEtdKx cEmitX yle__article__paragraph\">Aljaksandr Luka\u0161enka on toiminut Valko-Ven\u00e4j\u00e4n itsevaltaisena presidenttin\u00e4 vuodesta 1994 l\u00e4htien. Viimeksi h\u00e4n sai jatkokauden t\u00e4m\u00e4n vuoden tammikuussa k\u00e4ydyiss\u00e4 n\u00e4yt\u00f6sluonteisissa vaaleissa.<\/p>\n<p class=\"aw-1gybjub aw-1p7kakr kEtdKx cEmitX yle__article__paragraph\">Valko-Ven\u00e4j\u00e4 suljettiin ulos kansainv\u00e4lisest\u00e4 j\u00e4\u00e4kiekkoilusta sen j\u00e4lkeen, kun Ven\u00e4j\u00e4 aloitti t\u00e4ysimittaisen hy\u00f6kk\u00e4yssodan Ukrainaan alkuvuodesta 2022. Valko-Ven\u00e4j\u00e4 on tukenut Ven\u00e4j\u00e4\u00e4 sodassa.<\/p>\n","protected":false},"excerpt":{"rendered":"Luka\u0161enka sanoo, ett\u00e4 h\u00e4nell\u00e4 ven\u00e4hti selk\u00e4lihas. \u201dPresidentin joukkue\u201d on juhlinut sarjan mestaruutta 16 kertaa. Avaa kuvien katselu Arkistokuva.&hellip;\n","protected":false},"author":2,"featured_media":127942,"comment_status":"","ping_status":"","sticky":false,"template":"","format":"standard","meta":{"footnotes":""},"categories":[158],"tags":[13258,33,31,30,1143,159,32,160,3194],"class_list":{"0":"post-127941","1":"post","2":"type-post","3":"status-publish","4":"format-standard","5":"has-post-thumbnail","7":"category-urheilu","8":"tag-aljaksandr-lukasenka","9":"tag-fi","10":"tag-finland","11":"tag-finnish","12":"tag-jaakiekko","13":"tag-sports","14":"tag-suomi","15":"tag-urheilu","16":"tag-valko-venaja"},"share_on_mastodon":{"url":"https:\/\/pubeurope.com\/@fi\/115801994360793902","error":""},"_links":{"self":[{"href":"https:\/\/www.europesays.com\/fi\/wp-json\/wp\/v2\/posts\/127941","targetHints":{"allow":["GET"]}}],"collection":[{"href":"https:\/\/www.europesays.com\/fi\/wp-json\/wp\/v2\/posts"}],"about":[{"href":"https:\/\/www.europesays.com\/fi\/wp-json\/wp\/v2\/types\/post"}],"author":[{"embeddable":true,"href":"https:\/\/www.europesays.com\/fi\/wp-json\/wp\/v2\/users\/2"}],"replies":[{"embeddable":true,"href":"https:\/\/www.europesays.com\/fi\/wp-json\/wp\/v2\/comments?post=127941"}],"version-history":[{"count":0,"href":"https:\/\/www.europesays.com\/fi\/wp-json\/wp\/v2\/posts\/127941\/revisions"}],"wp:featuredmedia":[{"embeddable":true,"href":"https:\/\/www.europesays.com\/fi\/wp-json\/wp\/v2\/media\/127942"}],"wp:attachment":[{"href":"https:\/\/www.europesays.com\/fi\/wp-json\/wp\/v2\/media?parent=127941"}],"wp:term":[{"taxonomy":"category","embeddable":true,"href":"https:\/\/www.europesays.com\/fi\/wp-json\/wp\/v2\/categories?post=127941"},{"taxonomy":"post_tag","embeddable":true,"href":"https:\/\/www.europesays.com\/fi\/wp-json\/wp\/v2\/tags?post=127941"}],"curies":[{"name":"wp","href":"https:\/\/api.w.org\/{rel}","templated":true}]}}