{"id":127943,"date":"2025-12-29T08:49:07","date_gmt":"2025-12-29T08:49:07","guid":{"rendered":"https:\/\/www.europesays.com\/fi\/127943\/"},"modified":"2025-12-29T08:49:07","modified_gmt":"2025-12-29T08:49:07","slug":"backstreet-boys-palasi-1990-luvulle-klassikkovideolla","status":"publish","type":"post","link":"https:\/\/www.europesays.com\/fi\/127943\/","title":{"rendered":"Backstreet Boys palasi 1990-luvulle klassikkovideolla"},"content":{"rendered":"<p>                <img width=\"1467\" height=\"978\" src=\"https:\/\/www.europesays.com\/fi\/wp-content\/uploads\/2025\/12\/Backstreet-Boys-Justin-Segura-2025-Klangi.jpg\" class=\"attachment-article-large size-article-large wp-post-image\" alt=\"Backstreet Boys\" decoding=\"async\" fetchpriority=\"high\"  \/>        \t\t\t\t\t<\/p>\n<p>Backstreet Boys palasi ikonisen musiikkivideon tunnelmiin.<\/p>\n<p>Justin Segura<\/p>\n<p><strong>Backstreet Boys on julkaissut uuden version 1990-luvulla ilmestyneest\u00e4 musiikkivideostaan.<\/strong><\/p>\n<p><strong>Backstreet Boys<\/strong> nousi 1990-luvulla maailmanlaajuiseksi ilmi\u00f6ksi ja julkaisi vuonna 1999 albumin Millennium, joka myi yli 30 miljoonaa kappaletta. Yksi yhtyeen tunnetuimmista kappaleista on I Want It That Way, jonka <a href=\"https:\/\/www.youtube.com\/watch?v=4fndeDfaWCg\" target=\"_blank\" rel=\"noopener nofollow\">alkuper\u00e4inen musiikkivideo<\/a> kuvattiin lentokent\u00e4ll\u00e4.<\/p>\n<p>T\u00e4ss\u00e4 kuussa Backstreet Boys yll\u00e4tti faninsa julkaisemalla uuden version I Want It That Way -kappaleen musiikkivideosta. Uusi video mukailee alkuper\u00e4ist\u00e4 asetelmaa: b\u00e4ndin j\u00e4senet esiintyv\u00e4t lentokoneen edess\u00e4 t\u00e4ysin valkoisiin asuihin pukeutuneina. Video on kuvattu yhdell\u00e4 otolla.<\/p>\n<p><strong>Lue my\u00f6s: <a href=\"https:\/\/www.klangi.fi\/uutiset\/snoop-doggin-nfl-joulushow\/\" rel=\"nofollow noopener\" target=\"_blank\">Parempi puoliaikashow kuin Super Bowlissa? Katso Snoop Doggin NFL-joulushow<\/a><\/strong><\/p>\n<p>Yhtye kertoo videon yhteydess\u00e4, ett\u00e4 idea syntyi kiertueen promokuvauksissa koetusta nostalgiasta.<\/p>\n<p>\u2013 Olimme kiertueen promotuotannon kuvauksissa ja aloimme todella tuntea vuoden 1999 nostalgiaa seistess\u00e4mme lentokoneen edess\u00e4 lentokonehallissa valkoisissa asuissamme. P\u00e4\u00e4timme yritt\u00e4\u00e4 tallentaa esityksen yhdell\u00e4 otolla eritt\u00e4in pitk\u00e4n kaksip\u00e4iv\u00e4isen kuvauksen p\u00e4\u00e4tteeksi. Lopputulos oli mielest\u00e4mme aika taianomainen, yhtye kertoi.<\/p>\n<p>Musiikkivideo on ker\u00e4nnyt lyhyess\u00e4 ajassa miljoonia katselukertoja ja runsaasti kommentteja. Erityisesti milleniaalifanit ovat innostuneet n\u00e4hdess\u00e4\u00e4n ikonisen poikab\u00e4ndin palaavan klassisen videon tunnelmiin.<\/p>\n<p><strong>Lue lis\u00e4\u00e4 ajankohtaisia\u00a0<a href=\"https:\/\/www.klangi.fi\/kategoria\/uutiset\/\" rel=\"nofollow noopener\" target=\"_blank\">musiikkiuutisia<\/a>!<\/strong><\/p>\n","protected":false},"excerpt":{"rendered":"Backstreet Boys palasi ikonisen musiikkivideon tunnelmiin. Justin Segura Backstreet Boys on julkaissut uuden version 1990-luvulla ilmestyneest\u00e4 musiikkivideostaan. Backstreet&hellip;\n","protected":false},"author":2,"featured_media":127944,"comment_status":"","ping_status":"","sticky":false,"template":"","format":"standard","meta":{"footnotes":""},"categories":[130],"tags":[137,33,31,30,32,109],"class_list":{"0":"post-127943","1":"post","2":"type-post","3":"status-publish","4":"format-standard","5":"has-post-thumbnail","7":"category-viihde","8":"tag-entertainment","9":"tag-fi","10":"tag-finland","11":"tag-finnish","12":"tag-suomi","13":"tag-viihde"},"share_on_mastodon":{"url":"https:\/\/pubeurope.com\/@fi\/115801998152954106","error":""},"_links":{"self":[{"href":"https:\/\/www.europesays.com\/fi\/wp-json\/wp\/v2\/posts\/127943","targetHints":{"allow":["GET"]}}],"collection":[{"href":"https:\/\/www.europesays.com\/fi\/wp-json\/wp\/v2\/posts"}],"about":[{"href":"https:\/\/www.europesays.com\/fi\/wp-json\/wp\/v2\/types\/post"}],"author":[{"embeddable":true,"href":"https:\/\/www.europesays.com\/fi\/wp-json\/wp\/v2\/users\/2"}],"replies":[{"embeddable":true,"href":"https:\/\/www.europesays.com\/fi\/wp-json\/wp\/v2\/comments?post=127943"}],"version-history":[{"count":0,"href":"https:\/\/www.europesays.com\/fi\/wp-json\/wp\/v2\/posts\/127943\/revisions"}],"wp:featuredmedia":[{"embeddable":true,"href":"https:\/\/www.europesays.com\/fi\/wp-json\/wp\/v2\/media\/127944"}],"wp:attachment":[{"href":"https:\/\/www.europesays.com\/fi\/wp-json\/wp\/v2\/media?parent=127943"}],"wp:term":[{"taxonomy":"category","embeddable":true,"href":"https:\/\/www.europesays.com\/fi\/wp-json\/wp\/v2\/categories?post=127943"},{"taxonomy":"post_tag","embeddable":true,"href":"https:\/\/www.europesays.com\/fi\/wp-json\/wp\/v2\/tags?post=127943"}],"curies":[{"name":"wp","href":"https:\/\/api.w.org\/{rel}","templated":true}]}}