{"id":127945,"date":"2025-12-29T08:52:07","date_gmt":"2025-12-29T08:52:07","guid":{"rendered":"https:\/\/www.europesays.com\/fi\/127945\/"},"modified":"2025-12-29T08:52:07","modified_gmt":"2025-12-29T08:52:07","slug":"satunnainenkin-kannabiskokeilu-voi-sumentaa-nuorelta-tulevaisuuden-suunnan-tutkimus-paljastaa","status":"publish","type":"post","link":"https:\/\/www.europesays.com\/fi\/127945\/","title":{"rendered":"Satunnainenkin kannabiskokeilu voi sumentaa nuorelta tulevaisuuden suunnan, tutkimus paljastaa"},"content":{"rendered":"<p class=\"is-style-dropcap\">Jo satunnainen kannabiksen k\u00e4ytt\u00f6 saattaa aiheuttaa nuorille ongelmia koulussa ja tunne-el\u00e4m\u00e4ss\u00e4, ilmenee tuoreesta tutkimuksesta.<\/p>\n<p><a href=\"https:\/\/publications.aap.org\/pediatrics\/article-abstract\/doi\/10.1542\/peds.2024-070509\/205921\/Cannabis-Use-Among-US-Adolescents?redirectedFrom=fulltext\" rel=\"nofollow noopener\" target=\"_blank\">Tutkimusartikkeli<\/a> aiheesta on julkaistu Pediatrics-tiedelehdess\u00e4. <\/p>\n<p>Amerikkalaisen Columbian yliopiston johtaman laajan kansallisen tutkimuksen mukaan kannabiksen k\u00e4ytt\u00f6 kerran tai kahdesti kuukaudessa oli yhteydess\u00e4 heikentyneeseen koulumenestykseen ja emotionaaliseen ahdistukseen teini-ik\u00e4isill\u00e4. Mit\u00e4 useammin nuoret k\u00e4yttiv\u00e4t kannabista, sit\u00e4 todenn\u00e4k\u00f6isemmin he raportoivat emotionaalista ahdistusta sek\u00e4 muita sosiaalisia ja akateemisia ongelmia.<\/p>\n<p>\u201dAiemmat tutkimukset ovat keskittyneet toistuvaan k\u00e4ytt\u00f6\u00f6n, mutta tutkimuksemme osoitti, ett\u00e4 mik\u00e4 tahansa k\u00e4ytt\u00f6m\u00e4\u00e4r\u00e4 voi asettaa nuoret vaaraan j\u00e4\u00e4d\u00e4 j\u00e4lkeen koulussa\u201d, <a href=\"https:\/\/medicalxpress.com\/news\/2025-12-teens-cannabis-impact-emotional-health.html\" rel=\"nofollow noopener\" target=\"_blank\">sanoo<\/a> tutkimusta johtanut kliinisen psykiatrian apulaisprofessori <strong>Ryan Sult\u00e1n<\/strong> MedicalXpressiss\u00e4. <\/p>\n<p>\u201dMuutama \u2018vaaraton\u2019 jointti voi kasvaa lumipalloefektin\u00e4 todellisiksi akateemisiksi seurauksiksi. S\u00e4\u00e4nn\u00f6llisesti marihuanaa k\u00e4ytt\u00e4v\u00e4t teini-ik\u00e4iset k\u00e4rsiv\u00e4t usein keskittymisvaikeuksista, poissaoloista koulusta ja saattavat menett\u00e4\u00e4 kiinnostuksensa tulevaisuuden suunnitelmiaan kohtaan.\u201d<\/p>\n<p>Vaikka monien p\u00e4ihteiden k\u00e4ytt\u00f6 on enn\u00e4tysalhaalla yhdysvaltalaisnuorten keskuudessa, kannabis on poikkeus. Noin joka viides lukiolainen k\u00e4ytt\u00e4\u00e4 kannabista t\u00e4ll\u00e4 hetkell\u00e4, ja noin 6 prosenttia 12. luokan oppilaista k\u00e4ytt\u00e4\u00e4 sit\u00e4 p\u00e4ivitt\u00e4in. Kyseinen luku on kasvanut viime vuosikymmenen aikana.<\/p>\n<p>\u201dTodelliset vaikutukset voivat olla dramaattisia\u201d, Sult\u00e1n sanoo.<\/p>\n<p>\u201dEi ole harvinaista, ett\u00e4 nuori teini-ik\u00e4inen polttaa marihuanaa vain muutaman kerran ennen kuin h\u00e4nell\u00e4 ilmenee vieroitusoireita ja mielialan heikkenemist\u00e4.\u201d<\/p>\n<p>Tutkijat ovat erityisen huolissaan, koska nykyiset kannabistuotteet ovat huomattavan vahvoja. Ne sis\u00e4lt\u00e4v\u00e4t korkeita pitoisuuksia thc:t\u00e4, joka on kannabiksen p\u00e4\u00e4asiallinen p\u00e4ihdytt\u00e4v\u00e4 psykoaktiivinen yhdiste. Aikaisemmat tutkimukset ovat osoittaneet, ett\u00e4 kannabiksen k\u00e4ytt\u00f6 nuoruudessa, kun aivot kehitt\u00e4v\u00e4t yh\u00e4 t\u00e4rkeit\u00e4 hermoyhteyksi\u00e4, voi aiheuttaa pysyvi\u00e4 vaikutuksia kognitiivisiin toimintoihin.<\/p>\n<p>\u201dTeini-ik\u00e4isen aivot kehitt\u00e4v\u00e4t yh\u00e4 oppimisen, itsekontrollin ja tunnes\u00e4\u00e4telyn piirej\u00e4\u201d, selitt\u00e4\u00e4 tutkimuksen toinen kirjoittaja <strong>Tim Becker<\/strong>.<\/p>\n<p>\u201dKannabiksen k\u00e4ytt\u00f6, jopa satunnaisesti, n\u00e4iden kriittisten kasvukausien aikana h\u00e4iritsee n\u00e4it\u00e4 prosesseja ja voi suistaa normaalin kehityksen raiteiltaan.\u201d<\/p>\n<p>Tutkimuksessa analysoitiin tietoja yli 160 000 yhdysvaltalaiselta kahdeksas-, kymmenes- ja kahdestoistaluokkalaiselta oppilaalta vuosilta 2018\u20132022. Yli nelj\u00e4nnes vastanneista raportoi kannabiksen k\u00e4ytt\u00f6\u00e4.<\/p>\n<p>Nuoret, jotka k\u00e4yttiv\u00e4t kannabista kerran tai kahdesti kuukaudessa, raportoivat korkeampia masennusoireita, ahdistusta ja impulsiivista k\u00e4ytt\u00e4ytymist\u00e4 kuin pid\u00e4ttyv\u00e4t ik\u00e4toverinsa. L\u00e4hes p\u00e4ivitt\u00e4in k\u00e4ytt\u00e4v\u00e4t nuoret saivat l\u00e4hes nelj\u00e4 kertaa todenn\u00e4k\u00f6isemmin huonoja arvosanoja ja olivat usein et\u00e4\u00e4ntyneit\u00e4 kouluaktiviteeteista.<\/p>\n<p>Tutkijoilla on pari vinkki\u00e4 vanhemmille.<\/p>\n<p>\u201dVarmista, ett\u00e4 he ymm\u00e4rt\u00e4v\u00e4t, ett\u00e4 \u2018luonnollinen\u2019 ei tarkoita \u2018turvallista\u2019\u201d, Sult\u00e1n sanoo.<\/p>\n<p>\u201dVanhempien on my\u00f6s pidett\u00e4v\u00e4 silm\u00e4ll\u00e4 varoitusmerkkej\u00e4, kuten heikentyneet arvosanat, mielialan muutokset tai kiinnostuksen menetys harrastuksiin, ja otettava huomioon, ett\u00e4 kannabis voi olla yksi syy.\u201d<\/p>\n","protected":false},"excerpt":{"rendered":"Jo satunnainen kannabiksen k\u00e4ytt\u00f6 saattaa aiheuttaa nuorille ongelmia koulussa ja tunne-el\u00e4m\u00e4ss\u00e4, ilmenee tuoreesta tutkimuksesta. Tutkimusartikkeli aiheesta on julkaistu&hellip;\n","protected":false},"author":2,"featured_media":127946,"comment_status":"","ping_status":"","sticky":false,"template":"","format":"standard","meta":{"footnotes":""},"categories":[76],"tags":[4358,79,77,33,31,30,6162,96,99,1346,32,78],"class_list":{"0":"post-127945","1":"post","2":"type-post","3":"status-publish","4":"format-standard","5":"has-post-thumbnail","7":"category-talous","8":"tag-aivot","9":"tag-business","10":"tag-economy","11":"tag-fi","12":"tag-finland","13":"tag-finnish","14":"tag-kannabis","15":"tag-koulutus","16":"tag-lapset","17":"tag-mielenterveys","18":"tag-suomi","19":"tag-talous"},"share_on_mastodon":{"url":"https:\/\/pubeurope.com\/@fi\/115802009964263616","error":""},"_links":{"self":[{"href":"https:\/\/www.europesays.com\/fi\/wp-json\/wp\/v2\/posts\/127945","targetHints":{"allow":["GET"]}}],"collection":[{"href":"https:\/\/www.europesays.com\/fi\/wp-json\/wp\/v2\/posts"}],"about":[{"href":"https:\/\/www.europesays.com\/fi\/wp-json\/wp\/v2\/types\/post"}],"author":[{"embeddable":true,"href":"https:\/\/www.europesays.com\/fi\/wp-json\/wp\/v2\/users\/2"}],"replies":[{"embeddable":true,"href":"https:\/\/www.europesays.com\/fi\/wp-json\/wp\/v2\/comments?post=127945"}],"version-history":[{"count":0,"href":"https:\/\/www.europesays.com\/fi\/wp-json\/wp\/v2\/posts\/127945\/revisions"}],"wp:featuredmedia":[{"embeddable":true,"href":"https:\/\/www.europesays.com\/fi\/wp-json\/wp\/v2\/media\/127946"}],"wp:attachment":[{"href":"https:\/\/www.europesays.com\/fi\/wp-json\/wp\/v2\/media?parent=127945"}],"wp:term":[{"taxonomy":"category","embeddable":true,"href":"https:\/\/www.europesays.com\/fi\/wp-json\/wp\/v2\/categories?post=127945"},{"taxonomy":"post_tag","embeddable":true,"href":"https:\/\/www.europesays.com\/fi\/wp-json\/wp\/v2\/tags?post=127945"}],"curies":[{"name":"wp","href":"https:\/\/api.w.org\/{rel}","templated":true}]}}