{"id":127949,"date":"2025-12-29T08:54:07","date_gmt":"2025-12-29T08:54:07","guid":{"rendered":"https:\/\/www.europesays.com\/fi\/127949\/"},"modified":"2025-12-29T08:54:07","modified_gmt":"2025-12-29T08:54:07","slug":"perussuomalaiset-havisi-oikeuskiistan-paheksutut-vaalimainokset-sai-poistaa","status":"publish","type":"post","link":"https:\/\/www.europesays.com\/fi\/127949\/","title":{"rendered":"Perussuomalaiset h\u00e4visi oikeuskiistan: Paheksutut vaalimainokset sai poistaa"},"content":{"rendered":"<p>Oikeudenk\u00e4ynnit|Korkein oikeus ei my\u00f6nt\u00e4nyt perussuomalaisille valituslupaa.<\/p>\n<p>Lue tiivistelm\u00e4<\/p>\n<p class=\"article-body mb-nof-24 px-nof-16 sndp-summary-bullet-point-font\">Perussuomalaiset h\u00e4visi oikeuskiistan kuntavaalimainoksen poistamisesta, kun korkein oikeus ei my\u00f6nt\u00e4nyt valituslupaa.<\/p>\n<p class=\"article-body mb-nof-24 px-nof-16 sndp-summary-bullet-point-font\">Riita koski sit\u00e4, saiko Helsingin kaupungin liikennelaitos poistaa perussuomalaisten mainoksen bussipys\u00e4keilt\u00e4 ja liikennev\u00e4lineist\u00e4 vuonna 2021.<\/p>\n<p class=\"article-body mb-nof-24 px-nof-16 sndp-summary-bullet-point-font\">Puolue vaati rangaistusta entiselle toimitusjohtaja Ville Lehmuskoskelle virkavelvollisuuden rikkomisesta, mutta vaatimus ei menestynyt miss\u00e4\u00e4n oikeusasteessa.<\/p>\n<p class=\"article-body mb-nof-24 px-nof-16\">Perussuomalaiset h\u00e4visi maanantaina oikeuskiistan kuntavaalimainoksen poistamisesta, kun korkein oikeus p\u00e4\u00e4tti olla my\u00f6nt\u00e4m\u00e4tt\u00e4 asiassa valituslupaa.<\/p>\n<p class=\"article-body mb-nof-24 px-nof-16\">Oikeusprosessi koski sit\u00e4, saiko Helsingin kaupungin liikennelaitos (nykyinen P\u00e4\u00e4kaupunkiseudun kaupunkiliikenne) poistaa perussuomalaisten kuntavaalimainoksen bussipys\u00e4keilt\u00e4\u00e4n ja liikennev\u00e4lineist\u00e4 vuonna 2021.<\/p>\n<p class=\"article-body mb-nof-24 px-nof-16\">Perussuomalaiset vaati oikeudessa rangaistusta Helsingin kaupungin liikennelaitoksen entist\u00e4 toimitusjohtajaa <a class=\"article-personlink\" href=\"https:\/\/www.hs.fi\/haku\/?query=Ville%20Lehmuskoskea\" rel=\"nofollow noopener\" target=\"_blank\">Ville Lehmuskoskea<\/a> vastaan virkavelvollisuuden rikkomisesta tai tuottamuksellisesta virkavelvollisuuden rikkomisesta.<\/p>\n<p class=\"article-body mb-nof-24 px-nof-16\">Puolueen vaatimus ei menestynyt miss\u00e4\u00e4n oikeusasteessa.<\/p>\n<p class=\"article-body mb-nof-24 px-nof-16\">Perussuomalaiset ajoi rikosasiaa oikeudessa itse. Poliisi p\u00e4\u00e4tti asiassa aiemmin, ett\u00e4 se ei aloita tutkintaa.<\/p>\n<p class=\"article-body mb-nof-24 px-nof-16\">Tapaus koski perussuomalaisten asuntojonomainoksia, joita oli esill\u00e4 liikennev\u00e4lineiss\u00e4 ja bussipys\u00e4keill\u00e4 kuntavaalien alla vuonna 2021. Mainoksia saattoi tulkita niin, ett\u00e4 maahanmuuttajia suosittaisiin Helsingin vuokra-asuntojen asukasvalinnoissa.<\/p>\n<p class=\"article-body mb-nof-24 px-nof-16\">Helsingin kaupungin vuokra-asuntoyhti\u00f6n Hekan mukaan mainos sis\u00e4lsi v\u00e4\u00e4r\u00e4\u00e4 tietoa. Heka kommentoi tuoreeltaan vuonna 2021, ettei sill\u00e4 ollut vuokra-asuntojonoa, jossa kukaan voisi kiilata. Asukkaat valittiin yksil\u00f6llisesti tarpeen ja kiireellisyyden perusteella.<\/p>\n<p class=\"article-body mb-nof-24 px-nof-16\">Perussuomalaiset protestoi vaalimainoksen poistamista.<\/p>\n<p class=\"article-body mb-nof-24 px-nof-16\">Oikeudenk\u00e4ynnin aikana puolue t\u00e4smensi, ett\u00e4 ongelmana pidettiin maahanmuuttajien kasvavaa osuutta vuokra-asuntohakemusten kiireellisimm\u00e4ss\u00e4 luokassa.<\/p>\n<p class=\"article-body mb-nof-24 px-nof-16\">Helsingin k\u00e4r\u00e4j\u00e4oikeus hylk\u00e4si toukokuussa 2024 perussuomalaisten vaatimukset rangaista Ville Lehmuskoskea.<\/p>\n<p class=\"article-body mb-nof-24 px-nof-16\">Liikennelaitoksella oli mainospaikkojen hallinnasta sopimus JCDecauxin kanssa. Oikeus katsoi tuomiossaan, ett\u00e4 Helsingin kaupungin liikennelaitos ja JCDecaux ovat sopimusvapauden sallimissa rajoissa voineet poistaa mainokset, jos ne aiheuttivat yleist\u00e4 paheksuntaa.<\/p>\n<p class=\"article-body mb-nof-24 px-nof-16\">\u201dLehmuskoski ei ole siten p\u00e4\u00e4tt\u00e4nyt yksipuolisesti perussuomalaisten vaalimainosten poistamisesta\u201d, k\u00e4r\u00e4j\u00e4oikeus perusteli.<\/p>\n<p class=\"article-body mb-nof-24 px-nof-16\">K\u00e4r\u00e4j\u00e4tuomion mukaan on riidatonta, ettei perussuomalaisia kuultu ennen mainosten poistamista eik\u00e4 Lehmuskoski tehnyt asiasta valituskelpoista hallintop\u00e4\u00e4t\u00f6st\u00e4.<\/p>\n<p class=\"article-body mb-nof-24 px-nof-16\">Oikeuden mukaan kirjallisen p\u00e4\u00e4t\u00f6ksen puuttumisella ei ole merkityst\u00e4, koska kyse oli sopimusasiasta, ei hallintoasiasta.<\/p>\n<p class=\"article-body mb-nof-24 px-nof-16\">Perussuomalaiset yritti hakea tuomioon muutosta ylemmiss\u00e4 oikeusasteissa, mutta Helsingin hovioikeus ei my\u00f6nt\u00e4nyt t\u00e4m\u00e4n vuoden tammikuussa jatkok\u00e4sittelylupaa eik\u00e4 korkein oikeus maanantaina valituslupaa.<\/p>\n<p class=\"article-body mb-nof-24 px-nof-16\">Korkeimman oikeuden p\u00e4\u00e4t\u00f6ksen my\u00f6t\u00e4 Lehmuskosken saama vapauttava ratkaisu j\u00e4\u00e4 lainvoimaiseksi.<\/p>\n","protected":false},"excerpt":{"rendered":"Oikeudenk\u00e4ynnit|Korkein oikeus ei my\u00f6nt\u00e4nyt perussuomalaisille valituslupaa. Lue tiivistelm\u00e4 Perussuomalaiset h\u00e4visi oikeuskiistan kuntavaalimainoksen poistamisesta, kun korkein oikeus ei my\u00f6nt\u00e4nyt&hellip;\n","protected":false},"author":2,"featured_media":127950,"comment_status":"","ping_status":"","sticky":false,"template":"","format":"standard","meta":{"footnotes":""},"categories":[12],"tags":[22,23,26,27,33,31,30,17,46,24,25,28,29,15,18,21,32,19,20,16],"class_list":{"0":"post-127949","1":"post","2":"type-post","3":"status-publish","4":"format-standard","5":"has-post-thumbnail","7":"category-suomi","8":"tag-breaking-news","9":"tag-breakingnews","10":"tag-featured-news","11":"tag-featurednews","12":"tag-fi","13":"tag-finland","14":"tag-finnish","15":"tag-headlines","16":"tag-helsingin-sanomat","17":"tag-latest-news","18":"tag-latestnews","19":"tag-main-news","20":"tag-mainnews","21":"tag-news","22":"tag-otsikot","23":"tag-paauutiset","24":"tag-suomi","25":"tag-top-stories","26":"tag-topstories","27":"tag-uutiset"},"share_on_mastodon":{"url":"https:\/\/pubeurope.com\/@fi\/115802017866747033","error":""},"_links":{"self":[{"href":"https:\/\/www.europesays.com\/fi\/wp-json\/wp\/v2\/posts\/127949","targetHints":{"allow":["GET"]}}],"collection":[{"href":"https:\/\/www.europesays.com\/fi\/wp-json\/wp\/v2\/posts"}],"about":[{"href":"https:\/\/www.europesays.com\/fi\/wp-json\/wp\/v2\/types\/post"}],"author":[{"embeddable":true,"href":"https:\/\/www.europesays.com\/fi\/wp-json\/wp\/v2\/users\/2"}],"replies":[{"embeddable":true,"href":"https:\/\/www.europesays.com\/fi\/wp-json\/wp\/v2\/comments?post=127949"}],"version-history":[{"count":0,"href":"https:\/\/www.europesays.com\/fi\/wp-json\/wp\/v2\/posts\/127949\/revisions"}],"wp:featuredmedia":[{"embeddable":true,"href":"https:\/\/www.europesays.com\/fi\/wp-json\/wp\/v2\/media\/127950"}],"wp:attachment":[{"href":"https:\/\/www.europesays.com\/fi\/wp-json\/wp\/v2\/media?parent=127949"}],"wp:term":[{"taxonomy":"category","embeddable":true,"href":"https:\/\/www.europesays.com\/fi\/wp-json\/wp\/v2\/categories?post=127949"},{"taxonomy":"post_tag","embeddable":true,"href":"https:\/\/www.europesays.com\/fi\/wp-json\/wp\/v2\/tags?post=127949"}],"curies":[{"name":"wp","href":"https:\/\/api.w.org\/{rel}","templated":true}]}}