{"id":127951,"date":"2025-12-29T08:55:08","date_gmt":"2025-12-29T08:55:08","guid":{"rendered":"https:\/\/www.europesays.com\/fi\/127951\/"},"modified":"2025-12-29T08:55:08","modified_gmt":"2025-12-29T08:55:08","slug":"kotkan-rakkausviikkoa-vietetaan-jalleen-helmikuussa","status":"publish","type":"post","link":"https:\/\/www.europesays.com\/fi\/127951\/","title":{"rendered":"Kotkan Rakkausviikkoa vietet\u00e4\u00e4n j\u00e4lleen helmikuussa"},"content":{"rendered":"<p>Kotkassa j\u00e4rjestet\u00e4\u00e4n j\u00e4lleen Rakkausviikko 9.\u201315. helmikuuta. Tapahtuman avulla nostetaan esille Kotkan kaupungin arvoja reiluus, rohkeus ja rakkaus.<\/p>\n<p>Rakkausviikon ohjelmaa helmikuussa ovat tuottamassa mm. Kymi Sinfonietta, Maretarium, kaupunginkirjasto, Osallistujien Kotka, Monikulttuurinen toimintakeskus Mylly, Kotkan seudun musiikkiopisto, kaupungin kulttuuri- ja tapahtumapalvelut, Kotkan-Kymin seurakunta, Muistojen Talo, Kotkan kaupunginteatteri ja Kotkan Kauppatie.<\/p>\n<p>Luvassa on mm. konsertteja teatterin Naapuri-n\u00e4ytt\u00e4m\u00f6ll\u00e4 ja Merikeskus Vellamossa, rakkausaiheinen elokuva p\u00e4\u00e4kirjastossa sek\u00e4 uusille kotkalaisille tarkoitettu tapahtuma kaupungintalossa.<\/p>\n<p>Lis\u00e4ksi Kot\u00adka-Ky\u00admin seu\u00adra\u00adkun\u00adta tar\u00adjo\u00adaa mah\u00addol\u00adli\u00adsuut\u00adta j\u00e4r\u00adjes\u00adt\u00e4\u00e4 avi\u00ado\u00adliit\u00adtoon vih\u00adki\u00admi\u00adnen kes\u00adkel\u00adl\u00e4 ar\u00adki\u00adp\u00e4i\u00adv\u00e4\u00e4 Rakkausviikon perjantaina.<\/p>\n<p>Rakkausviikolle kuitenkin mahtuu viel\u00e4 lis\u00e4\u00e4 ohjelmaa ja siit\u00e4 voi ilmoittaa osoitteeseen <a href=\"https:\/\/www.kotka.fi\/2025\/12\/kotkan-rakkausviikkoa-vietetaan-jalleen-helmikuussa\/mailto:viestinta@kotka.fi\" target=\"_blank\" rel=\"noopener nofollow\">viestinta@kotka.fi<\/a>.<\/p>\n","protected":false},"excerpt":{"rendered":"Kotkassa j\u00e4rjestet\u00e4\u00e4n j\u00e4lleen Rakkausviikko 9.\u201315. helmikuuta. Tapahtuman avulla nostetaan esille Kotkan kaupungin arvoja reiluus, rohkeus ja rakkaus. Rakkausviikon&hellip;\n","protected":false},"author":2,"featured_media":127952,"comment_status":"","ping_status":"","sticky":false,"template":"","format":"standard","meta":{"footnotes":""},"categories":[5],"tags":[22,23,26,27,33,31,30,17,24,25,28,29,15,18,21,32,19,20,16],"class_list":{"0":"post-127951","1":"post","2":"type-post","3":"status-publish","4":"format-standard","5":"has-post-thumbnail","7":"category-otsikot","8":"tag-breaking-news","9":"tag-breakingnews","10":"tag-featured-news","11":"tag-featurednews","12":"tag-fi","13":"tag-finland","14":"tag-finnish","15":"tag-headlines","16":"tag-latest-news","17":"tag-latestnews","18":"tag-main-news","19":"tag-mainnews","20":"tag-news","21":"tag-otsikot","22":"tag-paauutiset","23":"tag-suomi","24":"tag-top-stories","25":"tag-topstories","26":"tag-uutiset"},"share_on_mastodon":{"url":"https:\/\/pubeurope.com\/@fi\/115802021714166707","error":""},"_links":{"self":[{"href":"https:\/\/www.europesays.com\/fi\/wp-json\/wp\/v2\/posts\/127951","targetHints":{"allow":["GET"]}}],"collection":[{"href":"https:\/\/www.europesays.com\/fi\/wp-json\/wp\/v2\/posts"}],"about":[{"href":"https:\/\/www.europesays.com\/fi\/wp-json\/wp\/v2\/types\/post"}],"author":[{"embeddable":true,"href":"https:\/\/www.europesays.com\/fi\/wp-json\/wp\/v2\/users\/2"}],"replies":[{"embeddable":true,"href":"https:\/\/www.europesays.com\/fi\/wp-json\/wp\/v2\/comments?post=127951"}],"version-history":[{"count":0,"href":"https:\/\/www.europesays.com\/fi\/wp-json\/wp\/v2\/posts\/127951\/revisions"}],"wp:featuredmedia":[{"embeddable":true,"href":"https:\/\/www.europesays.com\/fi\/wp-json\/wp\/v2\/media\/127952"}],"wp:attachment":[{"href":"https:\/\/www.europesays.com\/fi\/wp-json\/wp\/v2\/media?parent=127951"}],"wp:term":[{"taxonomy":"category","embeddable":true,"href":"https:\/\/www.europesays.com\/fi\/wp-json\/wp\/v2\/categories?post=127951"},{"taxonomy":"post_tag","embeddable":true,"href":"https:\/\/www.europesays.com\/fi\/wp-json\/wp\/v2\/tags?post=127951"}],"curies":[{"name":"wp","href":"https:\/\/api.w.org\/{rel}","templated":true}]}}