{"id":127956,"date":"2025-12-29T09:10:09","date_gmt":"2025-12-29T09:10:09","guid":{"rendered":"https:\/\/www.europesays.com\/fi\/127956\/"},"modified":"2025-12-29T09:10:09","modified_gmt":"2025-12-29T09:10:09","slug":"michelin-tahtia-yliampuvaa-riitelya-ja-ajankuvaa-tassa-ovat-vuoden-2025-parhaat-tv-sarjat-itkin-joka-jaksossa","status":"publish","type":"post","link":"https:\/\/www.europesays.com\/fi\/127956\/","title":{"rendered":"Michelin-t\u00e4hti\u00e4, yliampuvaa riitely\u00e4 ja ajankuvaa \u2013 T\u00e4ss\u00e4 ovat vuoden 2025 parhaat tv-sarjat: \u201dItkin joka jaksossa\u201d"},"content":{"rendered":"<p>                                  Kulttuuri<\/p>\n<p>                <img loading=\"lazy\" decoding=\"async\" itemprop=\"contentUrl\" class=\"figure-img img-fluid\"  src=\"https:\/\/www.europesays.com\/fi\/wp-content\/uploads\/2025\/12\/imengine.public.prod.hil.infomaker.io.jpeg\" width=\"4288\" height=\"2412\"  alt=\"\"\/><\/p>\n<p>                                    Pirjo Lonka (vas.) ja Kari Hietalahti vet\u00e4v\u00e4t j\u00e4lleen tappohauskat roolit kovasanaisena Nixonina (Lonka) ja perinegatiivisena Vennin\u00e4 (Hietalahti).<br \/>\n                                                    Kuva:<br \/>\n                    Jolle Onnismaa, Tack Films<\/p>\n<p>              Ma 29.12.2025 klo 7:00<br \/>\n                  | P\u00e4ivitetty: Ma 29.12.2025 klo 8:56<\/p>\n<p>      MAINOS &#8211; juttu jatkuu mainoksen j\u00e4lkeen<\/p>\n<p>      MAINOS &#8211; mainos p\u00e4\u00e4ttyy<\/p>\n<p class=\"ew-body\"><strong id=\"strong-9dbd9d0411709abfa9568e93fcd75d4f\">Hannu Bj\u00f6rkbacka<\/strong>: T\u00e4n\u00e4 vuonna julkaistiin aikamoinen kattaus hyvi\u00e4 tv-sarjoja. Tarjontaa riitti niin kotimaassa kuin ulkomaillakin. Mielest\u00e4ni parhaat olivat &#8211;<\/p>\n<p class=\"ew-body\"><strong id=\"strong-ca08268301f0fddf7baf7c37fe33cb6e\">Jani Kauta<\/strong>: Odotas nyt! Enk\u00f6 min\u00e4 \u2013 koulutettu k\u00e4sikirjoittaja \u2013 saisi listata sarjapuolen ykk\u00f6set, kun sin\u00e4 sait listata elokuvat?<\/p>\n<p class=\"ew-body\">Hannu Bj\u00f6r<\/p>\n<p>  <a class=\"btn btn-secondary btn-icon-left\" href=\"#coral_thread\"><br \/>\n    <img decoding=\"async\" src=\"https:\/\/www.kainuunsanomat.fi\/wp-content\/themes\/hilla-theme\/assets\/img\/icon_comments.svg\" alt=\"\"\/><br \/>\n    Kommentoi<br \/>\n    \u00a0(0)<br \/>\n  <\/a><\/p>\n<p>  <a class=\"btn btn-secondary btn-icon-left mailto_web\" href=\"mailto:toimitus@kainuunsanomat.fi?subject=Ilmoita%20asiavirheest%C3%A4&amp;body=Otsikko%3A%20Michelin-t%C3%A4hti%C3%A4%2C%20yliampuvaa%20riitely%C3%A4%20ja%20ajankuvaa%20%E2%80%93%20T%C3%A4ss%C3%A4%20ovat%20vuoden%202025%20parhaat%20tv-sarjat%3A%20%E2%80%9DItkin%20joka%20jaksossa%E2%80%9D%0AUuid%3A%20f8db34d3-cb28-4aeb-9c94-11282bad0f84%0AUrl%3A%20https%3A%2F%2Fwww.kainuunsanomat.fi%2Fartikkeli%2Fmichelin-tahtia-yliampuvaa-riitelya-ja-ajankuvaa-tassa-ovat-vuoden-2025-parhaat-tv-sarjat-itkin\"><br \/>\n    <img decoding=\"async\" src=\"https:\/\/www.kainuunsanomat.fi\/wp-content\/themes\/hilla-theme\/assets\/img\/icon_feedback.svg\" alt=\"\"\/><br \/>\n    Ilmoita asiavirheest\u00e4<br \/>\n  <\/a><\/p>\n","protected":false},"excerpt":{"rendered":"Kulttuuri Pirjo Lonka (vas.) ja Kari Hietalahti vet\u00e4v\u00e4t j\u00e4lleen tappohauskat roolit kovasanaisena Nixonina (Lonka) ja perinegatiivisena Vennin\u00e4 (Hietalahti).&hellip;\n","protected":false},"author":2,"featured_media":127957,"comment_status":"","ping_status":"","sticky":false,"template":"","format":"standard","meta":{"footnotes":""},"categories":[133],"tags":[137,33,31,30,32,206,156,109],"class_list":{"0":"post-127956","1":"post","2":"type-post","3":"status-publish","4":"format-standard","5":"has-post-thumbnail","7":"category-televisiot","8":"tag-entertainment","9":"tag-fi","10":"tag-finland","11":"tag-finnish","12":"tag-suomi","13":"tag-televisiot","14":"tag-tv","15":"tag-viihde"},"share_on_mastodon":{"url":"https:\/\/pubeurope.com\/@fi\/115802082467551064","error":""},"_links":{"self":[{"href":"https:\/\/www.europesays.com\/fi\/wp-json\/wp\/v2\/posts\/127956","targetHints":{"allow":["GET"]}}],"collection":[{"href":"https:\/\/www.europesays.com\/fi\/wp-json\/wp\/v2\/posts"}],"about":[{"href":"https:\/\/www.europesays.com\/fi\/wp-json\/wp\/v2\/types\/post"}],"author":[{"embeddable":true,"href":"https:\/\/www.europesays.com\/fi\/wp-json\/wp\/v2\/users\/2"}],"replies":[{"embeddable":true,"href":"https:\/\/www.europesays.com\/fi\/wp-json\/wp\/v2\/comments?post=127956"}],"version-history":[{"count":0,"href":"https:\/\/www.europesays.com\/fi\/wp-json\/wp\/v2\/posts\/127956\/revisions"}],"wp:featuredmedia":[{"embeddable":true,"href":"https:\/\/www.europesays.com\/fi\/wp-json\/wp\/v2\/media\/127957"}],"wp:attachment":[{"href":"https:\/\/www.europesays.com\/fi\/wp-json\/wp\/v2\/media?parent=127956"}],"wp:term":[{"taxonomy":"category","embeddable":true,"href":"https:\/\/www.europesays.com\/fi\/wp-json\/wp\/v2\/categories?post=127956"},{"taxonomy":"post_tag","embeddable":true,"href":"https:\/\/www.europesays.com\/fi\/wp-json\/wp\/v2\/tags?post=127956"}],"curies":[{"name":"wp","href":"https:\/\/api.w.org\/{rel}","templated":true}]}}