{"id":127966,"date":"2025-12-29T09:15:08","date_gmt":"2025-12-29T09:15:08","guid":{"rendered":"https:\/\/www.europesays.com\/fi\/127966\/"},"modified":"2025-12-29T09:15:08","modified_gmt":"2025-12-29T09:15:08","slug":"jussi-69lta-riipaiseva-julkaisu-ajattelen-sinua-joka-paiva","status":"publish","type":"post","link":"https:\/\/www.europesays.com\/fi\/127966\/","title":{"rendered":"Jussi 69:lt\u00e4 riipaiseva julkaisu: \u201dAjattelen sinua joka p\u00e4iv\u00e4\u201d"},"content":{"rendered":"<p>The 69 Eyes -yhtyeen rumpali ik\u00e4v\u00f6i parasta yst\u00e4v\u00e4\u00e4ns\u00e4. Jussi 69:n yst\u00e4v\u00e4 Alexi Laihon kuolemasta tulee 29. joulukuuta kuluneeksi viisi vuotta. <\/p>\n<p><img decoding=\"async\" class=\"image image-show image-preview\" src=\"https:\/\/www.europesays.com\/fi\/wp-content\/uploads\/2025\/12\/d05154e5314d01cd7c06fe0d8577d806bfb12e6429c847de0f8210f38275aac4.jpg\" alt=\"\"\/><img decoding=\"async\" class=\"image image-show\" src=\"https:\/\/www.europesays.com\/fi\/wp-content\/uploads\/2025\/12\/1766999708_521_d05154e5314d01cd7c06fe0d8577d806bfb12e6429c847de0f8210f38275aac4.jpg\" alt=\"\"\/><\/p>\n<p>Jussi 69 menetti parhaan yst\u00e4v\u00e4ns\u00e4 viisi vuotta sitten.  Pete Anikari<\/p>\n<p class=\"paragraph\">Muusikko ja kitaristi <a href=\"https:\/\/www.iltalehti.fi\/henkilot\/Alexi Laiho\" class=\"article-link-person-page\" rel=\"nofollow noopener\" target=\"_blank\">Alexi Laihon<\/a> kuolemasta tulee kuluneeksi t\u00e4n\u00e4\u00e4n 29. joulukuuta viisi vuotta. Children of Bodom -yhtyeest\u00e4 tunnettu Laiho <a href=\"https:\/\/www.iltalehti.fi\/viihdeuutiset\/3a84e54f-2ca0-4245-b5f0-443ef0304df6\" rel=\"nofollow noopener\" target=\"_blank\">oli kuollessaan 41-vuotias<\/a>.<\/p>\n<p class=\"paragraph\">The 69 Eyes -yhtyeen rumpali Jussi 69<strong> <\/strong>muisti yst\u00e4v\u00e4\u00e4ns\u00e4 Instagram-julkaisulla.<\/p>\n<p class=\"paragraph\">Julkaisussa on Jussi 69:st\u00e4 ja Alexi Laihosta useita yhteiskuvia.<\/p>\n<p class=\"paragraph\">\u2013 Sit\u00e4 sanotaan, ett\u00e4 \u201dhaavat paranevat, mutta arvet j\u00e4\u00e4v\u00e4t&#8230;\u201d<\/p>\n<p class=\"paragraph\">\u2013 En v\u00e4lit\u00e4 arvista, mutta kuinkahan monta vuotta t\u00e4m\u00e4n haavan paranemiseen menee&#8230; h\u00e4n kirjoittaa julkaisussaan.<\/p>\n<p class=\"paragraph\">Jos julkaisu ei n\u00e4y, voit katsoa sen <a href=\"https:\/\/www.instagram.com\/p\/DS0-EQcDmw8\/?img_index=1\" rel=\"noopener nofollow\" target=\"_blank\">t\u00e4st\u00e4 linkist\u00e4<\/a>.<\/p>\n<p class=\"paragraph\">\u2013 Ajattelen sinua joka p\u00e4iv\u00e4. Kaipaan sinua. Rakastan sinua, Jussi 69 kirjoittaa.<\/p>\n<p class=\"paragraph\">Yst\u00e4vyksill\u00e4 oli pitk\u00e4 yhteinen historia. N\u00e4in Jussi 69 kuvaili yst\u00e4v\u00e4\u00e4ns\u00e4 <a href=\"https:\/\/www.iltalehti.fi\/viihdeuutiset\/a1a68aeb-6f97-4908-947b-8da642d9a78a\" rel=\"nofollow noopener\" target=\"_blank\">Iltalehdelle<\/a> muutamia p\u00e4ivi\u00e4 Laihon kuoleman j\u00e4lkeen.<\/p>\n<p class=\"paragraph\">\u2013 Alexi oli m\u00e4\u00e4r\u00e4tietoisin, periksi antamattomin ja sinnikk\u00e4in ihminen kenet olen koskaan tavannut, h\u00e4n muisteli.<\/p>\n<p>Alexi Laiho oli kuollessaan 41-vuotias. Jenni G\u00e4stgivar<\/p>\n<p class=\"paragraph\">\u2013 Me ollaan tunnettu 90-luvusta asti. Siit\u00e4 syntyi v\u00e4lit\u00f6n yhteys, joka syveni my\u00f6hemmin niin, ett\u00e4 kyll\u00e4 m\u00e4 kutsuisin h\u00e4nt\u00e4 parhaaksi yst\u00e4v\u00e4kseni, Jussi 69 kertoi tuolloin.<\/p>\n<p class=\"paragraph\">My\u00f6hemmin Jussi 69 on kertonut <a href=\"https:\/\/www.iltalehti.fi\/viihdeuutiset\/77b4f8da-53aa-467d-b3d1-701f03b399f4\" rel=\"nofollow noopener\" target=\"_blank\">Iltalehdelle<\/a>, kuinka Laihon menett\u00e4minen oli yksi h\u00e4nen el\u00e4m\u00e4ns\u00e4 vaikeista asioista.<\/p>\n<p class=\"paragraph\">\u2013 Se oli todella rajua. Aleksi oli melkein joka y\u00f6 unissani tai ajatuksissani, mik\u00e4 ei ollut aluksi kovin kivaa. Mutta nyt se on muuttunut niin, ett\u00e4 muistan kaikki siistit jutut, joita teimme.<\/p>\n<p class=\"paragraph\">\u2013 H\u00e4n oli se, jolle soitin, jos minulla oli paha paikka. Ja sama toisinp\u00e4in. Pystyimme luottamaan siihen, ett\u00e4 toinen auttaa, ja ett\u00e4 asiat pysyv\u00e4t meid\u00e4n kahden v\u00e4lisin\u00e4, Jussi69 kuvaili kaksikon yst\u00e4vyytt\u00e4.<\/p>\n<p class=\"paragraph\">Ennen kuolemaansa Laiho k\u00e4rsi vakavista p\u00e4ihdeongelmista. H\u00e4nen kuolinsyyns\u00e4 oli alkoholin aiheuttama maksan rasvarappeutuminen ja haiman sidekudostuminen.<\/p>\n<p><script async src=\"\/\/www.instagram.com\/embed.js\"><\/script><\/p>\n","protected":false},"excerpt":{"rendered":"The 69 Eyes -yhtyeen rumpali ik\u00e4v\u00f6i parasta yst\u00e4v\u00e4\u00e4ns\u00e4. Jussi 69:n yst\u00e4v\u00e4 Alexi Laihon kuolemasta tulee 29. joulukuuta kuluneeksi&hellip;\n","protected":false},"author":2,"featured_media":127967,"comment_status":"","ping_status":"","sticky":false,"template":"","format":"standard","meta":{"footnotes":""},"categories":[130],"tags":[35,138,137,33,31,30,47,141,694,32,484,109],"class_list":{"0":"post-127966","1":"post","2":"type-post","3":"status-publish","4":"format-standard","5":"has-post-thumbnail","7":"category-viihde","8":"tag-24h","9":"tag-audio","10":"tag-entertainment","11":"tag-fi","12":"tag-finland","13":"tag-finnish","14":"tag-musiikki","15":"tag-muusikot-bandit","16":"tag-paihteet","17":"tag-suomi","18":"tag-taiteellinen-ilmaisu-ja-mediat","19":"tag-viihde"},"share_on_mastodon":{"url":"https:\/\/pubeurope.com\/@fi\/115802100409627713","error":""},"_links":{"self":[{"href":"https:\/\/www.europesays.com\/fi\/wp-json\/wp\/v2\/posts\/127966","targetHints":{"allow":["GET"]}}],"collection":[{"href":"https:\/\/www.europesays.com\/fi\/wp-json\/wp\/v2\/posts"}],"about":[{"href":"https:\/\/www.europesays.com\/fi\/wp-json\/wp\/v2\/types\/post"}],"author":[{"embeddable":true,"href":"https:\/\/www.europesays.com\/fi\/wp-json\/wp\/v2\/users\/2"}],"replies":[{"embeddable":true,"href":"https:\/\/www.europesays.com\/fi\/wp-json\/wp\/v2\/comments?post=127966"}],"version-history":[{"count":0,"href":"https:\/\/www.europesays.com\/fi\/wp-json\/wp\/v2\/posts\/127966\/revisions"}],"wp:featuredmedia":[{"embeddable":true,"href":"https:\/\/www.europesays.com\/fi\/wp-json\/wp\/v2\/media\/127967"}],"wp:attachment":[{"href":"https:\/\/www.europesays.com\/fi\/wp-json\/wp\/v2\/media?parent=127966"}],"wp:term":[{"taxonomy":"category","embeddable":true,"href":"https:\/\/www.europesays.com\/fi\/wp-json\/wp\/v2\/categories?post=127966"},{"taxonomy":"post_tag","embeddable":true,"href":"https:\/\/www.europesays.com\/fi\/wp-json\/wp\/v2\/tags?post=127966"}],"curies":[{"name":"wp","href":"https:\/\/api.w.org\/{rel}","templated":true}]}}