{"id":127972,"date":"2025-12-29T09:20:07","date_gmt":"2025-12-29T09:20:07","guid":{"rendered":"https:\/\/www.europesays.com\/fi\/127972\/"},"modified":"2025-12-29T09:20:07","modified_gmt":"2025-12-29T09:20:07","slug":"tays-keskussairaalan-hoitajantien-pysakointihalli-on-saanut-rakennusluvan","status":"publish","type":"post","link":"https:\/\/www.europesays.com\/fi\/127972\/","title":{"rendered":"Tays Keskussairaalan Hoitajantien pys\u00e4k\u00f6intihalli on saanut rakennusluvan"},"content":{"rendered":"<p><strong><\/p>\n<p>Tampereen kaupunki my\u00f6nsi Tays Keskussairaalan alueelle rakennettavalle Hoitajantien pys\u00e4k\u00f6intihallille rakennusluvan marraskuussa. Rakennuslupa tuli lainvoimaiseksi joulun alla. Hoitajantien pys\u00e4k\u00f6intihalli sijoittuu Arvo Ylp\u00f6n kadulle nykyisen Hoitajantien pys\u00e4k\u00f6intialueen paikalle ja sen rakentamisen on arvioitu k\u00e4ynnistyv\u00e4n kes\u00e4ll\u00e4 2026.<\/p>\n<p><\/strong><\/p>\n<p>Pys\u00e4k\u00f6intihalli\u00a0lis\u00e4\u00e4\u00a0Hoitajantien\u00a0pys\u00e4k\u00f6intialueen\u00a0pys\u00e4k\u00f6intipaikkojen m\u00e4\u00e4r\u00e4\u00e4\u00a0merkitt\u00e4v\u00e4sti.\u00a0Viisikerroksiseen l\u00e4mmitt\u00e4m\u00e4tt\u00f6m\u00e4\u00e4n pys\u00e4k\u00f6intihalliin\u00a0on tulossa\u00a0800 sis\u00e4paikkaa,\u00a0mink\u00e4\u00a0lis\u00e4ksi ulos j\u00e4\u00e4\u00a0viel\u00e4\u00a0200 pys\u00e4k\u00f6intipaikkaa.\u00a0Tavoitteena on, ett\u00e4 pys\u00e4k\u00f6intihalli p\u00e4\u00e4st\u00e4\u00e4n ottamaan k\u00e4ytt\u00f6\u00f6n vuosien 2027\u20132028 vaihteessa.\u00a0\u00a0<\/p>\n<p>Hoitajantien pys\u00e4k\u00f6intihalli rakennetaan\u00a0ensisijaisesti\u00a0Pirkanmaan hyvinvointialueen henkil\u00f6st\u00f6n k\u00e4ytt\u00f6\u00f6n.\u00a0Rakennuksen katolle tehd\u00e4\u00e4n\u00a0aurinkopaneeleille ja ulkoseinustoille varaus s\u00e4hk\u00f6autojen lataukselle\u200b.\u00a0<\/p>\n<p>Hoitajantien pys\u00e4k\u00f6intihallin lis\u00e4ksi\u00a0Tays\u00a0Keskussairaalan\u00a0alueelle\u00a0rakennetaan l\u00e4hivuosina pys\u00e4k\u00f6inti- ja logistiikkarakennus, jolla vastataan erityisesti asiakaspys\u00e4k\u00f6innin tarpeisiin.\u00a0Tavoitteena on rytmitt\u00e4\u00e4 rakentamista niin, ettei alueen uusia pys\u00e4k\u00f6intihalleja rakenneta samanaikaisesti.\u00a0N\u00e4in\u00a0alueen pys\u00e4k\u00f6intitilanne saadaan paremmin turvattua my\u00f6s rakentamisen aikana.\u00a0\u00a0<\/p>\n","protected":false},"excerpt":{"rendered":"Tampereen kaupunki my\u00f6nsi Tays Keskussairaalan alueelle rakennettavalle Hoitajantien pys\u00e4k\u00f6intihallille rakennusluvan marraskuussa. Rakennuslupa tuli lainvoimaiseksi joulun alla. Hoitajantien pys\u00e4k\u00f6intihalli&hellip;\n","protected":false},"author":2,"featured_media":127973,"comment_status":"","ping_status":"","sticky":false,"template":"","format":"standard","meta":{"footnotes":""},"categories":[12],"tags":[22,23,26,27,33,31,30,17,24,25,28,29,15,18,21,32,19,20,16],"class_list":{"0":"post-127972","1":"post","2":"type-post","3":"status-publish","4":"format-standard","5":"has-post-thumbnail","7":"category-suomi","8":"tag-breaking-news","9":"tag-breakingnews","10":"tag-featured-news","11":"tag-featurednews","12":"tag-fi","13":"tag-finland","14":"tag-finnish","15":"tag-headlines","16":"tag-latest-news","17":"tag-latestnews","18":"tag-main-news","19":"tag-mainnews","20":"tag-news","21":"tag-otsikot","22":"tag-paauutiset","23":"tag-suomi","24":"tag-top-stories","25":"tag-topstories","26":"tag-uutiset"},"share_on_mastodon":{"url":"https:\/\/pubeurope.com\/@fi\/115802120116953739","error":""},"_links":{"self":[{"href":"https:\/\/www.europesays.com\/fi\/wp-json\/wp\/v2\/posts\/127972","targetHints":{"allow":["GET"]}}],"collection":[{"href":"https:\/\/www.europesays.com\/fi\/wp-json\/wp\/v2\/posts"}],"about":[{"href":"https:\/\/www.europesays.com\/fi\/wp-json\/wp\/v2\/types\/post"}],"author":[{"embeddable":true,"href":"https:\/\/www.europesays.com\/fi\/wp-json\/wp\/v2\/users\/2"}],"replies":[{"embeddable":true,"href":"https:\/\/www.europesays.com\/fi\/wp-json\/wp\/v2\/comments?post=127972"}],"version-history":[{"count":0,"href":"https:\/\/www.europesays.com\/fi\/wp-json\/wp\/v2\/posts\/127972\/revisions"}],"wp:featuredmedia":[{"embeddable":true,"href":"https:\/\/www.europesays.com\/fi\/wp-json\/wp\/v2\/media\/127973"}],"wp:attachment":[{"href":"https:\/\/www.europesays.com\/fi\/wp-json\/wp\/v2\/media?parent=127972"}],"wp:term":[{"taxonomy":"category","embeddable":true,"href":"https:\/\/www.europesays.com\/fi\/wp-json\/wp\/v2\/categories?post=127972"},{"taxonomy":"post_tag","embeddable":true,"href":"https:\/\/www.europesays.com\/fi\/wp-json\/wp\/v2\/tags?post=127972"}],"curies":[{"name":"wp","href":"https:\/\/api.w.org\/{rel}","templated":true}]}}