{"id":127978,"date":"2025-12-29T09:36:09","date_gmt":"2025-12-29T09:36:09","guid":{"rendered":"https:\/\/www.europesays.com\/fi\/127978\/"},"modified":"2025-12-29T09:36:09","modified_gmt":"2025-12-29T09:36:09","slug":"ensitreffit-alttarilla-ohjelmasta-tuttu-jenni-muurinen-loysi-rakkauden","status":"publish","type":"post","link":"https:\/\/www.europesays.com\/fi\/127978\/","title":{"rendered":"Ensitreffit alttarilla -ohjelmasta tuttu Jenni Muurinen l\u00f6ysi rakkauden"},"content":{"rendered":"<p>            MTV\n        <\/p>\n<p class=\"subtitle \">Raha aiheutti toissa kaudella &#8221;enskareissa&#8221; esiintyneiden Jennin ja Jyrkin v\u00e4lill\u00e4 kismaa.<\/p>\n<p class=\"no_italic m-no_italic article-content article-content-width !bg-background\">Ensitreffit alttarilla -suosikkiformaatin toissa kaudella esiintyiv\u00e4t muun muassa  sek\u00e4 .<\/p>\n<p class=\"article-content article-content-width !bg-background\">Pariskunnan onni oli vaihtelevaa jo ohjelman aikana, mutta viimeisess\u00e4 jaksossa he ilmoittivat jatkavansa suhdettaan.<\/p>\n<p class=\"article-content article-content-width !bg-background\">Vain hetke\u00e4 my\u00f6hemmin Jenni j\u00e4tti kuitenkin &#8221;Jyk\u00e4n&#8221;.<\/p>\n<p>        <a itemprop=\"url\" href=\"https:\/\/www.seiska.fi\/katso\/ensitreffit-alttarilla-asiantuntijalta-yllattava-tieto-viime-kauden-eropareista\/1897383\" rel=\"nofollow noopener\" target=\"_blank\"><\/p>\n<p>\nEnsitreffit alttarilla -asiantuntija:\n<\/p>\n<p class=\"section-date\">\n        <strong class=\"article-section\" data-section=\"katso\"><br \/>\n            katso<br \/>\n        <\/strong><br \/>\n        13.8. 09:15\n    <\/p>\n<p>Ensitreffit alttarilla -asiantuntijalta yll\u00e4tt\u00e4v\u00e4 tieto viime kauden eropareista\n    <\/p>\n<p itemprop=\"description\" class=\"subtitle \">\n    Viime kaudella kaikki sarjan parit p\u00e4\u00e4tyiv\u00e4t avioeroon.\n<\/p>\n<p>        <\/a><\/p>\n<p class=\"article-content article-content-width !bg-background\">Katsojat muistanevat my\u00f6s, ett\u00e4 pariskunnan v\u00e4lille tuli juopa liittyen rahaan.<\/p>\n<p>                <img decoding=\"async\" src=\"https:\/\/www.europesays.com\/fi\/wp-content\/uploads\/2025\/12\/2031686.webp.jpeg\" width=\"576\" height=\"720\" alt=\"Jennin ja 'Jyk\u00e4n' suhde alkoi onnellisten t\u00e4htien alla, mutta pian eteen tulikin vastoink\u00e4ymisi\u00e4.\" loading=\"lazy\" \/>            <\/p>\n<p>\n            Jennin ja &#8221;Jyk\u00e4n&#8221; suhde alkoi onnellisten t\u00e4htien alla, mutta pian eteen tulikin vastoink\u00e4ymisi\u00e4.<br \/>\n            MTV\n        <\/p>\n<p>&#8221;Ei hyv\u00e4\u00e4 p\u00e4iv\u00e4\u00e4!&#8221;<\/p>\n<p class=\"article-content article-content-width !bg-background\">Ohjelmassa kerrottiin, kuinka Jyrkill\u00e4 ei ole vakituista ty\u00f6t\u00e4, vaan h\u00e4n tekee m\u00e4\u00e4r\u00e4aikaisuuksia luokanopettajana.<\/p>\n<p class=\"article-content article-content-width !bg-background\">\u2013 M\u00e4 en ala miss\u00e4\u00e4n nimess\u00e4 ket\u00e4\u00e4n el\u00e4tt\u00e4m\u00e4\u00e4n, mulla ei ole rahkeita sellaiseen! Minullakin on ihan peruspalkka, Jenni kyynelehti loppup\u00e4\u00e4n jaksoissa.<\/p>\n<p class=\"article-content article-content-width !bg-background\">\u2013 En halua, ett\u00e4 minulla tulee sellainen maskuliininen olo siit\u00e4, ett\u00e4 minulla on parempi palkka kuin miehell\u00e4 tai h\u00e4nell\u00e4 ei ole autoa ja min\u00e4 olen se, joka heitt\u00e4\u00e4, hakee, vie, tuo. Ei hyv\u00e4\u00e4 p\u00e4iv\u00e4\u00e4!<\/p>\n<p class=\"article-content article-content-width !bg-background\">Jenni toivoi ohjelmassa, ett\u00e4 Jyrki ottaisi itse\u00e4\u00e4n niskasta kiinni.<\/p>\n<p class=\"article-content article-content-width !bg-background\">Eron j\u00e4lkeen kaksikko ei ole ollut tekemisiss\u00e4 ainakaan viimeisimm\u00e4n tiedon mukaan.<\/p>\n<p class=\"article-content article-content-width !bg-background\">Kumpikaan ei ole my\u00f6sk\u00e4\u00e4n esiintynyt viime aikoina mediassa erityisen paljon.<\/p>\n<p>                <img decoding=\"async\" src=\"https:\/\/www.europesays.com\/fi\/wp-content\/uploads\/2025\/12\/2031689.webp.jpeg\" width=\"576\" height=\"720\" alt=\"Ohjelmassa Jyrki koki omasta mielest\u00e4\u00e4n Jennin puheet v\u00e4h\u00e4ttelyksi.\" loading=\"lazy\" \/>            <\/p>\n<p>\n            Ohjelmassa Jyrki koki omasta mielest\u00e4\u00e4n Jennin puheet v\u00e4h\u00e4ttelyksi.<br \/>\n            MTV\n        <\/p>\n<p>Komea karpaasi<\/p>\n<p class=\"article-content article-content-width !bg-background\">Nyt Suomen jalkapallomaajoukkueen entisen p\u00e4\u00e4valmentajan, , tyt\u00e4r vaikuttaa l\u00f6yt\u00e4neen rakkauden.<\/p>\n<p class=\"article-content article-content-width !bg-background\">Jenni jakoi aiemmin joulukuussa Instagram-tilill\u00e4\u00e4n tunnelmallisen kuvan itsest\u00e4\u00e4n ja komeasta kumppaninsa kanssa.<\/p>\n<p>        <a itemprop=\"url\" href=\"https:\/\/www.seiska.fi\/katso\/is-ensitreffit-jenni-paljastaa-suhdetilanteensa-tapasi-miehen-edelliselta-kaudelta\/1909425\" rel=\"nofollow noopener\" target=\"_blank\"><\/p>\n<p>\nEnsitreffit-Jenni IS:ss\u00e4:\n<\/p>\n<p class=\"section-date\">\n        <strong class=\"article-section\" data-section=\"katso\"><br \/>\n            katso<br \/>\n        <\/strong><br \/>\n        25.8. 13:06\n    <\/p>\n<p>IS: Ensitreffit-Jenni paljastaa suhdetilanteensa \u2013 tapasi miehen edelliselt\u00e4 kaudelta\n    <\/p>\n<p itemprop=\"description\" class=\"subtitle \">\n    Ensitreffit alttarilla -ohjelman edellisell\u00e4 kaudella mukana ollut Jenni her\u00e4tti katsojissa vahvoja tunteita.\n<\/p>\n<p>        <\/a><\/p>\n<p class=\"article-content article-content-width !bg-background\">Kaksikko nojaa toisiinsa Aleksanterinkadulla jouluvaloissa, ja taustalla n\u00e4kyy muun muassa K\u00e4mp.<\/p>\n<p class=\"article-content article-content-width !bg-background\">Jenni on laittanut kuvan yhteyteen vain ytimekk\u00e4\u00e4sti syd\u00e4nemojin.<\/p>\n<p>                <img decoding=\"async\" src=\"https:\/\/www.europesays.com\/fi\/wp-content\/uploads\/2025\/12\/2031691.webp.jpeg\" width=\"576\" height=\"322\" alt=\"Jenni ja Jyrki p\u00e4\u00e4ttiv\u00e4t jatkaa ohjelman lopuksi yhdess\u00e4 matkaa, mutta l\u00e4hes v\u00e4litt\u00f6m\u00e4sti Jenni p\u00e4\u00e4ttikin, ett\u00e4 haluaa erota.\" loading=\"lazy\" \/>            <\/p>\n<p>\n            Jenni ja Jyrki p\u00e4\u00e4ttiv\u00e4t jatkaa ohjelman lopuksi yhdess\u00e4 matkaa, mutta l\u00e4hes v\u00e4litt\u00f6m\u00e4sti Jenni p\u00e4\u00e4ttikin, ett\u00e4 haluaa erota.<br \/>\n            MTV\n        <\/p>\n<p>Hempeily\u00e4 ja pussailua<\/p>\n<p class=\"article-content article-content-width !bg-background\">Joulupyhin\u00e4 Jenni jakoi stooreita Thaimaan auringon alta Phuketista.<\/p>\n<p class=\"article-content article-content-width !bg-background\">Yhdess\u00e4 kuvassa pariskunta hempeilee rannalla auringonlaskun aikaan.<\/p>\n<p>        <a itemprop=\"url\" href=\"https:\/\/www.seiska.fi\/katso\/mtv-ensitreffit-jenni-unohti-eron-saman-tien\/1539148\" rel=\"nofollow noopener\" target=\"_blank\"><\/p>\n<p class=\"section-date\">\n        <strong class=\"article-section\" data-section=\"katso\"><br \/>\n            katso<br \/>\n        <\/strong><br \/>\n        2.12.2024 17:15\n    <\/p>\n<p>MTV: Ensitreffit-Jenni unohti eron saman tien\n    <\/p>\n<p itemprop=\"description\" class=\"subtitle \">\n    Ensitreffit alttarilla -ohjelmassa n\u00e4hty Jenni ei j\u00e4\u00e4nyt murehtimaan p\u00e4\u00e4ttynytt\u00e4 liittoaan.\n<\/p>\n<p>        <\/a><\/p>\n<p class=\"article-content article-content-width !bg-background\">Toisessa stoorissa on kuvakollaasi, jossa muun muassa makoillaan rantatuolilla, pusutellaan uima-altaalla sek\u00e4 k\u00e4vell\u00e4\u00e4n hiekkarannalla.<\/p>\n<p class=\"article-content article-content-width !bg-background\">\u2013 T\u00e4ydellinen minireissu, Jenni kirjoitti kuvakollaasin yhteyteen.<\/p>\n<p class=\"article-content article-content-width !bg-background\">Katson tietojen mukaan Jennin komea mies on lent\u00e4j\u00e4, ja kuin kohtalona \u2013 on my\u00f6s miehen sukunimi Muurinen.<\/p>\n<p class=\"article-content article-content-width !bg-background\">Katso yritti tavoitella Jenni\u00e4 tuoreen onnensa tiimoilta, mutta turhaan.<\/p>\n","protected":false},"excerpt":{"rendered":"MTV Raha aiheutti toissa kaudella &#8221;enskareissa&#8221; esiintyneiden Jennin ja Jyrkin v\u00e4lill\u00e4 kismaa. Ensitreffit alttarilla -suosikkiformaatin toissa kaudella esiintyiv\u00e4t&hellip;\n","protected":false},"author":2,"featured_media":127979,"comment_status":"","ping_status":"","sticky":false,"template":"","format":"standard","meta":{"footnotes":""},"categories":[133],"tags":[22722,1657,137,33,31,30,6239,22723,1311,32,206,156,109],"class_list":{"0":"post-127978","1":"post","2":"type-post","3":"status-publish","4":"format-standard","5":"has-post-thumbnail","7":"category-televisiot","8":"tag-antti-muurinen","9":"tag-ensitreffit-alttarilla","10":"tag-entertainment","11":"tag-fi","12":"tag-finland","13":"tag-finnish","14":"tag-jenni-muurinen","15":"tag-jyrki-kauppinen","16":"tag-rakkaus","17":"tag-suomi","18":"tag-televisiot","19":"tag-tv","20":"tag-viihde"},"share_on_mastodon":{"url":"https:\/\/pubeurope.com\/@fi\/115802183017435696","error":""},"_links":{"self":[{"href":"https:\/\/www.europesays.com\/fi\/wp-json\/wp\/v2\/posts\/127978","targetHints":{"allow":["GET"]}}],"collection":[{"href":"https:\/\/www.europesays.com\/fi\/wp-json\/wp\/v2\/posts"}],"about":[{"href":"https:\/\/www.europesays.com\/fi\/wp-json\/wp\/v2\/types\/post"}],"author":[{"embeddable":true,"href":"https:\/\/www.europesays.com\/fi\/wp-json\/wp\/v2\/users\/2"}],"replies":[{"embeddable":true,"href":"https:\/\/www.europesays.com\/fi\/wp-json\/wp\/v2\/comments?post=127978"}],"version-history":[{"count":0,"href":"https:\/\/www.europesays.com\/fi\/wp-json\/wp\/v2\/posts\/127978\/revisions"}],"wp:featuredmedia":[{"embeddable":true,"href":"https:\/\/www.europesays.com\/fi\/wp-json\/wp\/v2\/media\/127979"}],"wp:attachment":[{"href":"https:\/\/www.europesays.com\/fi\/wp-json\/wp\/v2\/media?parent=127978"}],"wp:term":[{"taxonomy":"category","embeddable":true,"href":"https:\/\/www.europesays.com\/fi\/wp-json\/wp\/v2\/categories?post=127978"},{"taxonomy":"post_tag","embeddable":true,"href":"https:\/\/www.europesays.com\/fi\/wp-json\/wp\/v2\/tags?post=127978"}],"curies":[{"name":"wp","href":"https:\/\/api.w.org\/{rel}","templated":true}]}}